{"id":2651,"date":"2025-03-12T07:25:01","date_gmt":"2025-03-12T10:25:01","guid":{"rendered":"https:\/\/maisoeste.com.br\/?p=2651"},"modified":"2025-03-12T07:25:02","modified_gmt":"2025-03-12T10:25:02","slug":"cidades-do-oeste-estao-sob-alerta-de-chuvas-intensas","status":"publish","type":"post","link":"https:\/\/maisoeste.com.br\/?p=2651","title":{"rendered":"Cidades do Oeste est\u00e3o sob alerta de chuvas intensas"},"content":{"rendered":"\n<p>O Instituto Nacional de Meteorologia (Inmet) emitiu alerta amarelo de chuvas e ventos intensos para cinco cidades do oeste da Bahia. O alerta foi emitido nesta ter\u00e7a-feira (11) e \u00e9 v\u00e1lido at\u00e9 quarta-feira (12).<\/p>\n\n\n\n<p>As cidades sob aviso s\u00e3o Barreiras, Formosa do Rio Preto, Lu\u00eds Eduardo Magalh\u00e3es, Riach\u00e3o das Neves e S\u00e3o Desid\u00e9rio. A previs\u00e3o \u00e9 de chuvas intensas &#8211; entre 20 e 30 mm\/h ou at\u00e9 50 mm\/dia &#8211; e ventos intensos &#8211; de 40-60 km\/h, sendo a m\u00e9dia comum de 18 km\/h.<\/p>\n\n\n\n<p>H\u00e1 baixo risco de corte de energia el\u00e9trica, queda de galhos de \u00e1rvores, alagamentos e de descargas el\u00e9tricas. A orienta\u00e7\u00e3o \u00e9, em caso de rajadas, n\u00e3o se abrigar debaixo de \u00e1rvores, pois h\u00e1 leve risco de queda e descargas el\u00e9tricas e n\u00e3o estacionar ve\u00edculos pr\u00f3ximos a torres de transmiss\u00e3o e placas de propaganda.<\/p>\n\n\n\n<p>Tamb\u00e9m \u00e9 orientado evitar aparelhos eletr\u00f4nicos ligados \u00e0 tomada. Em caso de emerg\u00eancia, a popula\u00e7\u00e3o pode acionar a Defesa Civil (telefone 199) e o Corpo de Bombeiros (telefone 193).<\/p>\n\n\n\n<p>Fonte\/\/<em>Correio da Bahia<\/em><\/p>\n","protected":false},"excerpt":{"rendered":"<p>O Instituto Nacional de Meteorologia (Inmet) emitiu alerta amarelo de chuvas e ventos intensos para cinco cidades do oeste da Bahia. O alerta foi emitido nesta ter\u00e7a-feira (11) e \u00e9 v\u00e1lido at\u00e9 quarta-feira (12). As cidades sob aviso s\u00e3o Barreiras, Formosa do Rio Preto, Lu\u00eds Eduardo Magalh\u00e3es, Riach\u00e3o das Neves e S\u00e3o Desid\u00e9rio. A previs\u00e3o [&hellip;]<\/p>\n","protected":false},"author":1,"featured_media":2652,"comment_status":"open","ping_status":"closed","sticky":false,"template":"","format":"standard","meta":{"site-sidebar-layout":"default","site-content-layout":"","ast-site-content-layout":"default","site-content-style":"default","site-sidebar-style":"default","ast-global-header-display":"","ast-banner-title-visibility":"","ast-main-header-display":"","ast-hfb-above-header-display":"","ast-hfb-below-header-display":"","ast-hfb-mobile-header-display":"","site-post-title":"","ast-breadcrumbs-content":"","ast-featured-img":"","footer-sml-layout":"","theme-transparent-header-meta":"","adv-header-id-meta":"","stick-header-meta":"","header-above-stick-meta":"","header-main-stick-meta":"","header-below-stick-meta":"","astra-migrate-meta-layouts":"set","ast-page-background-enabled":"default","ast-page-background-meta":{"desktop":{"background-color":"var(--ast-global-color-4)","background-image":"","background-repeat":"repeat","background-position":"center center","background-size":"auto","background-attachment":"scroll","background-type":"","background-media":"","overlay-type":"","overlay-color":"","overlay-opacity":"","overlay-gradient":""},"tablet":{"background-color":"","background-image":"","background-repeat":"repeat","background-position":"center center","background-size":"auto","background-attachment":"scroll","background-type":"","background-media":"","overlay-type":"","overlay-color":"","overlay-opacity":"","overlay-gradient":""},"mobile":{"background-color":"","background-image":"","background-repeat":"repeat","background-position":"center center","background-size":"auto","background-attachment":"scroll","background-type":"","background-media":"","overlay-type":"","overlay-color":"","overlay-opacity":"","overlay-gradient":""}},"ast-content-background-meta":{"desktop":{"background-color":"var(--ast-global-color-5)","background-image":"","background-repeat":"repeat","background-position":"center center","background-size":"auto","background-attachment":"scroll","background-type":"","background-media":"","overlay-type":"","overlay-color":"","overlay-opacity":"","overlay-gradient":""},"tablet":{"background-color":"var(--ast-global-color-5)","background-image":"","background-repeat":"repeat","background-position":"center center","background-size":"auto","background-attachment":"scroll","background-type":"","background-media":"","overlay-type":"","overlay-color":"","overlay-opacity":"","overlay-gradient":""},"mobile":{"background-color":"var(--ast-global-color-5)","background-image":"","background-repeat":"repeat","background-position":"center center","background-size":"auto","background-attachment":"scroll","background-type":"","background-media":"","overlay-type":"","overlay-color":"","overlay-opacity":"","overlay-gradient":""}},"footnotes":""},"categories":[45],"tags":[122],"class_list":["post-2651","post","type-post","status-publish","format-standard","has-post-thumbnail","hentry","category-esportes","tag-manchetes"],"_links":{"self":[{"href":"https:\/\/maisoeste.com.br\/index.php?rest_route=\/wp\/v2\/posts\/2651","targetHints":{"allow":["GET"]}}],"collection":[{"href":"https:\/\/maisoeste.com.br\/index.php?rest_route=\/wp\/v2\/posts"}],"about":[{"href":"https:\/\/maisoeste.com.br\/index.php?rest_route=\/wp\/v2\/types\/post"}],"author":[{"embeddable":true,"href":"https:\/\/maisoeste.com.br\/index.php?rest_route=\/wp\/v2\/users\/1"}],"replies":[{"embeddable":true,"href":"https:\/\/maisoeste.com.br\/index.php?rest_route=%2Fwp%2Fv2%2Fcomments&post=2651"}],"version-history":[{"count":1,"href":"https:\/\/maisoeste.com.br\/index.php?rest_route=\/wp\/v2\/posts\/2651\/revisions"}],"predecessor-version":[{"id":2653,"href":"https:\/\/maisoeste.com.br\/index.php?rest_route=\/wp\/v2\/posts\/2651\/revisions\/2653"}],"wp:featuredmedia":[{"embeddable":true,"href":"https:\/\/maisoeste.com.br\/index.php?rest_route=\/wp\/v2\/media\/2652"}],"wp:attachment":[{"href":"https:\/\/maisoeste.com.br\/index.php?rest_route=%2Fwp%2Fv2%2Fmedia&parent=2651"}],"wp:term":[{"taxonomy":"category","embeddable":true,"href":"https:\/\/maisoeste.com.br\/index.php?rest_route=%2Fwp%2Fv2%2Fcategories&post=2651"},{"taxonomy":"post_tag","embeddable":true,"href":"https:\/\/maisoeste.com.br\/index.php?rest_route=%2Fwp%2Fv2%2Ftags&post=2651"}],"curies":[{"name":"wp","href":"https:\/\/api.w.org\/{rel}","templated":true}]}}