{"id":2991,"date":"2025-03-25T07:33:32","date_gmt":"2025-03-25T10:33:32","guid":{"rendered":"https:\/\/maisoeste.com.br\/?p=2991"},"modified":"2025-03-25T07:33:33","modified_gmt":"2025-03-25T10:33:33","slug":"com-salario-de-r-39-mil-mpf-abre-inscricoes-para-concurso-publico","status":"publish","type":"post","link":"https:\/\/maisoeste.com.br\/?p=2991","title":{"rendered":"Com sal\u00e1rio de R$ 39 mil, MPF abre inscri\u00e7\u00f5es para concurso p\u00fablico"},"content":{"rendered":"\n<p>Est\u00e1 aberta nesta segunda-feira, 24, a inscri\u00e7\u00e3o para o concurso do\u00a0Minist\u00e9rio P\u00fablico Federal\u00a0(MPF). S\u00e3o oferecidas 58 vagas para o cargo de procurador da Rep\u00fablica e contar\u00e1 com sal\u00e1rio inicial de R$ 39.753,22.<\/p>\n\n\n\n<p>A vaga \u00e9 destinada a graduados em Direito com tr\u00eas anos de atividade jur\u00eddica exercida exclusivamente ap\u00f3s a obten\u00e7\u00e3o do diploma. Os interessados devem se inscrever at\u00e9 o dia 22 de abril no<strong><em>\u00a0<a href=\"https:\/\/www.mpf.mp.br\/concursos\/concursos\/procuradores\" target=\"_blank\" rel=\"noreferrer noopener\">site do MPF<\/a><\/em><\/strong>.<\/p>\n\n\n\n<p>O candidato dever\u00e1 acessar a p\u00e1gina do concurso, preencher o formul\u00e1rio de inscri\u00e7\u00e3o, anexar o documento oficial de identifica\u00e7\u00e3o e gerar a guia de recolhimento (GRU) do valor de R$250.<\/p>\n\n\n\n<p>As provas ser\u00e3o divididas em objetivas, subjetivas, orais e de t\u00edtulos. O exame ser\u00e1 aplicado no dia 29 de junho, de acordo com o edital do certame.<\/p>\n\n\n\n<p>Est\u00e1 prevista entre as vagas a reserva de 10% \u00e0s pessoas com defici\u00eancia, 5% para pessoas ind\u00edgenas e 20% para pessoas negras. As localidades das vagas ser\u00e3o definidas pelo Conselho Superior do MPF, ap\u00f3s o resultado do concurso, com possibilidade de cria\u00e7\u00e3o de novas vagas.<\/p>\n\n\n\n<p>As nomea\u00e7\u00f5es est\u00e3o condicionadas \u00e0 disponibilidade or\u00e7ament\u00e1ria e \u00e0 necessidade do servi\u00e7o. A sele\u00e7\u00e3o ser\u00e1 v\u00e1lida por dois anos, podendo ser prorrogada por igual per\u00edodo.<\/p>\n\n\n\n<p>Fonte\/\/A Tarde<\/p>\n","protected":false},"excerpt":{"rendered":"<p>Est\u00e1 aberta nesta segunda-feira, 24, a inscri\u00e7\u00e3o para o concurso do\u00a0Minist\u00e9rio P\u00fablico Federal\u00a0(MPF). S\u00e3o oferecidas 58 vagas para o cargo de procurador da Rep\u00fablica e contar\u00e1 com sal\u00e1rio inicial de R$ 39.753,22. A vaga \u00e9 destinada a graduados em Direito com tr\u00eas anos de atividade jur\u00eddica exercida exclusivamente ap\u00f3s a obten\u00e7\u00e3o do diploma. Os interessados [&hellip;]<\/p>\n","protected":false},"author":1,"featured_media":2992,"comment_status":"open","ping_status":"closed","sticky":false,"template":"","format":"standard","meta":{"site-sidebar-layout":"default","site-content-layout":"","ast-site-content-layout":"default","site-content-style":"default","site-sidebar-style":"default","ast-global-header-display":"","ast-banner-title-visibility":"","ast-main-header-display":"","ast-hfb-above-header-display":"","ast-hfb-below-header-display":"","ast-hfb-mobile-header-display":"","site-post-title":"","ast-breadcrumbs-content":"","ast-featured-img":"","footer-sml-layout":"","theme-transparent-header-meta":"","adv-header-id-meta":"","stick-header-meta":"","header-above-stick-meta":"","header-main-stick-meta":"","header-below-stick-meta":"","astra-migrate-meta-layouts":"set","ast-page-background-enabled":"default","ast-page-background-meta":{"desktop":{"background-color":"var(--ast-global-color-4)","background-image":"","background-repeat":"repeat","background-position":"center center","background-size":"auto","background-attachment":"scroll","background-type":"","background-media":"","overlay-type":"","overlay-color":"","overlay-opacity":"","overlay-gradient":""},"tablet":{"background-color":"","background-image":"","background-repeat":"repeat","background-position":"center center","background-size":"auto","background-attachment":"scroll","background-type":"","background-media":"","overlay-type":"","overlay-color":"","overlay-opacity":"","overlay-gradient":""},"mobile":{"background-color":"","background-image":"","background-repeat":"repeat","background-position":"center center","background-size":"auto","background-attachment":"scroll","background-type":"","background-media":"","overlay-type":"","overlay-color":"","overlay-opacity":"","overlay-gradient":""}},"ast-content-background-meta":{"desktop":{"background-color":"var(--ast-global-color-5)","background-image":"","background-repeat":"repeat","background-position":"center center","background-size":"auto","background-attachment":"scroll","background-type":"","background-media":"","overlay-type":"","overlay-color":"","overlay-opacity":"","overlay-gradient":""},"tablet":{"background-color":"var(--ast-global-color-5)","background-image":"","background-repeat":"repeat","background-position":"center center","background-size":"auto","background-attachment":"scroll","background-type":"","background-media":"","overlay-type":"","overlay-color":"","overlay-opacity":"","overlay-gradient":""},"mobile":{"background-color":"var(--ast-global-color-5)","background-image":"","background-repeat":"repeat","background-position":"center center","background-size":"auto","background-attachment":"scroll","background-type":"","background-media":"","overlay-type":"","overlay-color":"","overlay-opacity":"","overlay-gradient":""}},"footnotes":""},"categories":[4],"tags":[122],"class_list":["post-2991","post","type-post","status-publish","format-standard","has-post-thumbnail","hentry","category-brasil","tag-manchetes"],"_links":{"self":[{"href":"https:\/\/maisoeste.com.br\/index.php?rest_route=\/wp\/v2\/posts\/2991","targetHints":{"allow":["GET"]}}],"collection":[{"href":"https:\/\/maisoeste.com.br\/index.php?rest_route=\/wp\/v2\/posts"}],"about":[{"href":"https:\/\/maisoeste.com.br\/index.php?rest_route=\/wp\/v2\/types\/post"}],"author":[{"embeddable":true,"href":"https:\/\/maisoeste.com.br\/index.php?rest_route=\/wp\/v2\/users\/1"}],"replies":[{"embeddable":true,"href":"https:\/\/maisoeste.com.br\/index.php?rest_route=%2Fwp%2Fv2%2Fcomments&post=2991"}],"version-history":[{"count":1,"href":"https:\/\/maisoeste.com.br\/index.php?rest_route=\/wp\/v2\/posts\/2991\/revisions"}],"predecessor-version":[{"id":2993,"href":"https:\/\/maisoeste.com.br\/index.php?rest_route=\/wp\/v2\/posts\/2991\/revisions\/2993"}],"wp:featuredmedia":[{"embeddable":true,"href":"https:\/\/maisoeste.com.br\/index.php?rest_route=\/wp\/v2\/media\/2992"}],"wp:attachment":[{"href":"https:\/\/maisoeste.com.br\/index.php?rest_route=%2Fwp%2Fv2%2Fmedia&parent=2991"}],"wp:term":[{"taxonomy":"category","embeddable":true,"href":"https:\/\/maisoeste.com.br\/index.php?rest_route=%2Fwp%2Fv2%2Fcategories&post=2991"},{"taxonomy":"post_tag","embeddable":true,"href":"https:\/\/maisoeste.com.br\/index.php?rest_route=%2Fwp%2Fv2%2Ftags&post=2991"}],"curies":[{"name":"wp","href":"https:\/\/api.w.org\/{rel}","templated":true}]}}