{"id":2994,"date":"2025-03-25T07:35:33","date_gmt":"2025-03-25T10:35:33","guid":{"rendered":"https:\/\/maisoeste.com.br\/?p=2994"},"modified":"2025-03-25T07:35:34","modified_gmt":"2025-03-25T10:35:34","slug":"governador-muda-liderancas-da-seguranca-publica-da-bahia","status":"publish","type":"post","link":"https:\/\/maisoeste.com.br\/?p=2994","title":{"rendered":"Governador muda lideran\u00e7as da Seguran\u00e7a P\u00fablica da Bahia"},"content":{"rendered":"\n<p>O governador da Bahia, Jer\u00f4nimo Rodrigues (PT), anunciou, nesta segunda-feira (24), mudan\u00e7as nas lideran\u00e7as de quatro for\u00e7as da Seguran\u00e7a P\u00fablica estadual.<\/p>\n\n\n\n<p>Os nomes foram divulgados durante uma coletiva de imprensa realizada na sede do Centro de Opera\u00e7\u00f5es Especiais da Pol\u00edcia Civil (COE-PC), localizada no Centro Administrativo da Bahia (CAB), em Salvador.<\/p>\n\n\n\n<p>As exonera\u00e7\u00f5es e respectivas nomea\u00e7\u00f5es ser\u00e3o publicadas no Di\u00e1rio Oficial do Estado (DOE) de ter\u00e7a-feira (25). A partir de ent\u00e3o, passam a ter novos gestores a Pol\u00edcia Militar (PM), a Pol\u00edcia Civil (PC), o Corpo de Bombeiros Militar (CBM) e o Departamento de Pol\u00edcia T\u00e9cnica (DPT).<\/p>\n\n\n\n<p><strong>Confira a rela\u00e7\u00e3o abaixo:<\/strong><\/p>\n\n\n\n<ul class=\"wp-block-list\">\n<li><strong>Comandante-geral da PM:<\/strong>\u00a0Ant\u00f4nio Carlos Silva Magalh\u00e3es substitui Paulo Jos\u00e9 Reis de Azevedo Coutinho<\/li>\n\n\n\n<li><strong>Subcomandante-geral da PM:<\/strong>\u00a0Ant\u00f4nio Nascimento Lopes substitui Nilton C\u00e9zar Machado Esp\u00edndola<\/li>\n\n\n\n<li><strong>Delegado-geral da PC:<\/strong>\u00a0Andr\u00e9 Augusto de Mendon\u00e7a Viana substitui Helo\u00edsa Campos de Brito<\/li>\n\n\n\n<li><strong>Delegada-geral adjunta da PC:\u00a0<\/strong>M\u00e1rcia Pereira dos Santos substitui Elaine Nogueira da Silva<\/li>\n\n\n\n<li><strong>Comandante-geral dos Bombeiros:<\/strong>\u00a0Alo\u00edsio Mascarenhas Fernandes substitui Adson Marchesine<\/li>\n\n\n\n<li><strong>Subcomandante-geral dos Bombeiros:<\/strong>\u00a0Jos\u00e9 Ant\u00f4nio Reis substitui Jorge Eduardo Piauhy De Ara\u00fajo<\/li>\n\n\n\n<li><strong>Diretor-geral do DPT:<\/strong>\u00a0Osvaldo Silva substitui Ana Cec\u00edlia Cardoso Bandeira<\/li>\n\n\n\n<li><strong>Diretor-geral adjunto do DPT:<\/strong>\u00a0Maur\u00edcio Mendes substitui Zidalva de Souza Moraes<\/li>\n<\/ul>\n\n\n\n<p>Antes de anunciar as mudan\u00e7as, o governador ressaltou que a sa\u00edda n\u00e3o foi provocada por nenhum desconforto ou desconfian\u00e7a. Segundo ele, \u00e9 normal modificar os quadros.<\/p>\n\n\n\n<p>&#8220;Agrade\u00e7o por esses dois anos e quatro meses de companhia. Expresso a minha total confian\u00e7a, e, como voc\u00eas sabem, aqui n\u00e3o tem nenhuma situa\u00e7\u00e3o de desconforto. \u00c9 natural que essas secretarias, volta e meia, a gente precise modificar. N\u00e3o tem nada de desconfian\u00e7a. Pelo contrario, caminharei junto aos quatro a qualquer momento&#8221;, destacou Jer\u00f4nimo.<\/p>\n\n\n\n<p>O secret\u00e1rio da Seguran\u00e7a P\u00fablica, Marcelo Werner, refor\u00e7ou a parceria entre as lideran\u00e7as para o enfrentamento da viol\u00eancia no estado. \u201cOs esfor\u00e7os continuar\u00e3o para que possamos intensificar o enfrentamento e a diminui\u00e7\u00e3o dos \u00edndices criminais no nosso estado. Confiamos a nossa miss\u00e3o a esses novos dirigentes, que tenho certeza, se dedicar\u00e3o ao m\u00e1ximo para proteger e servir o cidad\u00e3o baiano\u201d, destacou.<\/p>\n\n\n\n<p>Fonte\/\/G1<\/p>\n","protected":false},"excerpt":{"rendered":"<p>O governador da Bahia, Jer\u00f4nimo Rodrigues (PT), anunciou, nesta segunda-feira (24), mudan\u00e7as nas lideran\u00e7as de quatro for\u00e7as da Seguran\u00e7a P\u00fablica estadual. Os nomes foram divulgados durante uma coletiva de imprensa realizada na sede do Centro de Opera\u00e7\u00f5es Especiais da Pol\u00edcia Civil (COE-PC), localizada no Centro Administrativo da Bahia (CAB), em Salvador. As exonera\u00e7\u00f5es e respectivas [&hellip;]<\/p>\n","protected":false},"author":1,"featured_media":2995,"comment_status":"open","ping_status":"closed","sticky":false,"template":"","format":"standard","meta":{"site-sidebar-layout":"default","site-content-layout":"","ast-site-content-layout":"default","site-content-style":"default","site-sidebar-style":"default","ast-global-header-display":"","ast-banner-title-visibility":"","ast-main-header-display":"","ast-hfb-above-header-display":"","ast-hfb-below-header-display":"","ast-hfb-mobile-header-display":"","site-post-title":"","ast-breadcrumbs-content":"","ast-featured-img":"","footer-sml-layout":"","theme-transparent-header-meta":"","adv-header-id-meta":"","stick-header-meta":"","header-above-stick-meta":"","header-main-stick-meta":"","header-below-stick-meta":"","astra-migrate-meta-layouts":"set","ast-page-background-enabled":"default","ast-page-background-meta":{"desktop":{"background-color":"var(--ast-global-color-4)","background-image":"","background-repeat":"repeat","background-position":"center center","background-size":"auto","background-attachment":"scroll","background-type":"","background-media":"","overlay-type":"","overlay-color":"","overlay-opacity":"","overlay-gradient":""},"tablet":{"background-color":"","background-image":"","background-repeat":"repeat","background-position":"center center","background-size":"auto","background-attachment":"scroll","background-type":"","background-media":"","overlay-type":"","overlay-color":"","overlay-opacity":"","overlay-gradient":""},"mobile":{"background-color":"","background-image":"","background-repeat":"repeat","background-position":"center center","background-size":"auto","background-attachment":"scroll","background-type":"","background-media":"","overlay-type":"","overlay-color":"","overlay-opacity":"","overlay-gradient":""}},"ast-content-background-meta":{"desktop":{"background-color":"var(--ast-global-color-5)","background-image":"","background-repeat":"repeat","background-position":"center center","background-size":"auto","background-attachment":"scroll","background-type":"","background-media":"","overlay-type":"","overlay-color":"","overlay-opacity":"","overlay-gradient":""},"tablet":{"background-color":"var(--ast-global-color-5)","background-image":"","background-repeat":"repeat","background-position":"center center","background-size":"auto","background-attachment":"scroll","background-type":"","background-media":"","overlay-type":"","overlay-color":"","overlay-opacity":"","overlay-gradient":""},"mobile":{"background-color":"var(--ast-global-color-5)","background-image":"","background-repeat":"repeat","background-position":"center center","background-size":"auto","background-attachment":"scroll","background-type":"","background-media":"","overlay-type":"","overlay-color":"","overlay-opacity":"","overlay-gradient":""}},"footnotes":""},"categories":[84],"tags":[122],"class_list":["post-2994","post","type-post","status-publish","format-standard","has-post-thumbnail","hentry","category-politica","tag-manchetes"],"_links":{"self":[{"href":"https:\/\/maisoeste.com.br\/index.php?rest_route=\/wp\/v2\/posts\/2994","targetHints":{"allow":["GET"]}}],"collection":[{"href":"https:\/\/maisoeste.com.br\/index.php?rest_route=\/wp\/v2\/posts"}],"about":[{"href":"https:\/\/maisoeste.com.br\/index.php?rest_route=\/wp\/v2\/types\/post"}],"author":[{"embeddable":true,"href":"https:\/\/maisoeste.com.br\/index.php?rest_route=\/wp\/v2\/users\/1"}],"replies":[{"embeddable":true,"href":"https:\/\/maisoeste.com.br\/index.php?rest_route=%2Fwp%2Fv2%2Fcomments&post=2994"}],"version-history":[{"count":1,"href":"https:\/\/maisoeste.com.br\/index.php?rest_route=\/wp\/v2\/posts\/2994\/revisions"}],"predecessor-version":[{"id":2996,"href":"https:\/\/maisoeste.com.br\/index.php?rest_route=\/wp\/v2\/posts\/2994\/revisions\/2996"}],"wp:featuredmedia":[{"embeddable":true,"href":"https:\/\/maisoeste.com.br\/index.php?rest_route=\/wp\/v2\/media\/2995"}],"wp:attachment":[{"href":"https:\/\/maisoeste.com.br\/index.php?rest_route=%2Fwp%2Fv2%2Fmedia&parent=2994"}],"wp:term":[{"taxonomy":"category","embeddable":true,"href":"https:\/\/maisoeste.com.br\/index.php?rest_route=%2Fwp%2Fv2%2Fcategories&post=2994"},{"taxonomy":"post_tag","embeddable":true,"href":"https:\/\/maisoeste.com.br\/index.php?rest_route=%2Fwp%2Fv2%2Ftags&post=2994"}],"curies":[{"name":"wp","href":"https:\/\/api.w.org\/{rel}","templated":true}]}}