{"id":3319,"date":"2025-04-03T07:23:53","date_gmt":"2025-04-03T10:23:53","guid":{"rendered":"https:\/\/maisoeste.com.br\/?p=3319"},"modified":"2025-04-03T07:23:54","modified_gmt":"2025-04-03T10:23:54","slug":"secretaria-de-educacao-de-barreiras-realiza-formacoes-continuadas-para-profissionais-da-rede-de-ensino","status":"publish","type":"post","link":"https:\/\/maisoeste.com.br\/?p=3319","title":{"rendered":"Secretaria de Educa\u00e7\u00e3o de Barreiras realiza forma\u00e7\u00f5es continuadas para profissionais da Rede de Ensino"},"content":{"rendered":"\n<p>Com o compromisso de fortalecer a qualidade da educa\u00e7\u00e3o municipal, a Secretaria de Educa\u00e7\u00e3o de Barreiras deu in\u00edcio, nesta quarta-feira (2), \u00e0s Forma\u00e7\u00f5es Continuadas voltadas aos profissionais da Rede de Ensino. O evento inaugural aconteceu no audit\u00f3rio da Secretaria e contou com a participa\u00e7\u00e3o de professores, gestores e orientadores educacionais.<\/p>\n\n\n\n<p>O programa abranger\u00e1 diversas \u00e1reas do ensino fundamental, contemplando professores de L\u00edngua Portuguesa, Matem\u00e1tica, anos iniciais e anos finais, al\u00e9m dos orientadores educacionais e gestores escolares da rede municipal. A cada quinzena, cerca de 460 profissionais ser\u00e3o beneficiados pelas capacita\u00e7\u00f5es, promovendo um ambiente de aprendizado cont\u00ednuo e aprimoramento das pr\u00e1ticas pedag\u00f3gicas.<\/p>\n\n\n\n<p>Segundo a diretora pedag\u00f3gica da Secretaria de Educa\u00e7\u00e3o, Aldeci Queiroz, a iniciativa reflete o compromisso da gest\u00e3o municipal com a valoriza\u00e7\u00e3o e o desenvolvimento dos profissionais da educa\u00e7\u00e3o, reconhecendo a forma\u00e7\u00e3o cont\u00ednua como um pilar essencial para a evolu\u00e7\u00e3o do ensino p\u00fablico em Barreiras.&nbsp;\u201cSer\u00e3o ofertadas&nbsp;forma\u00e7\u00f5es&nbsp;para coordenadores pedag\u00f3gicos e professores do ensino fundamental, com o objetivo de aprimorar as pr\u00e1ticas educativas, tornando-as mais inovadoras e eficientes. A primeira etapa teve in\u00edcio com os professores de matem\u00e1tica dos anos iniciais, refor\u00e7ando nosso compromisso com a melhoria da aprendizagem nas unidades de ensino\u201d, afirmou.<\/p>\n\n\n\n<p>As forma\u00e7\u00f5es seguir\u00e3o um cronograma estruturado, garantindo que todos os segmentos da educa\u00e7\u00e3o municipal sejam atendidos ao longo do ano. A proposta \u00e9 criar um espa\u00e7o de troca de experi\u00eancias e atualiza\u00e7\u00e3o pedag\u00f3gica, proporcionando aos educadores ferramentas para potencializar o ensino e fortalecer o aprendizado dos alunos.<\/p>\n\n\n\n<p><strong>Dircom<\/strong><\/p>\n","protected":false},"excerpt":{"rendered":"<p>Com o compromisso de fortalecer a qualidade da educa\u00e7\u00e3o municipal, a Secretaria de Educa\u00e7\u00e3o de Barreiras deu in\u00edcio, nesta quarta-feira (2), \u00e0s Forma\u00e7\u00f5es Continuadas voltadas aos profissionais da Rede de Ensino. O evento inaugural aconteceu no audit\u00f3rio da Secretaria e contou com a participa\u00e7\u00e3o de professores, gestores e orientadores educacionais. O programa abranger\u00e1 diversas \u00e1reas [&hellip;]<\/p>\n","protected":false},"author":1,"featured_media":3320,"comment_status":"open","ping_status":"closed","sticky":false,"template":"","format":"standard","meta":{"site-sidebar-layout":"default","site-content-layout":"","ast-site-content-layout":"default","site-content-style":"default","site-sidebar-style":"default","ast-global-header-display":"","ast-banner-title-visibility":"","ast-main-header-display":"","ast-hfb-above-header-display":"","ast-hfb-below-header-display":"","ast-hfb-mobile-header-display":"","site-post-title":"","ast-breadcrumbs-content":"","ast-featured-img":"","footer-sml-layout":"","theme-transparent-header-meta":"","adv-header-id-meta":"","stick-header-meta":"","header-above-stick-meta":"","header-main-stick-meta":"","header-below-stick-meta":"","astra-migrate-meta-layouts":"set","ast-page-background-enabled":"default","ast-page-background-meta":{"desktop":{"background-color":"var(--ast-global-color-4)","background-image":"","background-repeat":"repeat","background-position":"center center","background-size":"auto","background-attachment":"scroll","background-type":"","background-media":"","overlay-type":"","overlay-color":"","overlay-opacity":"","overlay-gradient":""},"tablet":{"background-color":"","background-image":"","background-repeat":"repeat","background-position":"center center","background-size":"auto","background-attachment":"scroll","background-type":"","background-media":"","overlay-type":"","overlay-color":"","overlay-opacity":"","overlay-gradient":""},"mobile":{"background-color":"","background-image":"","background-repeat":"repeat","background-position":"center center","background-size":"auto","background-attachment":"scroll","background-type":"","background-media":"","overlay-type":"","overlay-color":"","overlay-opacity":"","overlay-gradient":""}},"ast-content-background-meta":{"desktop":{"background-color":"var(--ast-global-color-5)","background-image":"","background-repeat":"repeat","background-position":"center center","background-size":"auto","background-attachment":"scroll","background-type":"","background-media":"","overlay-type":"","overlay-color":"","overlay-opacity":"","overlay-gradient":""},"tablet":{"background-color":"var(--ast-global-color-5)","background-image":"","background-repeat":"repeat","background-position":"center center","background-size":"auto","background-attachment":"scroll","background-type":"","background-media":"","overlay-type":"","overlay-color":"","overlay-opacity":"","overlay-gradient":""},"mobile":{"background-color":"var(--ast-global-color-5)","background-image":"","background-repeat":"repeat","background-position":"center center","background-size":"auto","background-attachment":"scroll","background-type":"","background-media":"","overlay-type":"","overlay-color":"","overlay-opacity":"","overlay-gradient":""}},"footnotes":""},"categories":[45],"tags":[122],"class_list":["post-3319","post","type-post","status-publish","format-standard","has-post-thumbnail","hentry","category-esportes","tag-manchetes"],"_links":{"self":[{"href":"https:\/\/maisoeste.com.br\/index.php?rest_route=\/wp\/v2\/posts\/3319","targetHints":{"allow":["GET"]}}],"collection":[{"href":"https:\/\/maisoeste.com.br\/index.php?rest_route=\/wp\/v2\/posts"}],"about":[{"href":"https:\/\/maisoeste.com.br\/index.php?rest_route=\/wp\/v2\/types\/post"}],"author":[{"embeddable":true,"href":"https:\/\/maisoeste.com.br\/index.php?rest_route=\/wp\/v2\/users\/1"}],"replies":[{"embeddable":true,"href":"https:\/\/maisoeste.com.br\/index.php?rest_route=%2Fwp%2Fv2%2Fcomments&post=3319"}],"version-history":[{"count":1,"href":"https:\/\/maisoeste.com.br\/index.php?rest_route=\/wp\/v2\/posts\/3319\/revisions"}],"predecessor-version":[{"id":3321,"href":"https:\/\/maisoeste.com.br\/index.php?rest_route=\/wp\/v2\/posts\/3319\/revisions\/3321"}],"wp:featuredmedia":[{"embeddable":true,"href":"https:\/\/maisoeste.com.br\/index.php?rest_route=\/wp\/v2\/media\/3320"}],"wp:attachment":[{"href":"https:\/\/maisoeste.com.br\/index.php?rest_route=%2Fwp%2Fv2%2Fmedia&parent=3319"}],"wp:term":[{"taxonomy":"category","embeddable":true,"href":"https:\/\/maisoeste.com.br\/index.php?rest_route=%2Fwp%2Fv2%2Fcategories&post=3319"},{"taxonomy":"post_tag","embeddable":true,"href":"https:\/\/maisoeste.com.br\/index.php?rest_route=%2Fwp%2Fv2%2Ftags&post=3319"}],"curies":[{"name":"wp","href":"https:\/\/api.w.org\/{rel}","templated":true}]}}