{"id":3344,"date":"2025-04-03T11:04:35","date_gmt":"2025-04-03T14:04:35","guid":{"rendered":"https:\/\/maisoeste.com.br\/?p=3344"},"modified":"2025-04-03T11:04:50","modified_gmt":"2025-04-03T14:04:50","slug":"em-salvador-ronaldo-caiado-se-reune-com-ruralistas-baianos","status":"publish","type":"post","link":"https:\/\/maisoeste.com.br\/?p=3344","title":{"rendered":"Em Salvador, Ronaldo Caiado se re\u00fane com ruralistas baianos"},"content":{"rendered":"\n<p>O governador de Goi\u00e1s, Ronaldo Caiado (Uni\u00e3o Brasil), est\u00e1 na capital baiana onde cumpre uma intensa agenda pol\u00edtica. Ap\u00f3s anunciar sua pr\u00e9-candidatura a presid\u00eancia da Rep\u00fablica em 2026, ele visitou, nesta quarta-feira (2), o Sistema Faeb\/Senar, onde foi recepcionado por lideran\u00e7as, empres\u00e1rios do setor agropecu\u00e1rio e produtores rurais de v\u00e1rias regi\u00f5es do estado.<\/p>\n\n\n\n<p>O presidente da Confedera\u00e7\u00e3o da Agricultura e Pecu\u00e1ria do Brasil (CNA), Jo\u00e3o Martins, fez quest\u00e3o de recepcionar o governador e a primeira-dama, Gracinha Caiado, sua conterr\u00e2nea de Feira de Santana.<\/p>\n\n\n\n<p>\u201cNesses \u00faltimos 50 anos n\u00f3s nunca tivemos o pa\u00eds numa situa\u00e7\u00e3o t\u00e3o dif\u00edcil. N\u00e3o \u00e9 s\u00f3 dif\u00edcil economicamente, \u00e9 dif\u00edcil sobretudo porque implantaram no pa\u00eds uma disc\u00f3rdia entre os brasileiros. Pela primeira vez na hist\u00f3ria, n\u00f3s estamos vendo o povo brasileiro dividido, ao meio eu n\u00e3o digo, mas dividido, sem saber o porqu\u00ea da divis\u00e3o, mas, mais do que isso, \u00e9 que n\u00f3s tamb\u00e9m n\u00e3o sabemos onde \u00e9 que n\u00f3s vamos parar com essa divis\u00e3o. Eu acredito que chegou o momento de decidir qual \u00e9 o pa\u00eds que queremos para n\u00f3s, nossos filhos e netos\u201d, avaliou Martins.<\/p>\n\n\n\n<figure class=\"wp-block-image aligncenter size-large is-resized\"><img fetchpriority=\"high\" decoding=\"async\" width=\"1024\" height=\"768\" src=\"https:\/\/maisoeste.com.br\/wp-content\/uploads\/2025\/04\/WhatsApp-Image-2025-04-03-at-10.59.23-1024x768.jpeg\" alt=\"\" class=\"wp-image-3346\" style=\"width:772px;height:auto\" srcset=\"https:\/\/maisoeste.com.br\/wp-content\/uploads\/2025\/04\/WhatsApp-Image-2025-04-03-at-10.59.23-1024x768.jpeg 1024w, https:\/\/maisoeste.com.br\/wp-content\/uploads\/2025\/04\/WhatsApp-Image-2025-04-03-at-10.59.23-300x225.jpeg 300w, https:\/\/maisoeste.com.br\/wp-content\/uploads\/2025\/04\/WhatsApp-Image-2025-04-03-at-10.59.23-768x576.jpeg 768w, https:\/\/maisoeste.com.br\/wp-content\/uploads\/2025\/04\/WhatsApp-Image-2025-04-03-at-10.59.23-1536x1152.jpeg 1536w, https:\/\/maisoeste.com.br\/wp-content\/uploads\/2025\/04\/WhatsApp-Image-2025-04-03-at-10.59.23-600x450.jpeg 600w, https:\/\/maisoeste.com.br\/wp-content\/uploads\/2025\/04\/WhatsApp-Image-2025-04-03-at-10.59.23.jpeg 1600w\" sizes=\"(max-width: 1024px) 100vw, 1024px\" \/><\/figure>\n\n\n\n<p>O anfitri\u00e3o Humberto Miranda, presidente do Sistema Faeb\/Senar, ressaltou a import\u00e2ncia do setor rural para a sociedade brasileira. \u201cNo in\u00edcio dos anos 90, se gastava 90% do sal\u00e1rio m\u00ednimo para fazer a cesta b\u00e1sica. Hoje, se \u00e9 gasto menos de 40% para se colocar alimento na mesa das fam\u00edlias desse Brasil. Isso \u00e9 uma contribui\u00e7\u00e3o direta do setor agropecu\u00e1rio, sobretudo para a popula\u00e7\u00e3o de baixa renda. Quem coloca alimento na mesa do povo brasileiro \u00e9 o produtor rural baiano e brasileiro\u201d, disse ao citar tamb\u00e9m a participa\u00e7\u00e3o econ\u00f4mica do setor que contribui com quase 25% do PIB estadual, com mais de 30% dos empregos e com 51% das exporta\u00e7\u00f5es no estado. \u201cA gente depende da boa pol\u00edtica p\u00fablica para transformar ainda mais a vida da sociedade\u201d, completou.<\/p>\n\n\n\n<p>Caiado, que tamb\u00e9m \u00e9 produtor rural e aluno do Senar, manteve um discurso voltado para o setor e falou sobre seguran\u00e7a no campo e direito \u00e0 propriedade de terra. \u201cEu escolhi a Bahia para vim apresentar a minha pr\u00e9-candidatura e hoje vim pedi as b\u00ean\u00e7\u00e3os ao Senhor do Bonfim e escolhi essa entidade, com a qual tenho muita afinidade, para fazer a minha primeira visita e apresentar o meu nome. A partir deste final de semana j\u00e1 vou estar andando no Brasil, minha prioridade vai ser sair da Bahia e percorrer os nove estados do Nordeste, caminhar aqui, depois eu vou para o Sul e Sudeste, mas eu vou fazer aqui no Nordeste todinho primeiro, pois sou um apaixonado pelo povo nordestino\u201d.<\/p>\n\n\n\n<p>Assessoria<\/p>\n","protected":false},"excerpt":{"rendered":"<p>O governador de Goi\u00e1s, Ronaldo Caiado (Uni\u00e3o Brasil), est\u00e1 na capital baiana onde cumpre uma intensa agenda pol\u00edtica. Ap\u00f3s anunciar sua pr\u00e9-candidatura a presid\u00eancia da Rep\u00fablica em 2026, ele visitou, nesta quarta-feira (2), o Sistema Faeb\/Senar, onde foi recepcionado por lideran\u00e7as, empres\u00e1rios do setor agropecu\u00e1rio e produtores rurais de v\u00e1rias regi\u00f5es do estado. O presidente [&hellip;]<\/p>\n","protected":false},"author":1,"featured_media":3345,"comment_status":"open","ping_status":"closed","sticky":false,"template":"","format":"standard","meta":{"site-sidebar-layout":"default","site-content-layout":"","ast-site-content-layout":"default","site-content-style":"default","site-sidebar-style":"default","ast-global-header-display":"","ast-banner-title-visibility":"","ast-main-header-display":"","ast-hfb-above-header-display":"","ast-hfb-below-header-display":"","ast-hfb-mobile-header-display":"","site-post-title":"","ast-breadcrumbs-content":"","ast-featured-img":"","footer-sml-layout":"","theme-transparent-header-meta":"","adv-header-id-meta":"","stick-header-meta":"","header-above-stick-meta":"","header-main-stick-meta":"","header-below-stick-meta":"","astra-migrate-meta-layouts":"set","ast-page-background-enabled":"default","ast-page-background-meta":{"desktop":{"background-color":"var(--ast-global-color-4)","background-image":"","background-repeat":"repeat","background-position":"center center","background-size":"auto","background-attachment":"scroll","background-type":"","background-media":"","overlay-type":"","overlay-color":"","overlay-opacity":"","overlay-gradient":""},"tablet":{"background-color":"","background-image":"","background-repeat":"repeat","background-position":"center center","background-size":"auto","background-attachment":"scroll","background-type":"","background-media":"","overlay-type":"","overlay-color":"","overlay-opacity":"","overlay-gradient":""},"mobile":{"background-color":"","background-image":"","background-repeat":"repeat","background-position":"center center","background-size":"auto","background-attachment":"scroll","background-type":"","background-media":"","overlay-type":"","overlay-color":"","overlay-opacity":"","overlay-gradient":""}},"ast-content-background-meta":{"desktop":{"background-color":"var(--ast-global-color-5)","background-image":"","background-repeat":"repeat","background-position":"center center","background-size":"auto","background-attachment":"scroll","background-type":"","background-media":"","overlay-type":"","overlay-color":"","overlay-opacity":"","overlay-gradient":""},"tablet":{"background-color":"var(--ast-global-color-5)","background-image":"","background-repeat":"repeat","background-position":"center center","background-size":"auto","background-attachment":"scroll","background-type":"","background-media":"","overlay-type":"","overlay-color":"","overlay-opacity":"","overlay-gradient":""},"mobile":{"background-color":"var(--ast-global-color-5)","background-image":"","background-repeat":"repeat","background-position":"center center","background-size":"auto","background-attachment":"scroll","background-type":"","background-media":"","overlay-type":"","overlay-color":"","overlay-opacity":"","overlay-gradient":""}},"footnotes":""},"categories":[84,1],"tags":[],"class_list":["post-3344","post","type-post","status-publish","format-standard","has-post-thumbnail","hentry","category-politica","category-sem-categoria"],"_links":{"self":[{"href":"https:\/\/maisoeste.com.br\/index.php?rest_route=\/wp\/v2\/posts\/3344","targetHints":{"allow":["GET"]}}],"collection":[{"href":"https:\/\/maisoeste.com.br\/index.php?rest_route=\/wp\/v2\/posts"}],"about":[{"href":"https:\/\/maisoeste.com.br\/index.php?rest_route=\/wp\/v2\/types\/post"}],"author":[{"embeddable":true,"href":"https:\/\/maisoeste.com.br\/index.php?rest_route=\/wp\/v2\/users\/1"}],"replies":[{"embeddable":true,"href":"https:\/\/maisoeste.com.br\/index.php?rest_route=%2Fwp%2Fv2%2Fcomments&post=3344"}],"version-history":[{"count":1,"href":"https:\/\/maisoeste.com.br\/index.php?rest_route=\/wp\/v2\/posts\/3344\/revisions"}],"predecessor-version":[{"id":3347,"href":"https:\/\/maisoeste.com.br\/index.php?rest_route=\/wp\/v2\/posts\/3344\/revisions\/3347"}],"wp:featuredmedia":[{"embeddable":true,"href":"https:\/\/maisoeste.com.br\/index.php?rest_route=\/wp\/v2\/media\/3345"}],"wp:attachment":[{"href":"https:\/\/maisoeste.com.br\/index.php?rest_route=%2Fwp%2Fv2%2Fmedia&parent=3344"}],"wp:term":[{"taxonomy":"category","embeddable":true,"href":"https:\/\/maisoeste.com.br\/index.php?rest_route=%2Fwp%2Fv2%2Fcategories&post=3344"},{"taxonomy":"post_tag","embeddable":true,"href":"https:\/\/maisoeste.com.br\/index.php?rest_route=%2Fwp%2Fv2%2Ftags&post=3344"}],"curies":[{"name":"wp","href":"https:\/\/api.w.org\/{rel}","templated":true}]}}