{"id":3368,"date":"2025-04-04T07:31:28","date_gmt":"2025-04-04T10:31:28","guid":{"rendered":"https:\/\/maisoeste.com.br\/?p=3368"},"modified":"2025-04-04T07:31:29","modified_gmt":"2025-04-04T10:31:29","slug":"assembleia-geral-elege-a-nova-diretoria-da-acrioeste","status":"publish","type":"post","link":"https:\/\/maisoeste.com.br\/?p=3368","title":{"rendered":"Assembleia Geral elege a nova diretoria da ACRIOESTE"},"content":{"rendered":"\n<p>Foi realizado no final da tarde de ontem, 31 de mar\u00e7o de 2025, a Assembleia Geral Ordin\u00e1ria que elegeu as novas diretorias da Associa\u00e7\u00e3o Baiana de Pecu\u00e1ria (Acrioeste) e do Instituto Baiano de Pecu\u00e1ria (IAcrioeste).<\/p>\n\n\n\n<p>Os eleitos comandar\u00e3o os rumos das entidades de mar\u00e7o de 2025 a mar\u00e7o de 2027. Com chapa \u00fanica, aclamada por unanimidade, as novas diretorias assumem com a miss\u00e3o de buscar novas parcerias e fortalecer ainda mais as organiza\u00e7\u00f5es que representam a pecu\u00e1ria baiana.<\/p>\n\n\n\n<p>Segundo Gill Areas Machado, novo presidente da Acrioeste e da IAcrioeste, seu principal objetivo \u00e9 a uni\u00e3o e aglutinamento dos pecuaristas no intuito de perceberem a necessidade de se organizarem e agirem coletivamente. &#8220;Agrade\u00e7o a todos os associados que aceitaram compor a nova diretoria. Acredito que poderemos fazer um grande trabalho. Somos sabedores da potencialidade da pecu\u00e1ria na Bahia, em especial no Oeste do Estado. O ex-presidente j\u00e1 deixou a casa organizada e preparada para que possamos fazer o melhor pelo setor&#8221;, disse Gill Areas Machado.<\/p>\n\n\n\n<p>Para Wagner Barbosa Pamplona, que comandou a associa\u00e7\u00e3o de 2022 a 2025, a Acrioeste, como entidade representativa do setor em todo o Estado da Bahia, \u00e9 fundamental como instrumento em defesa dos criadores e \u00e9 uma voz com muita for\u00e7a, respeito e credibilidade para ser ouvida pelos setores que podem colaborar com o fortalecimento e melhoria da pecu\u00e1ria baiana. &#8220;Essa representatividade que a Acrioeste adquiriu com o passar dos anos, nos credibiliza a dialogar com os mais diversos setores do agroneg\u00f3cio, seja municipal, estadual ou federal. Desejo sucesso a nova diretoria e acredito na Acrioeste como uma grande ferramenta para trazer melhorias e benef\u00edcios aos criadores&#8221;, disse o ex-presidente.<\/p>\n\n\n\n<p><strong>NOVA DIRETORIA 2025\/2027<br>Presidente:<\/strong>\u00a0<em>Gill Areas Machado<\/em><br><strong>Vice-presidente:<\/strong>\u00a0<em>Stefan Zembrod \u00a0<\/em><br><strong>Diretor Secret\u00e1rio:<\/strong>\u00a0<em>Wagner Barbosa Pamplona<\/em><br><strong>Diretor Secret\u00e1rio Adjunto:<\/strong>\u00a0<em>Lu\u00eds Claudio de Souza Paranhos<\/em><br><strong>Diretor Financeiro:<\/strong>\u00a0<em>Joana Resende Paglis Brunoro<\/em><br><strong>Diretor Financeiro Adjunto:<\/strong><em>\u00a0Lucas Reimann dos Santos<\/em><br><strong>Diretor de Eventos:<\/strong>\u00a0<em>Jo\u00e3o Paulo Lucena Oliveira<\/em><br><strong>Diretor de Eventos Adjunto:<\/strong>\u00a0<em>Ant\u00f4nio Balbino de Carvalho Neto<\/em><\/p>\n\n\n\n<p>\u00b7&nbsp;&nbsp;&nbsp;&nbsp;&nbsp;&nbsp;&nbsp;&nbsp;&nbsp;<strong>CONSELHEIROS<\/strong><em><\/em><\/p>\n\n\n\n<p>\u00b7&nbsp;&nbsp;&nbsp;&nbsp;&nbsp;&nbsp;&nbsp;&nbsp;&nbsp;<em>Adelar Geller<\/em><\/p>\n\n\n\n<p>\u00b7&nbsp;&nbsp;&nbsp;&nbsp;&nbsp;&nbsp;&nbsp;&nbsp;&nbsp;<em>\u00c1pio Claudio Rocha Medrado Santos<\/em><\/p>\n\n\n\n<p>\u00b7&nbsp;&nbsp;&nbsp;&nbsp;&nbsp;&nbsp;&nbsp;&nbsp;&nbsp;<em>Carlos Ant\u00f4nio Menezes Leite<\/em><\/p>\n\n\n\n<p>\u00b7&nbsp;&nbsp;&nbsp;&nbsp;&nbsp;&nbsp;&nbsp;&nbsp;&nbsp;<em>Cassio Figueiredo<\/em><\/p>\n\n\n\n<p>\u00b7&nbsp;&nbsp;&nbsp;&nbsp;&nbsp;&nbsp;&nbsp;&nbsp;&nbsp;<em>Cezar Lucena Borges<\/em><\/p>\n\n\n\n<p>\u00b7&nbsp;&nbsp;&nbsp;&nbsp;&nbsp;&nbsp;&nbsp;&nbsp;&nbsp;<em>Davy Urbano Bessa<\/em><\/p>\n\n\n\n<p>\u00b7&nbsp;&nbsp;&nbsp;&nbsp;&nbsp;&nbsp;&nbsp;&nbsp;&nbsp;<em>Fernando Cesar Oliveira Riz\u00e9rio<\/em><\/p>\n\n\n\n<p>\u00b7&nbsp;&nbsp;&nbsp;&nbsp;&nbsp;&nbsp;&nbsp;&nbsp;&nbsp;<em>Jo\u00e3o Jos\u00e9 De Santana<\/em><\/p>\n\n\n\n<p>\u00b7&nbsp;&nbsp;&nbsp;&nbsp;&nbsp;&nbsp;&nbsp;&nbsp;&nbsp;<em>Jos\u00e9 Adauri Santos Mendon\u00e7a<\/em><\/p>\n\n\n\n<p>\u00b7&nbsp;&nbsp;&nbsp;&nbsp;&nbsp;&nbsp;&nbsp;&nbsp;&nbsp;<em>Lu\u00eds Ervino Costa Geller<\/em><\/p>\n\n\n\n<p>\u00b7&nbsp;&nbsp;&nbsp;&nbsp;&nbsp;&nbsp;&nbsp;&nbsp;&nbsp;<em>Mario Cezar Mascarenhas<\/em><\/p>\n\n\n\n<p>\u00b7&nbsp;&nbsp;&nbsp;&nbsp;&nbsp;&nbsp;&nbsp;&nbsp;&nbsp;<em>Maria De Lourdes Silva Souza<\/em><\/p>\n\n\n\n<p>\u00b7&nbsp;&nbsp;&nbsp;&nbsp;&nbsp;&nbsp;&nbsp;&nbsp;&nbsp;<em>Rodrigo Brunoro<\/em><\/p>\n\n\n\n<p>\u00b7&nbsp;&nbsp;&nbsp;&nbsp;&nbsp;&nbsp;&nbsp;&nbsp;&nbsp;<em>Ronaldo Ausone Lupinacci<\/em><\/p>\n\n\n\n<p>\u00b7&nbsp;&nbsp;&nbsp;&nbsp;&nbsp;&nbsp;&nbsp;&nbsp;<br><strong>CONSELHO &nbsp;FISCAL TITULARES<\/strong><br><em>Alvim Lobo Alvim<\/em><\/p>\n\n\n\n<p>\u00b7&nbsp;&nbsp;&nbsp;&nbsp;&nbsp;&nbsp;&nbsp;&nbsp;&nbsp;<em>Lu\u00eds Jos\u00e9 Bastos<\/em><\/p>\n\n\n\n<p>\u00b7&nbsp;&nbsp;&nbsp;&nbsp;&nbsp;&nbsp;&nbsp;&nbsp;&nbsp;<em>Maria De Lourdes Silva Souza<\/em><\/p>\n\n\n\n<p><br><strong>CONSELHO &nbsp;FISCAL SUPLENTES<\/strong><em><br>Cezar Lucena Borges<br>Ot\u00e1vio Dalle Zotte Carvalho<br>Rodrigo Brunoro<\/em><br><br>Imprensa Acrioeste<\/p>\n","protected":false},"excerpt":{"rendered":"<p>Foi realizado no final da tarde de ontem, 31 de mar\u00e7o de 2025, a Assembleia Geral Ordin\u00e1ria que elegeu as novas diretorias da Associa\u00e7\u00e3o Baiana de Pecu\u00e1ria (Acrioeste) e do Instituto Baiano de Pecu\u00e1ria (IAcrioeste). Os eleitos comandar\u00e3o os rumos das entidades de mar\u00e7o de 2025 a mar\u00e7o de 2027. Com chapa \u00fanica, aclamada por [&hellip;]<\/p>\n","protected":false},"author":1,"featured_media":3369,"comment_status":"open","ping_status":"closed","sticky":false,"template":"","format":"standard","meta":{"site-sidebar-layout":"default","site-content-layout":"","ast-site-content-layout":"default","site-content-style":"default","site-sidebar-style":"default","ast-global-header-display":"","ast-banner-title-visibility":"","ast-main-header-display":"","ast-hfb-above-header-display":"","ast-hfb-below-header-display":"","ast-hfb-mobile-header-display":"","site-post-title":"","ast-breadcrumbs-content":"","ast-featured-img":"","footer-sml-layout":"","theme-transparent-header-meta":"","adv-header-id-meta":"","stick-header-meta":"","header-above-stick-meta":"","header-main-stick-meta":"","header-below-stick-meta":"","astra-migrate-meta-layouts":"set","ast-page-background-enabled":"default","ast-page-background-meta":{"desktop":{"background-color":"var(--ast-global-color-4)","background-image":"","background-repeat":"repeat","background-position":"center center","background-size":"auto","background-attachment":"scroll","background-type":"","background-media":"","overlay-type":"","overlay-color":"","overlay-opacity":"","overlay-gradient":""},"tablet":{"background-color":"","background-image":"","background-repeat":"repeat","background-position":"center center","background-size":"auto","background-attachment":"scroll","background-type":"","background-media":"","overlay-type":"","overlay-color":"","overlay-opacity":"","overlay-gradient":""},"mobile":{"background-color":"","background-image":"","background-repeat":"repeat","background-position":"center center","background-size":"auto","background-attachment":"scroll","background-type":"","background-media":"","overlay-type":"","overlay-color":"","overlay-opacity":"","overlay-gradient":""}},"ast-content-background-meta":{"desktop":{"background-color":"var(--ast-global-color-5)","background-image":"","background-repeat":"repeat","background-position":"center center","background-size":"auto","background-attachment":"scroll","background-type":"","background-media":"","overlay-type":"","overlay-color":"","overlay-opacity":"","overlay-gradient":""},"tablet":{"background-color":"var(--ast-global-color-5)","background-image":"","background-repeat":"repeat","background-position":"center center","background-size":"auto","background-attachment":"scroll","background-type":"","background-media":"","overlay-type":"","overlay-color":"","overlay-opacity":"","overlay-gradient":""},"mobile":{"background-color":"var(--ast-global-color-5)","background-image":"","background-repeat":"repeat","background-position":"center center","background-size":"auto","background-attachment":"scroll","background-type":"","background-media":"","overlay-type":"","overlay-color":"","overlay-opacity":"","overlay-gradient":""}},"footnotes":""},"categories":[4],"tags":[122],"class_list":["post-3368","post","type-post","status-publish","format-standard","has-post-thumbnail","hentry","category-brasil","tag-manchetes"],"_links":{"self":[{"href":"https:\/\/maisoeste.com.br\/index.php?rest_route=\/wp\/v2\/posts\/3368","targetHints":{"allow":["GET"]}}],"collection":[{"href":"https:\/\/maisoeste.com.br\/index.php?rest_route=\/wp\/v2\/posts"}],"about":[{"href":"https:\/\/maisoeste.com.br\/index.php?rest_route=\/wp\/v2\/types\/post"}],"author":[{"embeddable":true,"href":"https:\/\/maisoeste.com.br\/index.php?rest_route=\/wp\/v2\/users\/1"}],"replies":[{"embeddable":true,"href":"https:\/\/maisoeste.com.br\/index.php?rest_route=%2Fwp%2Fv2%2Fcomments&post=3368"}],"version-history":[{"count":1,"href":"https:\/\/maisoeste.com.br\/index.php?rest_route=\/wp\/v2\/posts\/3368\/revisions"}],"predecessor-version":[{"id":3370,"href":"https:\/\/maisoeste.com.br\/index.php?rest_route=\/wp\/v2\/posts\/3368\/revisions\/3370"}],"wp:featuredmedia":[{"embeddable":true,"href":"https:\/\/maisoeste.com.br\/index.php?rest_route=\/wp\/v2\/media\/3369"}],"wp:attachment":[{"href":"https:\/\/maisoeste.com.br\/index.php?rest_route=%2Fwp%2Fv2%2Fmedia&parent=3368"}],"wp:term":[{"taxonomy":"category","embeddable":true,"href":"https:\/\/maisoeste.com.br\/index.php?rest_route=%2Fwp%2Fv2%2Fcategories&post=3368"},{"taxonomy":"post_tag","embeddable":true,"href":"https:\/\/maisoeste.com.br\/index.php?rest_route=%2Fwp%2Fv2%2Ftags&post=3368"}],"curies":[{"name":"wp","href":"https:\/\/api.w.org\/{rel}","templated":true}]}}