{"id":3374,"date":"2025-04-04T07:33:24","date_gmt":"2025-04-04T10:33:24","guid":{"rendered":"https:\/\/maisoeste.com.br\/?p=3374"},"modified":"2025-04-04T07:33:25","modified_gmt":"2025-04-04T10:33:25","slug":"i-encontro-da-visibilidade-autista-de-barreiras-marca-o-2-de-abril-na-capital-do-oeste","status":"publish","type":"post","link":"https:\/\/maisoeste.com.br\/?p=3374","title":{"rendered":"I Encontro da Visibilidade Autista de Barreiras marca o 2 de abril na Capital do Oeste"},"content":{"rendered":"\n<p>No Dia Mundial da Conscientiza\u00e7\u00e3o do Autismo, celebrado neste 2 de abril, Barreiras deu um passo significativo na promo\u00e7\u00e3o da inclus\u00e3o e da visibilidade das pessoas autistas. A Prefeitura de Barreiras, por meio da Secretaria de Sa\u00fade atrav\u00e9s do Centro Especializado em Reabilita\u00e7\u00e3o An\u00edbal Barbosa Filho (CER II), al\u00e9m das secretarias de Educa\u00e7\u00e3o, Agricultura e Tecnologia, e Meio Ambiente e Sustentabilidade e mais diversas institui\u00e7\u00f5es, realizaram o I Encontro da Visibilidade Autista de Barreiras, reunindo fam\u00edlias, profissionais e representantes da sociedade civil para fortalecer o debate e disseminar informa\u00e7\u00f5es sobre o Transtorno do Espectro Autista (TEA).<\/p>\n\n\n\n<p>A mobiliza\u00e7\u00e3o aconteceu na Pra\u00e7a Castro Alves e contou com a presen\u00e7a do prefeito Otoniel Teixeira e da primeira-dama Chaliny Matutino; al\u00e9m do secret\u00e1rio de educa\u00e7\u00e3o, Jeferson Barbosa; secret\u00e1ria de Sa\u00fade, Larissa Barbosa, diretora do CER II, Fernanda Delgado; presidente da OAB Subse\u00e7\u00e3o\/Barreiras, Barbara Mariane; reitor da Uninassau, Vladimir Ferreira; presidente da Associa\u00e7\u00e3o de M\u00e3es dos Autistas (Amab), Ilciara Macedo; e a presidente da Associa\u00e7\u00e3o dos Amigos dos Autistas de Barreiras e Regi\u00e3o (AMA), Carla Fi\u00e3es. Participaram ainda a diretora da Casa Otto Willy, Joyce Rasia; e os vereadores Valdemiro Jos\u00e9 e D\u00edciola Baqueiro.<\/p>\n\n\n\n<p>Para este primeiro encontro foi feita uma ampla campanha de publicidade, com v\u00eddeos produzidos pela \u00d4pa! Comunica\u00e7\u00e3o, panfletagem nos sem\u00e1foros, standart&nbsp;em tr\u00eas rotat\u00f3rias da cidade, e ainda, divulga\u00e7\u00e3o em pain\u00e9is de LED em pontos estrat\u00e9gicos. Para a crian\u00e7ada, este 2 de abril foi marcado pela alegria com pipocas, atividades de pinturas faciais e educativas, refor\u00e7ando o tema deste ano: \u201cInforma\u00e7\u00e3o gera empatia, empatia gera respeito\u201d.<\/p>\n\n\n\n<p>A secret\u00e1ria de Sa\u00fade, Larissa Barbosa, enfatizou a import\u00e2ncia da uni\u00e3o entre poder p\u00fablico e a sociedade para fortalecer as pol\u00edticas voltadas \u00e0 comunidade autista. \u201cEste \u00e9 o primeiro evento dessa magnitude em Barreiras para o 2 de abril, reunindo diversos setores para promover conscientiza\u00e7\u00e3o e avan\u00e7os nas pol\u00edticas p\u00fablicas para pessoas autistas e suas fam\u00edlias\u201d, afirmou.<\/p>\n\n\n\n<p>Durante o evento, a presidente da Associa\u00e7\u00e3o de M\u00e3es dos Autistas (Amab), Ilciara Macedo, destacou a import\u00e2ncia da data para ampliar a compreens\u00e3o sobre o autismo e promover o respeito. \u201cSer m\u00e3e de uma pessoa autista \u00e9 uma jornada de aprendizado e desafios di\u00e1rios. Nosso objetivo \u00e9 sensibilizar a sociedade, garantindo que nossos filhos sejam vistos, respeitados e valorizados em sua singularidade\u201d, ressaltou.<\/p>\n\n\n\n<p>Panfletando junto \u00e0s institui\u00e7\u00f5es e \u00e0s fam\u00edlias de autistas no centro de Barreiras, o prefeito Otoniel Teixeira refor\u00e7ou o compromisso da gest\u00e3o com a inclus\u00e3o. \u201cEstamos iniciando um movimento necess\u00e1rio e duradouro para dar visibilidade ao autismo. Nosso papel, como poder p\u00fablico, \u00e9 garantir que essas fam\u00edlias sejam assistidas na sa\u00fade, na educa\u00e7\u00e3o e em todos os servi\u00e7os essenciais. Este evento marca o in\u00edcio de um compromisso cont\u00ednuo de Barreiras com a inclus\u00e3o\u201d, destacou o gestor.<\/p>\n\n\n\n<p>A programa\u00e7\u00e3o do evento segue no s\u00e1bado (5), no Parque Natural Engenheiro Geraldo Rocha, a partir das 14h. Entre as atividades previstas est\u00e3o banho de mangueira, rodas de conversa, piquenique em fam\u00edlia, plantio de mudas, cortes de cabelo e diversas a\u00e7\u00f5es inclusivas, proporcionando um ambiente acolhedor para as crian\u00e7as autistas e suas fam\u00edlias.<\/p>\n\n\n\n<p>Esse I Encontro da Visibilidade Autista conta com a parceria de diversas institui\u00e7\u00f5es, entre elas a Associa\u00e7\u00e3o de Amigos dos Autistas de Barreiras e Regi\u00e3o (Amab), a Casa Otto Willi Autista, o Centro de Aten\u00e7\u00e3o \u00e0 Sa\u00fade Mental (Casm) e cl\u00ednicas especializadas como Aprimorar Cl\u00ednica Multidisciplinar, Stimulus, Casa Ser \u2013 Cl\u00ednica Integrada, Psiconeuro e o Instituto de Fonoaudiologia Avan\u00e7ado da Dra. F\u00e1tima Oliveira. Tamb\u00e9m fazem parte do evento o Instituto Dr. Thayson Oliveira, o Centro de Estudo, Forma\u00e7\u00e3o e Atendimento Educacional Especializado de Barreiras (Cefaee) da Secretaria de Educa\u00e7\u00e3o, e o Instituto Luz Jud\u00f4 e Psicologia.<\/p>\n\n\n\n<p>No campo educacional, a iniciativa conta com o apoio da Uneb e da Uninassau, al\u00e9m da presen\u00e7a da OAB\/Barreiras e da Ag\u00eancia&nbsp;\u00d4pa!, que refor\u00e7am o compromisso com a conscientiza\u00e7\u00e3o e os direitos das pessoas autistas.<\/p>\n\n\n\n<p><strong>Dircom<\/strong><\/p>\n","protected":false},"excerpt":{"rendered":"<p>No Dia Mundial da Conscientiza\u00e7\u00e3o do Autismo, celebrado neste 2 de abril, Barreiras deu um passo significativo na promo\u00e7\u00e3o da inclus\u00e3o e da visibilidade das pessoas autistas. A Prefeitura de Barreiras, por meio da Secretaria de Sa\u00fade atrav\u00e9s do Centro Especializado em Reabilita\u00e7\u00e3o An\u00edbal Barbosa Filho (CER II), al\u00e9m das secretarias de Educa\u00e7\u00e3o, Agricultura e [&hellip;]<\/p>\n","protected":false},"author":1,"featured_media":3375,"comment_status":"open","ping_status":"closed","sticky":false,"template":"","format":"standard","meta":{"site-sidebar-layout":"default","site-content-layout":"","ast-site-content-layout":"default","site-content-style":"default","site-sidebar-style":"default","ast-global-header-display":"","ast-banner-title-visibility":"","ast-main-header-display":"","ast-hfb-above-header-display":"","ast-hfb-below-header-display":"","ast-hfb-mobile-header-display":"","site-post-title":"","ast-breadcrumbs-content":"","ast-featured-img":"","footer-sml-layout":"","theme-transparent-header-meta":"","adv-header-id-meta":"","stick-header-meta":"","header-above-stick-meta":"","header-main-stick-meta":"","header-below-stick-meta":"","astra-migrate-meta-layouts":"set","ast-page-background-enabled":"default","ast-page-background-meta":{"desktop":{"background-color":"var(--ast-global-color-4)","background-image":"","background-repeat":"repeat","background-position":"center center","background-size":"auto","background-attachment":"scroll","background-type":"","background-media":"","overlay-type":"","overlay-color":"","overlay-opacity":"","overlay-gradient":""},"tablet":{"background-color":"","background-image":"","background-repeat":"repeat","background-position":"center center","background-size":"auto","background-attachment":"scroll","background-type":"","background-media":"","overlay-type":"","overlay-color":"","overlay-opacity":"","overlay-gradient":""},"mobile":{"background-color":"","background-image":"","background-repeat":"repeat","background-position":"center center","background-size":"auto","background-attachment":"scroll","background-type":"","background-media":"","overlay-type":"","overlay-color":"","overlay-opacity":"","overlay-gradient":""}},"ast-content-background-meta":{"desktop":{"background-color":"var(--ast-global-color-5)","background-image":"","background-repeat":"repeat","background-position":"center center","background-size":"auto","background-attachment":"scroll","background-type":"","background-media":"","overlay-type":"","overlay-color":"","overlay-opacity":"","overlay-gradient":""},"tablet":{"background-color":"var(--ast-global-color-5)","background-image":"","background-repeat":"repeat","background-position":"center center","background-size":"auto","background-attachment":"scroll","background-type":"","background-media":"","overlay-type":"","overlay-color":"","overlay-opacity":"","overlay-gradient":""},"mobile":{"background-color":"var(--ast-global-color-5)","background-image":"","background-repeat":"repeat","background-position":"center center","background-size":"auto","background-attachment":"scroll","background-type":"","background-media":"","overlay-type":"","overlay-color":"","overlay-opacity":"","overlay-gradient":""}},"footnotes":""},"categories":[45],"tags":[122],"class_list":["post-3374","post","type-post","status-publish","format-standard","has-post-thumbnail","hentry","category-esportes","tag-manchetes"],"_links":{"self":[{"href":"https:\/\/maisoeste.com.br\/index.php?rest_route=\/wp\/v2\/posts\/3374","targetHints":{"allow":["GET"]}}],"collection":[{"href":"https:\/\/maisoeste.com.br\/index.php?rest_route=\/wp\/v2\/posts"}],"about":[{"href":"https:\/\/maisoeste.com.br\/index.php?rest_route=\/wp\/v2\/types\/post"}],"author":[{"embeddable":true,"href":"https:\/\/maisoeste.com.br\/index.php?rest_route=\/wp\/v2\/users\/1"}],"replies":[{"embeddable":true,"href":"https:\/\/maisoeste.com.br\/index.php?rest_route=%2Fwp%2Fv2%2Fcomments&post=3374"}],"version-history":[{"count":1,"href":"https:\/\/maisoeste.com.br\/index.php?rest_route=\/wp\/v2\/posts\/3374\/revisions"}],"predecessor-version":[{"id":3376,"href":"https:\/\/maisoeste.com.br\/index.php?rest_route=\/wp\/v2\/posts\/3374\/revisions\/3376"}],"wp:featuredmedia":[{"embeddable":true,"href":"https:\/\/maisoeste.com.br\/index.php?rest_route=\/wp\/v2\/media\/3375"}],"wp:attachment":[{"href":"https:\/\/maisoeste.com.br\/index.php?rest_route=%2Fwp%2Fv2%2Fmedia&parent=3374"}],"wp:term":[{"taxonomy":"category","embeddable":true,"href":"https:\/\/maisoeste.com.br\/index.php?rest_route=%2Fwp%2Fv2%2Fcategories&post=3374"},{"taxonomy":"post_tag","embeddable":true,"href":"https:\/\/maisoeste.com.br\/index.php?rest_route=%2Fwp%2Fv2%2Ftags&post=3374"}],"curies":[{"name":"wp","href":"https:\/\/api.w.org\/{rel}","templated":true}]}}