{"id":3377,"date":"2025-04-04T07:39:51","date_gmt":"2025-04-04T10:39:51","guid":{"rendered":"https:\/\/maisoeste.com.br\/?p=3377"},"modified":"2025-04-04T08:06:19","modified_gmt":"2025-04-04T11:06:19","slug":"prefeito-otoniel-entrega-iluminacao-cenica-de-importantes-patrimonios-historicos-de-barreiras","status":"publish","type":"post","link":"https:\/\/maisoeste.com.br\/?p=3377","title":{"rendered":"Prefeito Otoniel entrega\u00a0Ilumina\u00e7\u00e3o\u00a0C\u00eanica\u00a0de importantes patrim\u00f4nios hist\u00f3ricos de Barreiras"},"content":{"rendered":"\n<p>A noite desta quarta-feira (2) foi marcada por emo\u00e7\u00e3o e celebra\u00e7\u00e3o em Barreiras. A Prefeitura, em parceria com a concession\u00e1ria Ilumina Barreiras, entregou a ilumina\u00e7\u00e3o c\u00eanica de importantes patrim\u00f4nios hist\u00f3ricos, culturais e religiosos, tornando a cidade ainda mais bela e vibrante. O evento aconteceu em frente \u00e0 Catedral S\u00e3o Jo\u00e3o Batista, que este ano completar\u00e1 100 anos de hist\u00f3ria. A Matriz da cidade recebeu ilumina\u00e7\u00e3o especial na cor azul, em homenagem ao Dia Mundial de Conscientiza\u00e7\u00e3o do Autismo, celebrado na mesma data.<\/p>\n\n\n\n<p>O Ato Administrativo, contou com a presen\u00e7a do prefeito Otoniel Teixeira e da primeira-dama Chaliny Matutino, al\u00e9m de lideran\u00e7as religiosas e pol\u00edticas, como o Bispo Diocesano Dom Moacir Arantes, o secret\u00e1rio e a subsecret\u00e1ria de Infraestrutura, Bruno Castro e Luzenir Santos, o secret\u00e1rio de Cultura e Turismo, Gula, Padre Pedro Felipe, o gerente executivo da Ilumina Barreiras, Alan Pereira, a empres\u00e1ria C\u00e9lia Kumagai e o vereador Valdimiro Jos\u00e9.<\/p>\n\n\n\n<p>A ilumina\u00e7\u00e3o c\u00eanica de importantes patrim\u00f4nios hist\u00f3ricos, culturais e religiosos de Barreiras, \u00e9 um projeto que foi iniciado na gest\u00e3o do ex-prefeito Zito Barbosa, tem como prop\u00f3sito valorizar o patrim\u00f4nio hist\u00f3rico e cultural da cidade, tornando a cidade ainda mais atrativa e tem como objetivo preservar a mem\u00f3ria da Capital do Oeste. A iniciativa \u00e9 coordenada pelas Secretarias de Infraestrutura e Cultura e Turismo. O primeiro pr\u00e9dio hist\u00f3rico a ser contemplado foi a Igreja Santa Terezinha, no Centro Hist\u00f3rico, entregue em 29 de novembro de 2024.<\/p>\n\n\n\n<p>J\u00e1 nesta etapa, foram entregues a ilumina\u00e7\u00e3o da Catedral S\u00e3o Jo\u00e3o Batista, Mercado Cultural Caparrosa, Coreto da Pra\u00e7a Duque de Caxias e Casario da Sertaneja. As pr\u00f3ximas entregas contemplar\u00e3o a Igreja Nossa Senhora da Penha, no Arraial da Penha, e o Santu\u00e1rio Diocesano do Senhor dos Aflitos, no Cantinho. Na Escola Municipal Dr. Jos\u00e9 Costa Borges, Pal\u00e1cio das Artes, Santu\u00e1rio Nossa Senhora do Perp\u00e9tuo Socorro e na Orla do Cais do Rio Grande, a equipe da Ilumina Barreiras est\u00e1 finalizando os trabalhos.<\/p>\n\n\n\n<p>Para o gerente executivo do Ilumina Barreiras, Alan Pereira, o momento \u00e9 de celebra\u00e7\u00e3o. \u201cRealizamos mais de 25 mil trocas de lumin\u00e1rias em LED e hoje entregamos a ilumina\u00e7\u00e3o de sete patrim\u00f4nios hist\u00f3ricos da cidade, tornando Barreiras ainda mais bela e acolhedora\u201d, destacou.<\/p>\n\n\n\n<p>O Bispo Dom Moacir Arantes enfatizou o impacto positivo da ilumina\u00e7\u00e3o c\u00eanica na identidade e espiritualidade da cidade. \u201cA luz tem um significado muito especial para n\u00f3s. Ela n\u00e3o apenas real\u00e7a a beleza dos nossos monumentos, mas tamb\u00e9m ilumina nossa hist\u00f3ria, nossa f\u00e9 e nosso pertencimento. Cada um desses pontos, agora iluminados, representa a dedica\u00e7\u00e3o e a devo\u00e7\u00e3o daqueles que ajudaram a construir esta cidade. Essa ilumina\u00e7\u00e3o tamb\u00e9m nos convida a sermos luz na vida das outras pessoas, para que Barreiras brilhe cada vez mais como um lugar de acolhimento, solidariedade e esperan\u00e7a\u201d, declarou.<\/p>\n\n\n\n<p>Dona Ana de F\u00e1tima, moradora da regi\u00e3o desde 1972, se emocionou ao ver a Catedral S\u00e3o Jo\u00e3o Batista iluminada. \u201cPor tantos anos sonhamos em ver nossa igreja assim, t\u00e3o valorizada e resplandecente. Agora, todas as noites podemos admirar esse monumento hist\u00f3rico com ainda mais encanto\u201d, afirmou.<\/p>\n\n\n\n<p>O prefeito Otoniel Teixeira destacou a relev\u00e2ncia do projeto para Barreiras, pontuando que com essa iniciativa, Barreiras se fortalece como uma cidade que respeita e valoriza sua hist\u00f3ria, promovendo a identidade cultural e o turismo por meio da ilumina\u00e7\u00e3o c\u00eanica de seus principais monumentos.<\/p>\n\n\n\n<p>\u201cEste 2 de abril \u00e9 uma data muito especial para o nosso munic\u00edpio. Al\u00e9m de celebrar o Dia Mundial de Conscientiza\u00e7\u00e3o do Autismo, estamos dando continuidade a um projeto fundamental para a preserva\u00e7\u00e3o do nosso patrim\u00f4nio hist\u00f3rico. Com a ilumina\u00e7\u00e3o da Igreja S\u00e3o Jo\u00e3o Batista e de outros importantes monumentos, refor\u00e7amos nosso compromisso com a cultura e com a hist\u00f3ria da cidade\u201d, declarou.<\/p>\n\n\n\n<p><strong>Dircom<\/strong><\/p>\n","protected":false},"excerpt":{"rendered":"<p>A noite desta quarta-feira (2) foi marcada por emo\u00e7\u00e3o e celebra\u00e7\u00e3o em Barreiras. A Prefeitura, em parceria com a concession\u00e1ria Ilumina Barreiras, entregou a ilumina\u00e7\u00e3o c\u00eanica de importantes patrim\u00f4nios hist\u00f3ricos, culturais e religiosos, tornando a cidade ainda mais bela e vibrante. O evento aconteceu em frente \u00e0 Catedral S\u00e3o Jo\u00e3o Batista, que este ano completar\u00e1 [&hellip;]<\/p>\n","protected":false},"author":1,"featured_media":3378,"comment_status":"open","ping_status":"closed","sticky":false,"template":"","format":"standard","meta":{"site-sidebar-layout":"default","site-content-layout":"","ast-site-content-layout":"default","site-content-style":"default","site-sidebar-style":"default","ast-global-header-display":"","ast-banner-title-visibility":"","ast-main-header-display":"","ast-hfb-above-header-display":"","ast-hfb-below-header-display":"","ast-hfb-mobile-header-display":"","site-post-title":"","ast-breadcrumbs-content":"","ast-featured-img":"","footer-sml-layout":"","theme-transparent-header-meta":"","adv-header-id-meta":"","stick-header-meta":"","header-above-stick-meta":"","header-main-stick-meta":"","header-below-stick-meta":"","astra-migrate-meta-layouts":"set","ast-page-background-enabled":"default","ast-page-background-meta":{"desktop":{"background-color":"var(--ast-global-color-4)","background-image":"","background-repeat":"repeat","background-position":"center center","background-size":"auto","background-attachment":"scroll","background-type":"","background-media":"","overlay-type":"","overlay-color":"","overlay-opacity":"","overlay-gradient":""},"tablet":{"background-color":"","background-image":"","background-repeat":"repeat","background-position":"center center","background-size":"auto","background-attachment":"scroll","background-type":"","background-media":"","overlay-type":"","overlay-color":"","overlay-opacity":"","overlay-gradient":""},"mobile":{"background-color":"","background-image":"","background-repeat":"repeat","background-position":"center center","background-size":"auto","background-attachment":"scroll","background-type":"","background-media":"","overlay-type":"","overlay-color":"","overlay-opacity":"","overlay-gradient":""}},"ast-content-background-meta":{"desktop":{"background-color":"var(--ast-global-color-5)","background-image":"","background-repeat":"repeat","background-position":"center center","background-size":"auto","background-attachment":"scroll","background-type":"","background-media":"","overlay-type":"","overlay-color":"","overlay-opacity":"","overlay-gradient":""},"tablet":{"background-color":"var(--ast-global-color-5)","background-image":"","background-repeat":"repeat","background-position":"center center","background-size":"auto","background-attachment":"scroll","background-type":"","background-media":"","overlay-type":"","overlay-color":"","overlay-opacity":"","overlay-gradient":""},"mobile":{"background-color":"var(--ast-global-color-5)","background-image":"","background-repeat":"repeat","background-position":"center center","background-size":"auto","background-attachment":"scroll","background-type":"","background-media":"","overlay-type":"","overlay-color":"","overlay-opacity":"","overlay-gradient":""}},"footnotes":""},"categories":[45],"tags":[122],"class_list":["post-3377","post","type-post","status-publish","format-standard","has-post-thumbnail","hentry","category-esportes","tag-manchetes"],"_links":{"self":[{"href":"https:\/\/maisoeste.com.br\/index.php?rest_route=\/wp\/v2\/posts\/3377","targetHints":{"allow":["GET"]}}],"collection":[{"href":"https:\/\/maisoeste.com.br\/index.php?rest_route=\/wp\/v2\/posts"}],"about":[{"href":"https:\/\/maisoeste.com.br\/index.php?rest_route=\/wp\/v2\/types\/post"}],"author":[{"embeddable":true,"href":"https:\/\/maisoeste.com.br\/index.php?rest_route=\/wp\/v2\/users\/1"}],"replies":[{"embeddable":true,"href":"https:\/\/maisoeste.com.br\/index.php?rest_route=%2Fwp%2Fv2%2Fcomments&post=3377"}],"version-history":[{"count":2,"href":"https:\/\/maisoeste.com.br\/index.php?rest_route=\/wp\/v2\/posts\/3377\/revisions"}],"predecessor-version":[{"id":3389,"href":"https:\/\/maisoeste.com.br\/index.php?rest_route=\/wp\/v2\/posts\/3377\/revisions\/3389"}],"wp:featuredmedia":[{"embeddable":true,"href":"https:\/\/maisoeste.com.br\/index.php?rest_route=\/wp\/v2\/media\/3378"}],"wp:attachment":[{"href":"https:\/\/maisoeste.com.br\/index.php?rest_route=%2Fwp%2Fv2%2Fmedia&parent=3377"}],"wp:term":[{"taxonomy":"category","embeddable":true,"href":"https:\/\/maisoeste.com.br\/index.php?rest_route=%2Fwp%2Fv2%2Fcategories&post=3377"},{"taxonomy":"post_tag","embeddable":true,"href":"https:\/\/maisoeste.com.br\/index.php?rest_route=%2Fwp%2Fv2%2Ftags&post=3377"}],"curies":[{"name":"wp","href":"https:\/\/api.w.org\/{rel}","templated":true}]}}