{"id":3383,"date":"2025-04-04T07:49:39","date_gmt":"2025-04-04T10:49:39","guid":{"rendered":"https:\/\/maisoeste.com.br\/?p=3383"},"modified":"2025-04-04T07:49:40","modified_gmt":"2025-04-04T10:49:40","slug":"oziel-oliveira-confirma-pre-candidatura-a-deputado-federal","status":"publish","type":"post","link":"https:\/\/maisoeste.com.br\/?p=3383","title":{"rendered":"Oziel Oliveira confirma pr\u00e9-candidatura a deputado federal"},"content":{"rendered":"\n<p>Nesta ter\u00e7a-feira (1\u00ba), o ex-deputado federal e ex-prefeito de Lu\u00eds Eduardo Magalh\u00e3es,\u00a0Oziel Oliveira, confirmou publicamente a\u00a0pr\u00e9-candidatura a deputado federal\u00a0durante audi\u00eancia p\u00fablica da Comiss\u00e3o de Infraestrutura da Assembleia Legislativa da Bahia (ALBA). Ele defendeu a amplia\u00e7\u00e3o da malha a\u00e9rea da regi\u00e3o Oeste e a valoriza\u00e7\u00e3o do aeroporto de Barreiras como ponto estrat\u00e9gico de conex\u00e3o para todo o interior baiano.<\/p>\n\n\n\n<p>Oziel destacou ainda a import\u00e2ncia da estrutura aeroportu\u00e1ria regional para atender \u00e0 demanda crescente do turismo de neg\u00f3cios, que movimenta a economia do Oeste. Ele citou o investimento de\u00a0R$ 30 milh\u00f5es no Aeroporto de Lu\u00eds Eduardo Magalh\u00e3es, por parte do Governo do Estado, fruto de demanda feita por ele junto a produtores e representantes do com\u00e9rcio local.<\/p>\n\n\n\n<p>Durante a audi\u00eancia, o ex-prefeito tamb\u00e9m refor\u00e7ou a necessidade de conex\u00f5es a\u00e9reas partindo de Lu\u00eds Eduardo Magalh\u00e3es para cidades como Bras\u00edlia e Salvador, al\u00e9m da amplia\u00e7\u00e3o da malha a partir do aeroporto de Barreiras, que est\u00e1 passando por obras de reforma e amplia\u00e7\u00e3o pela Secretaria de Infraestrutura da Bahia.<\/p>\n\n\n\n<p>Fonte\/\/TVWEB Barreiras<\/p>\n","protected":false},"excerpt":{"rendered":"<p>Nesta ter\u00e7a-feira (1\u00ba), o ex-deputado federal e ex-prefeito de Lu\u00eds Eduardo Magalh\u00e3es,\u00a0Oziel Oliveira, confirmou publicamente a\u00a0pr\u00e9-candidatura a deputado federal\u00a0durante audi\u00eancia p\u00fablica da Comiss\u00e3o de Infraestrutura da Assembleia Legislativa da Bahia (ALBA). Ele defendeu a amplia\u00e7\u00e3o da malha a\u00e9rea da regi\u00e3o Oeste e a valoriza\u00e7\u00e3o do aeroporto de Barreiras como ponto estrat\u00e9gico de conex\u00e3o para todo [&hellip;]<\/p>\n","protected":false},"author":1,"featured_media":3384,"comment_status":"open","ping_status":"closed","sticky":false,"template":"","format":"standard","meta":{"site-sidebar-layout":"default","site-content-layout":"","ast-site-content-layout":"default","site-content-style":"default","site-sidebar-style":"default","ast-global-header-display":"","ast-banner-title-visibility":"","ast-main-header-display":"","ast-hfb-above-header-display":"","ast-hfb-below-header-display":"","ast-hfb-mobile-header-display":"","site-post-title":"","ast-breadcrumbs-content":"","ast-featured-img":"","footer-sml-layout":"","theme-transparent-header-meta":"","adv-header-id-meta":"","stick-header-meta":"","header-above-stick-meta":"","header-main-stick-meta":"","header-below-stick-meta":"","astra-migrate-meta-layouts":"set","ast-page-background-enabled":"default","ast-page-background-meta":{"desktop":{"background-color":"var(--ast-global-color-4)","background-image":"","background-repeat":"repeat","background-position":"center center","background-size":"auto","background-attachment":"scroll","background-type":"","background-media":"","overlay-type":"","overlay-color":"","overlay-opacity":"","overlay-gradient":""},"tablet":{"background-color":"","background-image":"","background-repeat":"repeat","background-position":"center center","background-size":"auto","background-attachment":"scroll","background-type":"","background-media":"","overlay-type":"","overlay-color":"","overlay-opacity":"","overlay-gradient":""},"mobile":{"background-color":"","background-image":"","background-repeat":"repeat","background-position":"center center","background-size":"auto","background-attachment":"scroll","background-type":"","background-media":"","overlay-type":"","overlay-color":"","overlay-opacity":"","overlay-gradient":""}},"ast-content-background-meta":{"desktop":{"background-color":"var(--ast-global-color-5)","background-image":"","background-repeat":"repeat","background-position":"center center","background-size":"auto","background-attachment":"scroll","background-type":"","background-media":"","overlay-type":"","overlay-color":"","overlay-opacity":"","overlay-gradient":""},"tablet":{"background-color":"var(--ast-global-color-5)","background-image":"","background-repeat":"repeat","background-position":"center center","background-size":"auto","background-attachment":"scroll","background-type":"","background-media":"","overlay-type":"","overlay-color":"","overlay-opacity":"","overlay-gradient":""},"mobile":{"background-color":"var(--ast-global-color-5)","background-image":"","background-repeat":"repeat","background-position":"center center","background-size":"auto","background-attachment":"scroll","background-type":"","background-media":"","overlay-type":"","overlay-color":"","overlay-opacity":"","overlay-gradient":""}},"footnotes":""},"categories":[84],"tags":[122],"class_list":["post-3383","post","type-post","status-publish","format-standard","has-post-thumbnail","hentry","category-politica","tag-manchetes"],"_links":{"self":[{"href":"https:\/\/maisoeste.com.br\/index.php?rest_route=\/wp\/v2\/posts\/3383","targetHints":{"allow":["GET"]}}],"collection":[{"href":"https:\/\/maisoeste.com.br\/index.php?rest_route=\/wp\/v2\/posts"}],"about":[{"href":"https:\/\/maisoeste.com.br\/index.php?rest_route=\/wp\/v2\/types\/post"}],"author":[{"embeddable":true,"href":"https:\/\/maisoeste.com.br\/index.php?rest_route=\/wp\/v2\/users\/1"}],"replies":[{"embeddable":true,"href":"https:\/\/maisoeste.com.br\/index.php?rest_route=%2Fwp%2Fv2%2Fcomments&post=3383"}],"version-history":[{"count":1,"href":"https:\/\/maisoeste.com.br\/index.php?rest_route=\/wp\/v2\/posts\/3383\/revisions"}],"predecessor-version":[{"id":3385,"href":"https:\/\/maisoeste.com.br\/index.php?rest_route=\/wp\/v2\/posts\/3383\/revisions\/3385"}],"wp:featuredmedia":[{"embeddable":true,"href":"https:\/\/maisoeste.com.br\/index.php?rest_route=\/wp\/v2\/media\/3384"}],"wp:attachment":[{"href":"https:\/\/maisoeste.com.br\/index.php?rest_route=%2Fwp%2Fv2%2Fmedia&parent=3383"}],"wp:term":[{"taxonomy":"category","embeddable":true,"href":"https:\/\/maisoeste.com.br\/index.php?rest_route=%2Fwp%2Fv2%2Fcategories&post=3383"},{"taxonomy":"post_tag","embeddable":true,"href":"https:\/\/maisoeste.com.br\/index.php?rest_route=%2Fwp%2Fv2%2Ftags&post=3383"}],"curies":[{"name":"wp","href":"https:\/\/api.w.org\/{rel}","templated":true}]}}