{"id":3512,"date":"2025-04-05T07:01:00","date_gmt":"2025-04-05T10:01:00","guid":{"rendered":"https:\/\/maisoeste.com.br\/?p=3512"},"modified":"2025-04-05T08:02:52","modified_gmt":"2025-04-05T11:02:52","slug":"secretaria-de-assistencia-social-e-trabalho-de-barreiras-esclarece-video-em-circulacao-nas-redes-sociais","status":"publish","type":"post","link":"https:\/\/maisoeste.com.br\/?p=3512","title":{"rendered":"Secretaria de Assist\u00eancia Social e Trabalho de Barreiras esclarece v\u00eddeo em circula\u00e7\u00e3o nas redes sociais"},"content":{"rendered":"\n<p>A Secretaria de Assist\u00eancia Social e Trabalho, vem acompanhando de perto, a situa\u00e7\u00e3o do senhor J. de F., de 56 anos, morador de Barreiras, que teve suas condi\u00e7\u00f5es de moradia retratadas em um v\u00eddeo em circula\u00e7\u00e3o nas redes sociais.<\/p>\n\n\n\n<p>\u00c9 oportuno esclarecer que embora o v\u00eddeo retrate que seu J. de F. esteja vivendo em condi\u00e7\u00f5es prec\u00e1rias, o mesmo sempre contou com os cuidados da Assist\u00eancia Social do Munic\u00edpio. Contudo a aten\u00e7\u00e3o dispensada com o objetivo de melhorar suas condi\u00e7\u00f5es de vida, enfrenta dificuldades em raz\u00e3o do v\u00edcio alco\u00f3lico. Assim sendo, os diversos aux\u00edlios que j\u00e1 foram direcionados ao senhor J. s\u00e3o facilmente descartados ou mal utilizados.&nbsp;<\/p>\n\n\n\n<p>A Secretaria esclarece ainda que o senhor J. de F. \u00e9 benefici\u00e1rio do Programa Bolsa Fam\u00edlia e j\u00e1 foi contemplado com uma moradia no Residencial S\u00e3o Francisco. No entanto, ele desfez do im\u00f3vel e n\u00e3o conseguiu fazer proveito de forma adequada dos recursos auferidos.&nbsp;<\/p>\n\n\n\n<p>A equipe do Servi\u00e7o de Prote\u00e7\u00e3o e Atendimento Integral \u00e0 Fam\u00edlia &#8211; PAIF, do CRAS I \u2013 Santa Luzia, acompanha o senhor J. de F., assistindo-o continuamente com aux\u00edlios diversos, dentre eles cestas de alimenta\u00e7\u00e3o. No entanto, segundo relatos de pessoas pr\u00f3ximas, ele se desfaz dos alimentos para sustentar o v\u00edcio, roupas e outras doa\u00e7\u00f5es tamb\u00e9m s\u00e3o ofertadas, mas acabam tendo o mesmo destino.<\/p>\n\n\n\n<p>A Secretaria de Assist\u00eancia Social e Trabalho, por meio do CRAS I, seguir\u00e1 monitorando a situa\u00e7\u00e3o do senhor J. de F., e buscar\u00e1 junto a Secretaria de Sa\u00fade e outros servi\u00e7os especializados formas de amparar esse cidad\u00e3o, cuja as condi\u00e7\u00f5es, requerem o cuidado do servi\u00e7o social, da fam\u00edlia e de toda a popula\u00e7\u00e3o, dadas as suas condi\u00e7\u00f5es agravadas pela depend\u00eancia qu\u00edmica.<\/p>\n\n\n\n<p><strong>Dircom<\/strong><\/p>\n","protected":false},"excerpt":{"rendered":"<p>A Secretaria de Assist\u00eancia Social e Trabalho, vem acompanhando de perto, a situa\u00e7\u00e3o do senhor J. de F., de 56 anos, morador de Barreiras, que teve suas condi\u00e7\u00f5es de moradia retratadas em um v\u00eddeo em circula\u00e7\u00e3o nas redes sociais. \u00c9 oportuno esclarecer que embora o v\u00eddeo retrate que seu J. de F. esteja vivendo em [&hellip;]<\/p>\n","protected":false},"author":1,"featured_media":3513,"comment_status":"open","ping_status":"closed","sticky":false,"template":"","format":"standard","meta":{"site-sidebar-layout":"default","site-content-layout":"","ast-site-content-layout":"default","site-content-style":"default","site-sidebar-style":"default","ast-global-header-display":"","ast-banner-title-visibility":"","ast-main-header-display":"","ast-hfb-above-header-display":"","ast-hfb-below-header-display":"","ast-hfb-mobile-header-display":"","site-post-title":"","ast-breadcrumbs-content":"","ast-featured-img":"","footer-sml-layout":"","theme-transparent-header-meta":"","adv-header-id-meta":"","stick-header-meta":"","header-above-stick-meta":"","header-main-stick-meta":"","header-below-stick-meta":"","astra-migrate-meta-layouts":"set","ast-page-background-enabled":"default","ast-page-background-meta":{"desktop":{"background-color":"var(--ast-global-color-4)","background-image":"","background-repeat":"repeat","background-position":"center center","background-size":"auto","background-attachment":"scroll","background-type":"","background-media":"","overlay-type":"","overlay-color":"","overlay-opacity":"","overlay-gradient":""},"tablet":{"background-color":"","background-image":"","background-repeat":"repeat","background-position":"center center","background-size":"auto","background-attachment":"scroll","background-type":"","background-media":"","overlay-type":"","overlay-color":"","overlay-opacity":"","overlay-gradient":""},"mobile":{"background-color":"","background-image":"","background-repeat":"repeat","background-position":"center center","background-size":"auto","background-attachment":"scroll","background-type":"","background-media":"","overlay-type":"","overlay-color":"","overlay-opacity":"","overlay-gradient":""}},"ast-content-background-meta":{"desktop":{"background-color":"var(--ast-global-color-5)","background-image":"","background-repeat":"repeat","background-position":"center center","background-size":"auto","background-attachment":"scroll","background-type":"","background-media":"","overlay-type":"","overlay-color":"","overlay-opacity":"","overlay-gradient":""},"tablet":{"background-color":"var(--ast-global-color-5)","background-image":"","background-repeat":"repeat","background-position":"center center","background-size":"auto","background-attachment":"scroll","background-type":"","background-media":"","overlay-type":"","overlay-color":"","overlay-opacity":"","overlay-gradient":""},"mobile":{"background-color":"var(--ast-global-color-5)","background-image":"","background-repeat":"repeat","background-position":"center center","background-size":"auto","background-attachment":"scroll","background-type":"","background-media":"","overlay-type":"","overlay-color":"","overlay-opacity":"","overlay-gradient":""}},"footnotes":""},"categories":[45],"tags":[122],"class_list":["post-3512","post","type-post","status-publish","format-standard","has-post-thumbnail","hentry","category-esportes","tag-manchetes"],"_links":{"self":[{"href":"https:\/\/maisoeste.com.br\/index.php?rest_route=\/wp\/v2\/posts\/3512","targetHints":{"allow":["GET"]}}],"collection":[{"href":"https:\/\/maisoeste.com.br\/index.php?rest_route=\/wp\/v2\/posts"}],"about":[{"href":"https:\/\/maisoeste.com.br\/index.php?rest_route=\/wp\/v2\/types\/post"}],"author":[{"embeddable":true,"href":"https:\/\/maisoeste.com.br\/index.php?rest_route=\/wp\/v2\/users\/1"}],"replies":[{"embeddable":true,"href":"https:\/\/maisoeste.com.br\/index.php?rest_route=%2Fwp%2Fv2%2Fcomments&post=3512"}],"version-history":[{"count":1,"href":"https:\/\/maisoeste.com.br\/index.php?rest_route=\/wp\/v2\/posts\/3512\/revisions"}],"predecessor-version":[{"id":3514,"href":"https:\/\/maisoeste.com.br\/index.php?rest_route=\/wp\/v2\/posts\/3512\/revisions\/3514"}],"wp:featuredmedia":[{"embeddable":true,"href":"https:\/\/maisoeste.com.br\/index.php?rest_route=\/wp\/v2\/media\/3513"}],"wp:attachment":[{"href":"https:\/\/maisoeste.com.br\/index.php?rest_route=%2Fwp%2Fv2%2Fmedia&parent=3512"}],"wp:term":[{"taxonomy":"category","embeddable":true,"href":"https:\/\/maisoeste.com.br\/index.php?rest_route=%2Fwp%2Fv2%2Fcategories&post=3512"},{"taxonomy":"post_tag","embeddable":true,"href":"https:\/\/maisoeste.com.br\/index.php?rest_route=%2Fwp%2Fv2%2Ftags&post=3512"}],"curies":[{"name":"wp","href":"https:\/\/api.w.org\/{rel}","templated":true}]}}