{"id":3523,"date":"2025-04-05T09:46:11","date_gmt":"2025-04-05T12:46:11","guid":{"rendered":"https:\/\/maisoeste.com.br\/?p=3523"},"modified":"2025-04-05T09:46:12","modified_gmt":"2025-04-05T12:46:12","slug":"audiencia-publica-debate-melhoria-das-condicoes-de-acessibilidade-para-as-pessoas-com-deficiencia","status":"publish","type":"post","link":"https:\/\/maisoeste.com.br\/?p=3523","title":{"rendered":"Audi\u00eancia P\u00fablica debate melhoria das condi\u00e7\u00f5es de acessibilidade para as Pessoas com Defici\u00eancia"},"content":{"rendered":"\n<p>As a\u00e7\u00f5es para a melhoria das condi\u00e7\u00f5es de acessibilidade para as Pessoas com Defici\u00eancia (PCD), em Barreiras, foi o tema da Audi\u00eancia P\u00fablica realizada na quarta-feira (02), na C\u00e2mara Municipal de Barreiras.<\/p>\n\n\n\n<p>A reuni\u00e3o contou com a participa\u00e7\u00e3o da sociedade civil, autoridades e institui\u00e7\u00f5es, para debater esta complexa quest\u00e3o. Na mesa estiveram presentes o presidente da Casa Yure Ramon, a vereadora Gra\u00e7a Melo e os solicitantes da audi\u00eancia, a vereadora Delmah Pedra e o Otoni de Jesus Gomes, presidente da Associa\u00e7\u00e3o de Pessoas com Defici\u00eancia de Barreiras (APCDB).<\/p>\n\n\n\n<p>\u201cAgrade\u00e7o a vereadora Delmah por nos trazer para mostrar a realidade dos cadeirantes de Barreiras. N\u00f3s queremos, simplesmente, que os nossos direitos de ir e vir sejam respeitados, que os transportes sejam cuidados e tenham os elevadores em funcionamento. A nossa realidade j\u00e1 mudou muito, gra\u00e7as a Deus, mas precisamos de muitas outras a\u00e7\u00f5es de melhorias\u201d, pontuou Otoni de Jesus Gomes, presidente da APCDB.<\/p>\n\n\n\n<p>A audi\u00eancia foi conduzida pela vereadora Delmah Pedra, que explanou a justificativa referente \u00e0 sua solicita\u00e7\u00e3o. \u201cO verdadeiro papel de um mandato \u00e9 dar voz a quem nunca foi ouvido, por isso essa audi\u00eancia p\u00fablica tem um significado t\u00e3o profundo. N\u00e3o \u00e9 apenas um debate, \u00e9 um compromisso, e quando a sociedade civil pede espa\u00e7o para ser ouvida, nosso dever \u00e9 abrir as portas, escutar com aten\u00e7\u00e3o e transformar essa escuta em a\u00e7\u00e3o concreta\u201d, destacou a edil.<\/p>\n\n\n\n<p>Foram apresentados tr\u00eas pain\u00e9is e em cada um deles os convidados usaram o espa\u00e7o para expor sobre os temas. No Painel I, \u201cO direito a acessibilidade\u201d foi apresentado pelos representantes da Associa\u00e7\u00e3o de Pessoas com Defici\u00eancia de Barreiras (APCDB), da Defensoria P\u00fablica do Estado, Associa\u00e7\u00e3o dos Amigos dos Autistas de Barreiras e Regi\u00e3o (AMA), do Poder Executivo e da Secretaria Municipal de Assist\u00eancia Social.<\/p>\n\n\n\n<p>A situa\u00e7\u00e3o atual do transporte p\u00fablico foi o tema do Painel II, com a participa\u00e7\u00e3o de representantes da APCDB, da empresa de transporte Via\u00e7\u00e3o Cidade Barreiras, do Conselho Municipal de Transporte e da Secretaria Municipal de Seguran\u00e7a Cidad\u00e3 e Tr\u00e2nsito.<\/p>\n\n\n\n<p>O Painel III foi conduzido pela vereadora Dr\u00aa. Gra\u00e7a Melo, com o tema \u201cMelhorias e adapta\u00e7\u00f5es emergenciais nas condi\u00e7\u00f5es de acessibilidade para as Pessoas com Defici\u00eancia (PCD)\u201d. \u201cA acessibilidade para cadeirantes \u00e9 um direito fundamental. Ao discutir essa pauta estamos tamb\u00e9m conscientizando a sociedade sobre a import\u00e2ncia da acessibilidade para a inclus\u00e3o das pessoas com defici\u00eancia. Sendo o transporte p\u00fablico, um dos problemas enfrentados pelos cadeirantes aqui em Barreiras, esperamos solu\u00e7\u00f5es para que eles possam manter a independ\u00eancia e a participa\u00e7\u00e3o social\u201d, disse a vereadora.<\/p>\n\n\n\n<p>O Painel III contou com a participa\u00e7\u00e3o de representantes da comunidade, da APCDB, da Associa\u00e7\u00e3o de Pais e Amigos dos Excepcionais (APAE) e da Secretaria Municipal de Infraestrutura.<\/p>\n\n\n\n<p>As explana\u00e7\u00f5es contribu\u00edram para ampliar as discuss\u00f5es acerca do tema central da Audi\u00eancia P\u00fablica. \u201cA acessibilidade possibilita a promo\u00e7\u00e3o da inclus\u00e3o social e a garantia de que as pessoas com defici\u00eancia possam exercer seus direitos de forma plena. \u00c9 necess\u00e1rio o trabalho coletivo para criar um ambiente mais inclusivo e acolhedor para o PDC, com medidas que possam transformar, principalmente os locais p\u00fablicos, em &nbsp;lugares mais inclusivos para todos\u201d, pontuou o presidente do legislativo, Yure Ramon.<\/p>\n\n\n\n<p>Os vereadores Allan Kardec, Ant\u00f4nio Rocha, Carm\u00e9lia da Mata, Dic\u00edola Figueir\u00eado, Heleina Chaves, Hip\u00f3lito dos Passos de Deus, Izabel Rosa, Jos\u00e9 Pereira Rosa, Silma Alves Rocha, Thaislane Sabel e Valdimiro Jos\u00e9, tamb\u00e9m participaram da audi\u00eancia e destacaram a import\u00e2ncia da discuss\u00e3o do tema em quest\u00e3o, com a sociedade.&nbsp; O debate tamb\u00e9m abriu espa\u00e7o de fala para a comunidade, buscando assegurar o direito ao di\u00e1logo entre o povo e o Poder Legislativo.<\/p>\n\n\n\n<p>Durante a Audi\u00eancia P\u00fablica foi formulado um documento com os registros mais significativos, extra\u00eddos dos expositores dos tr\u00eas pain\u00e9is, dos vereadores e da participa\u00e7\u00e3o popular. O acesso \u00e0s informa\u00e7\u00f5es pode ser feito por meio do link:\u00a0<a href=\"https:\/\/portaldatransparencia.cmbarreiras.ba.gov.br\/audiencias-publicas\/\" target=\"_blank\" rel=\"noreferrer noopener\"><strong><em>https:\/\/portaldatransparencia.cmbarreiras.ba.gov.br\/audiencias-publicas<\/em><\/strong>\/<\/a>.<\/p>\n\n\n\n<p>Fonte\/\/ASCOM CM<\/p>\n","protected":false},"excerpt":{"rendered":"<p>As a\u00e7\u00f5es para a melhoria das condi\u00e7\u00f5es de acessibilidade para as Pessoas com Defici\u00eancia (PCD), em Barreiras, foi o tema da Audi\u00eancia P\u00fablica realizada na quarta-feira (02), na C\u00e2mara Municipal de Barreiras. A reuni\u00e3o contou com a participa\u00e7\u00e3o da sociedade civil, autoridades e institui\u00e7\u00f5es, para debater esta complexa quest\u00e3o. Na mesa estiveram presentes o presidente [&hellip;]<\/p>\n","protected":false},"author":1,"featured_media":3524,"comment_status":"open","ping_status":"closed","sticky":false,"template":"","format":"standard","meta":{"site-sidebar-layout":"default","site-content-layout":"","ast-site-content-layout":"default","site-content-style":"default","site-sidebar-style":"default","ast-global-header-display":"","ast-banner-title-visibility":"","ast-main-header-display":"","ast-hfb-above-header-display":"","ast-hfb-below-header-display":"","ast-hfb-mobile-header-display":"","site-post-title":"","ast-breadcrumbs-content":"","ast-featured-img":"","footer-sml-layout":"","theme-transparent-header-meta":"","adv-header-id-meta":"","stick-header-meta":"","header-above-stick-meta":"","header-main-stick-meta":"","header-below-stick-meta":"","astra-migrate-meta-layouts":"set","ast-page-background-enabled":"default","ast-page-background-meta":{"desktop":{"background-color":"var(--ast-global-color-4)","background-image":"","background-repeat":"repeat","background-position":"center center","background-size":"auto","background-attachment":"scroll","background-type":"","background-media":"","overlay-type":"","overlay-color":"","overlay-opacity":"","overlay-gradient":""},"tablet":{"background-color":"","background-image":"","background-repeat":"repeat","background-position":"center center","background-size":"auto","background-attachment":"scroll","background-type":"","background-media":"","overlay-type":"","overlay-color":"","overlay-opacity":"","overlay-gradient":""},"mobile":{"background-color":"","background-image":"","background-repeat":"repeat","background-position":"center center","background-size":"auto","background-attachment":"scroll","background-type":"","background-media":"","overlay-type":"","overlay-color":"","overlay-opacity":"","overlay-gradient":""}},"ast-content-background-meta":{"desktop":{"background-color":"var(--ast-global-color-5)","background-image":"","background-repeat":"repeat","background-position":"center center","background-size":"auto","background-attachment":"scroll","background-type":"","background-media":"","overlay-type":"","overlay-color":"","overlay-opacity":"","overlay-gradient":""},"tablet":{"background-color":"var(--ast-global-color-5)","background-image":"","background-repeat":"repeat","background-position":"center center","background-size":"auto","background-attachment":"scroll","background-type":"","background-media":"","overlay-type":"","overlay-color":"","overlay-opacity":"","overlay-gradient":""},"mobile":{"background-color":"var(--ast-global-color-5)","background-image":"","background-repeat":"repeat","background-position":"center center","background-size":"auto","background-attachment":"scroll","background-type":"","background-media":"","overlay-type":"","overlay-color":"","overlay-opacity":"","overlay-gradient":""}},"footnotes":""},"categories":[45],"tags":[],"class_list":["post-3523","post","type-post","status-publish","format-standard","has-post-thumbnail","hentry","category-esportes"],"_links":{"self":[{"href":"https:\/\/maisoeste.com.br\/index.php?rest_route=\/wp\/v2\/posts\/3523","targetHints":{"allow":["GET"]}}],"collection":[{"href":"https:\/\/maisoeste.com.br\/index.php?rest_route=\/wp\/v2\/posts"}],"about":[{"href":"https:\/\/maisoeste.com.br\/index.php?rest_route=\/wp\/v2\/types\/post"}],"author":[{"embeddable":true,"href":"https:\/\/maisoeste.com.br\/index.php?rest_route=\/wp\/v2\/users\/1"}],"replies":[{"embeddable":true,"href":"https:\/\/maisoeste.com.br\/index.php?rest_route=%2Fwp%2Fv2%2Fcomments&post=3523"}],"version-history":[{"count":1,"href":"https:\/\/maisoeste.com.br\/index.php?rest_route=\/wp\/v2\/posts\/3523\/revisions"}],"predecessor-version":[{"id":3525,"href":"https:\/\/maisoeste.com.br\/index.php?rest_route=\/wp\/v2\/posts\/3523\/revisions\/3525"}],"wp:featuredmedia":[{"embeddable":true,"href":"https:\/\/maisoeste.com.br\/index.php?rest_route=\/wp\/v2\/media\/3524"}],"wp:attachment":[{"href":"https:\/\/maisoeste.com.br\/index.php?rest_route=%2Fwp%2Fv2%2Fmedia&parent=3523"}],"wp:term":[{"taxonomy":"category","embeddable":true,"href":"https:\/\/maisoeste.com.br\/index.php?rest_route=%2Fwp%2Fv2%2Fcategories&post=3523"},{"taxonomy":"post_tag","embeddable":true,"href":"https:\/\/maisoeste.com.br\/index.php?rest_route=%2Fwp%2Fv2%2Ftags&post=3523"}],"curies":[{"name":"wp","href":"https:\/\/api.w.org\/{rel}","templated":true}]}}