{"id":3576,"date":"2025-04-08T08:10:39","date_gmt":"2025-04-08T11:10:39","guid":{"rendered":"https:\/\/maisoeste.com.br\/?p=3576"},"modified":"2025-04-08T08:33:07","modified_gmt":"2025-04-08T11:33:07","slug":"prefeitura-de-barreiras-inicia-inscricoes-para-programas-habitacionais-no-municipio","status":"publish","type":"post","link":"https:\/\/maisoeste.com.br\/?p=3576","title":{"rendered":"Prefeitura de Barreiras inicia inscri\u00e7\u00f5es para Programas Habitacionais no munic\u00edpio"},"content":{"rendered":"\n<p>Teve in\u00edcio nesta segunda-feira (7), o per\u00edodo de inscri\u00e7\u00f5es para as fam\u00edlias interessadas em conquistar a casa pr\u00f3pria por meio do Programa Habitacional do Munic\u00edpio. A iniciativa da Prefeitura de Barreiras, por meio da Secretaria Municipal de Assist\u00eancia Social e Trabalho, contempla entre outros, o novo Residencial Viver Melhor I e II, com 500 novas unidades habitacionais sendo constru\u00eddas no bairro Vila Amorim, dentro do programa Minha Casa, Minha Vida, do Governo Federal.<\/p>\n\n\n\n<p>O lan\u00e7amento oficial do empreendimento ocorreu no \u00faltimo dia 21 de mar\u00e7o, em cerim\u00f4nia que contou com a presen\u00e7a do prefeito Otoniel Teixeira, do vice-prefeito T\u00falio Viana, do governador Jer\u00f4nimo Rodrigues e do ministro da Casa Civil da Presid\u00eancia da Rep\u00fablica, Rui Costa. Na ocasi\u00e3o, foi assinada a ordem de servi\u00e7o para o in\u00edcio das obras, que contar\u00e1 com um investimento de R$ 82,5 milh\u00f5es.<\/p>\n\n\n\n<p>O novo conjunto habitacional ser\u00e1 entregue com infraestrutura moderna e contar\u00e1 com varanda, biblioteca e espa\u00e7os de conviv\u00eancia para crian\u00e7as e idosos, promovendo qualidade de vida e integra\u00e7\u00e3o comunit\u00e1ria.<\/p>\n\n\n\n<p>A secret\u00e1ria de Assist\u00eancia Social e Trabalho, Ivanete Bastos, destacou a organiza\u00e7\u00e3o do processo de inscri\u00e7\u00e3o. \u201cHoje celebramos um momento muito especial, pois essas 500 novas moradias representar\u00e3o uma transforma\u00e7\u00e3o na vida de muitas fam\u00edlias. A partir de agora, nossas equipes est\u00e3o preparadas para receber os interessados nos Centros de Refer\u00eancia de Assist\u00eancia Social &#8211; CRAS, garantindo um processo de cadastro \u00e1gil, transparente e humanizado. N\u00e3o \u00e9 preciso pressa ou preocupa\u00e7\u00e3o, pois tudo ser\u00e1 feito com a devida responsabilidade para atender todos que necessitam\u201d, destacou.<\/p>\n\n\n\n<h2 class=\"wp-block-heading\">Como se inscrever?<\/h2>\n\n\n\n<p>As inscri\u00e7\u00f5es para os Programas Habitacionais devem ser feitas presencialmente no CRAS mais pr\u00f3ximo da resid\u00eancia do interessado, mediante apresenta\u00e7\u00e3o dos seguintes documentos originais e c\u00f3pias (inclusive do c\u00f4njuge):  Carteira de Identidade (RG); CPF;  T\u00edtulo de Eleitor; comprovante de resid\u00eancia;Certid\u00e3o de Nascimento ou RG e CPF dos dependentes;Prova de estado civil (Certid\u00e3o de nascimento, \u00f3bito ou div\u00f3rcio)Comprovante de Renda Familiar (contracheque, declara\u00e7\u00e3o do INSS);Laudo M\u00e9dico atualizado com identifica\u00e7\u00e3o do CID (casos de pessoa com defici\u00eancia).<\/p>\n\n\n\n<p>Pr\u00e9-requisitos para inscri\u00e7\u00e3oResidir no munic\u00edpio no m\u00ednimo a cinco anos (ser\u00e1 necess\u00e1rio comprovar); possuir renda at\u00e9 R$2.850,00; n\u00e3o possuir nenhum im\u00f3vel no nome de quem vai se inscrever; n\u00e3o ser titular de contrato de financiamento imobili\u00e1rio vigente; ser inscrito no Cadastro \u00danico.<\/p>\n\n\n\n<p><strong>Confira os endere\u00e7os dos CRAS em Barreiras:<\/strong><\/p>\n\n\n\n<p><strong>CRAS I SANTA LUZIA <\/strong>&#8211; e-mail: cras1@barreiras.ba.gov.brEndere\u00e7o: Avenida Cl\u00e9riston Andrade \u2013 N\u00ba 2065\u2013 Loteamento Rio Grande. (Pr\u00f3ximo \u00e0 Localiza)<\/p>\n\n\n\n<p><strong>CRAS II MORADA DA LUA<\/strong> &#8211; E-mail: cras2@barreiras.ba.gov.brEndere\u00e7o: Rua Iazinha Pamplona \u2013 N\u00ba 912 \u2013 Morada da Lua de Cima. (Rua da Igreja Cat\u00f3lica)<\/p>\n\n\n\n<p><strong>CRAS III S\u00c3O PEDRO <\/strong>&#8211; E-mail: cras3@barreiras.ba.gov.brEndere\u00e7o: Rua Para\u00edso \u2013 N\u00ba 278 \u2013 S\u00e3o Pedro. (Em frente \u00e0 \u00c1gua de Coco Tropical)<\/p>\n\n\n\n<p><strong>CRAS IV VILA BRASIL<\/strong> &#8211; E-mail: cras4@barreiras.ba.gov.brEndere\u00e7o: Rua Joana Ang\u00e9lica \u2013 441 \u2013 Bairro JK. (Pr\u00f3ximo \u00e0 Andaime)<\/p>\n\n\n\n<p><strong>CRAS V VILA AMORIM <\/strong>&#8211; Endere\u00e7o: Rua Otac\u00edlio Monteiro da Franca \u2013 Esta\u00e7\u00e3o Cidadania (Cascalheira \/ 29 de julho).<\/p>\n\n\n\n<p>Dircom<\/p>\n","protected":false},"excerpt":{"rendered":"<p>Teve in\u00edcio nesta segunda-feira (7), o per\u00edodo de inscri\u00e7\u00f5es para as fam\u00edlias interessadas em conquistar a casa pr\u00f3pria por meio do Programa Habitacional do Munic\u00edpio. A iniciativa da Prefeitura de Barreiras, por meio da Secretaria Municipal de Assist\u00eancia Social e Trabalho, contempla entre outros, o novo Residencial Viver Melhor I e II, com 500 novas [&hellip;]<\/p>\n","protected":false},"author":1,"featured_media":3577,"comment_status":"open","ping_status":"closed","sticky":false,"template":"","format":"standard","meta":{"site-sidebar-layout":"default","site-content-layout":"","ast-site-content-layout":"default","site-content-style":"default","site-sidebar-style":"default","ast-global-header-display":"","ast-banner-title-visibility":"","ast-main-header-display":"","ast-hfb-above-header-display":"","ast-hfb-below-header-display":"","ast-hfb-mobile-header-display":"","site-post-title":"","ast-breadcrumbs-content":"","ast-featured-img":"","footer-sml-layout":"","theme-transparent-header-meta":"","adv-header-id-meta":"","stick-header-meta":"","header-above-stick-meta":"","header-main-stick-meta":"","header-below-stick-meta":"","astra-migrate-meta-layouts":"set","ast-page-background-enabled":"default","ast-page-background-meta":{"desktop":{"background-color":"var(--ast-global-color-4)","background-image":"","background-repeat":"repeat","background-position":"center center","background-size":"auto","background-attachment":"scroll","background-type":"","background-media":"","overlay-type":"","overlay-color":"","overlay-opacity":"","overlay-gradient":""},"tablet":{"background-color":"","background-image":"","background-repeat":"repeat","background-position":"center center","background-size":"auto","background-attachment":"scroll","background-type":"","background-media":"","overlay-type":"","overlay-color":"","overlay-opacity":"","overlay-gradient":""},"mobile":{"background-color":"","background-image":"","background-repeat":"repeat","background-position":"center center","background-size":"auto","background-attachment":"scroll","background-type":"","background-media":"","overlay-type":"","overlay-color":"","overlay-opacity":"","overlay-gradient":""}},"ast-content-background-meta":{"desktop":{"background-color":"var(--ast-global-color-5)","background-image":"","background-repeat":"repeat","background-position":"center center","background-size":"auto","background-attachment":"scroll","background-type":"","background-media":"","overlay-type":"","overlay-color":"","overlay-opacity":"","overlay-gradient":""},"tablet":{"background-color":"var(--ast-global-color-5)","background-image":"","background-repeat":"repeat","background-position":"center center","background-size":"auto","background-attachment":"scroll","background-type":"","background-media":"","overlay-type":"","overlay-color":"","overlay-opacity":"","overlay-gradient":""},"mobile":{"background-color":"var(--ast-global-color-5)","background-image":"","background-repeat":"repeat","background-position":"center center","background-size":"auto","background-attachment":"scroll","background-type":"","background-media":"","overlay-type":"","overlay-color":"","overlay-opacity":"","overlay-gradient":""}},"footnotes":""},"categories":[45],"tags":[122],"class_list":["post-3576","post","type-post","status-publish","format-standard","has-post-thumbnail","hentry","category-esportes","tag-manchetes"],"_links":{"self":[{"href":"https:\/\/maisoeste.com.br\/index.php?rest_route=\/wp\/v2\/posts\/3576","targetHints":{"allow":["GET"]}}],"collection":[{"href":"https:\/\/maisoeste.com.br\/index.php?rest_route=\/wp\/v2\/posts"}],"about":[{"href":"https:\/\/maisoeste.com.br\/index.php?rest_route=\/wp\/v2\/types\/post"}],"author":[{"embeddable":true,"href":"https:\/\/maisoeste.com.br\/index.php?rest_route=\/wp\/v2\/users\/1"}],"replies":[{"embeddable":true,"href":"https:\/\/maisoeste.com.br\/index.php?rest_route=%2Fwp%2Fv2%2Fcomments&post=3576"}],"version-history":[{"count":2,"href":"https:\/\/maisoeste.com.br\/index.php?rest_route=\/wp\/v2\/posts\/3576\/revisions"}],"predecessor-version":[{"id":3595,"href":"https:\/\/maisoeste.com.br\/index.php?rest_route=\/wp\/v2\/posts\/3576\/revisions\/3595"}],"wp:featuredmedia":[{"embeddable":true,"href":"https:\/\/maisoeste.com.br\/index.php?rest_route=\/wp\/v2\/media\/3577"}],"wp:attachment":[{"href":"https:\/\/maisoeste.com.br\/index.php?rest_route=%2Fwp%2Fv2%2Fmedia&parent=3576"}],"wp:term":[{"taxonomy":"category","embeddable":true,"href":"https:\/\/maisoeste.com.br\/index.php?rest_route=%2Fwp%2Fv2%2Fcategories&post=3576"},{"taxonomy":"post_tag","embeddable":true,"href":"https:\/\/maisoeste.com.br\/index.php?rest_route=%2Fwp%2Fv2%2Ftags&post=3576"}],"curies":[{"name":"wp","href":"https:\/\/api.w.org\/{rel}","templated":true}]}}