{"id":3579,"date":"2025-04-08T08:15:18","date_gmt":"2025-04-08T11:15:18","guid":{"rendered":"https:\/\/maisoeste.com.br\/?p=3579"},"modified":"2025-04-08T08:15:19","modified_gmt":"2025-04-08T11:15:19","slug":"abril-verde-um-chamado-a-consciencia-e-justica-na-seguranca-do-trabalho","status":"publish","type":"post","link":"https:\/\/maisoeste.com.br\/?p=3579","title":{"rendered":"Abril Verde: Um Chamado \u00e0 Consci\u00eancia e Justi\u00e7a na Seguran\u00e7a do Trabalho"},"content":{"rendered":"\n<p> <\/p>\n\n\n\n<p>O Abril Verde n\u00e3o \u00e9 apenas momento simb\u00f3lico, mas um alerta urgente diante de n\u00fameros chocantes: em 2023, o Brasil registrou cerca de 500 mil acidentes de trabalho, com mais de 2,8 mil mortes, segundo o Minist\u00e9rio do Trabalho e Emprego (MTE).<\/p>\n\n\n\n<p>Casos como o da trag\u00e9dia de Brumadinho em 2019, onde 270 pessoas morreram devido a neglig\u00eancia em barragens, ou o inc\u00eandio na Boa Vista Confec\u00e7\u00f5es em 2023, que matou 10 costureiras em S\u00e3o Paulo por falta de sa\u00eddas de emerg\u00eancia, mostram o custo humano da omiss\u00e3o. <\/p>\n\n\n\n<p>&#8220;A maioria dessas mortes poderia ser evitada com fiscaliza\u00e7\u00e3o rigorosa e puni\u00e7\u00e3o exemplar&#8221;, afirma Em\u00edlio Fraga, especialista em direito do trabalho com \u00eanfase em acidentes laborais. &#8220;Quando um patr\u00e3o corta custos com seguran\u00e7a assume o risco de matar&#8221;, dispara Fraga. Empresas que investem em preven\u00e7\u00e3o, como a Vale (p\u00f3s-Brumadinho), que destinou R$ 127 bilh\u00f5es a repara\u00e7\u00f5es e programas de seguran\u00e7a, provam que mudar \u00e9 poss\u00edvel \u2013 e obrigat\u00f3rio. <\/p>\n\n\n\n<p>A Justi\u00e7a tem sido implac\u00e1vel: em 2024, um grande grupo frigor\u00edfico foi multado em R$ 50 milh\u00f5es por expor funcion\u00e1rios a riscos biol\u00f3gicos sem prote\u00e7\u00e3o, enquanto uma montadora de ve\u00edculos foi condenada a pagar R$ 3 milh\u00f5es por LER\/DORT em oper\u00e1rios. &#8220;Multas s\u00e3o importantes, mas s\u00f3 se tornam efetivas quando acompanhadas de responsabiliza\u00e7\u00e3o criminal&#8221;, destaca Fraga, citando o caso de uma empresa de celulose, condenada por homic\u00eddio culposo ap\u00f3s a morte de um oper\u00e1rio em 2022. <\/p>\n\n\n\n<p>Por outro lado, iniciativas como o Programa Viver Seguro da Petrobras, que reduziu acidentes em 72% com treinamentos imersivos, e o Sistema de An\u00e1lise de Riscos (SAR) da Ambev, premiado pela Organiza\u00e7\u00e3o Internacional do Trabalho (OIT), comprovam que tecnologia e compromisso salvam vidas. &#8220;A seguran\u00e7a do trabalho n\u00e3o \u00e9 custo, \u00e9 investimento. Empresas que n\u00e3o entendem isso acabam pagando muito mais \u2013 em vidas e em tribunais&#8221;, refor\u00e7a Fraga. <\/p>\n\n\n\n<p>O futuro exige a\u00e7\u00f5es radicais: a Su\u00e9cia, que cortou acidentes fatais em 80% com inspe\u00e7\u00f5es surpresa, \u00e9 um modelo. No Brasil, o CREA-SP criou o Abril Verde Digital, plataforma que denuncia empresas inseguras em tempo real. &#8220;Precisamos de uma reforma na legisla\u00e7\u00e3o que tipifique a neglig\u00eancia patronal como crime hediondo quando resultar em morte&#8221; defende Fraga, lembrando o caso da constru\u00e7\u00e3o do est\u00e1dio do Manaus em 2014, onde tr\u00eas mortes levaram a condena\u00e7\u00f5es hist\u00f3ricas. <\/p>\n\n\n\n<p>O Abril Verde \u00e9 um grito por justi\u00e7a, n\u00e3o s\u00f3 mem\u00f3ria. &#8220;Nenhum trabalhador deveria morrer para que um patr\u00e3o lucre. A CLT precisa ser uma arma de prote\u00e7\u00e3o, n\u00e3o apenas um papel assinado&#8221;, conclui o especialista. Para Fraga, os dados n\u00e3o mentem: cada real investido em preven\u00e7\u00e3o economiza R$ 4 em indeniza\u00e7\u00f5es. O caminho \u00e9 claro: agir ou responder na justi\u00e7a por neglig\u00eancia ou at\u00e9 acidentes graves com mortes indesej\u00e1veis.<\/p>\n\n\n\n<p>Assessoria <\/p>\n","protected":false},"excerpt":{"rendered":"<p>O Abril Verde n\u00e3o \u00e9 apenas momento simb\u00f3lico, mas um alerta urgente diante de n\u00fameros chocantes: em 2023, o Brasil registrou cerca de 500 mil acidentes de trabalho, com mais de 2,8 mil mortes, segundo o Minist\u00e9rio do Trabalho e Emprego (MTE). Casos como o da trag\u00e9dia de Brumadinho em 2019, onde 270 pessoas morreram [&hellip;]<\/p>\n","protected":false},"author":1,"featured_media":3580,"comment_status":"open","ping_status":"closed","sticky":false,"template":"","format":"standard","meta":{"site-sidebar-layout":"default","site-content-layout":"","ast-site-content-layout":"default","site-content-style":"default","site-sidebar-style":"default","ast-global-header-display":"","ast-banner-title-visibility":"","ast-main-header-display":"","ast-hfb-above-header-display":"","ast-hfb-below-header-display":"","ast-hfb-mobile-header-display":"","site-post-title":"","ast-breadcrumbs-content":"","ast-featured-img":"","footer-sml-layout":"","theme-transparent-header-meta":"","adv-header-id-meta":"","stick-header-meta":"","header-above-stick-meta":"","header-main-stick-meta":"","header-below-stick-meta":"","astra-migrate-meta-layouts":"set","ast-page-background-enabled":"default","ast-page-background-meta":{"desktop":{"background-color":"var(--ast-global-color-4)","background-image":"","background-repeat":"repeat","background-position":"center center","background-size":"auto","background-attachment":"scroll","background-type":"","background-media":"","overlay-type":"","overlay-color":"","overlay-opacity":"","overlay-gradient":""},"tablet":{"background-color":"","background-image":"","background-repeat":"repeat","background-position":"center center","background-size":"auto","background-attachment":"scroll","background-type":"","background-media":"","overlay-type":"","overlay-color":"","overlay-opacity":"","overlay-gradient":""},"mobile":{"background-color":"","background-image":"","background-repeat":"repeat","background-position":"center center","background-size":"auto","background-attachment":"scroll","background-type":"","background-media":"","overlay-type":"","overlay-color":"","overlay-opacity":"","overlay-gradient":""}},"ast-content-background-meta":{"desktop":{"background-color":"var(--ast-global-color-5)","background-image":"","background-repeat":"repeat","background-position":"center center","background-size":"auto","background-attachment":"scroll","background-type":"","background-media":"","overlay-type":"","overlay-color":"","overlay-opacity":"","overlay-gradient":""},"tablet":{"background-color":"var(--ast-global-color-5)","background-image":"","background-repeat":"repeat","background-position":"center center","background-size":"auto","background-attachment":"scroll","background-type":"","background-media":"","overlay-type":"","overlay-color":"","overlay-opacity":"","overlay-gradient":""},"mobile":{"background-color":"var(--ast-global-color-5)","background-image":"","background-repeat":"repeat","background-position":"center center","background-size":"auto","background-attachment":"scroll","background-type":"","background-media":"","overlay-type":"","overlay-color":"","overlay-opacity":"","overlay-gradient":""}},"footnotes":""},"categories":[4],"tags":[122],"class_list":["post-3579","post","type-post","status-publish","format-standard","has-post-thumbnail","hentry","category-brasil","tag-manchetes"],"_links":{"self":[{"href":"https:\/\/maisoeste.com.br\/index.php?rest_route=\/wp\/v2\/posts\/3579","targetHints":{"allow":["GET"]}}],"collection":[{"href":"https:\/\/maisoeste.com.br\/index.php?rest_route=\/wp\/v2\/posts"}],"about":[{"href":"https:\/\/maisoeste.com.br\/index.php?rest_route=\/wp\/v2\/types\/post"}],"author":[{"embeddable":true,"href":"https:\/\/maisoeste.com.br\/index.php?rest_route=\/wp\/v2\/users\/1"}],"replies":[{"embeddable":true,"href":"https:\/\/maisoeste.com.br\/index.php?rest_route=%2Fwp%2Fv2%2Fcomments&post=3579"}],"version-history":[{"count":1,"href":"https:\/\/maisoeste.com.br\/index.php?rest_route=\/wp\/v2\/posts\/3579\/revisions"}],"predecessor-version":[{"id":3581,"href":"https:\/\/maisoeste.com.br\/index.php?rest_route=\/wp\/v2\/posts\/3579\/revisions\/3581"}],"wp:featuredmedia":[{"embeddable":true,"href":"https:\/\/maisoeste.com.br\/index.php?rest_route=\/wp\/v2\/media\/3580"}],"wp:attachment":[{"href":"https:\/\/maisoeste.com.br\/index.php?rest_route=%2Fwp%2Fv2%2Fmedia&parent=3579"}],"wp:term":[{"taxonomy":"category","embeddable":true,"href":"https:\/\/maisoeste.com.br\/index.php?rest_route=%2Fwp%2Fv2%2Fcategories&post=3579"},{"taxonomy":"post_tag","embeddable":true,"href":"https:\/\/maisoeste.com.br\/index.php?rest_route=%2Fwp%2Fv2%2Ftags&post=3579"}],"curies":[{"name":"wp","href":"https:\/\/api.w.org\/{rel}","templated":true}]}}