{"id":3582,"date":"2025-04-08T08:17:42","date_gmt":"2025-04-08T11:17:42","guid":{"rendered":"https:\/\/maisoeste.com.br\/?p=3582"},"modified":"2025-04-08T08:17:44","modified_gmt":"2025-04-08T11:17:44","slug":"prefeitura-de-lem-encaminha-pl-que-trata-da-doacao-de-terreno-para-construcao-do-batalhao-da-pm","status":"publish","type":"post","link":"https:\/\/maisoeste.com.br\/?p=3582","title":{"rendered":"Prefeitura de LEM encaminha PL que trata da doa\u00e7\u00e3o de terreno para constru\u00e7\u00e3o do Batalh\u00e3o da PM"},"content":{"rendered":"\n<p>A Prefeitura de Lu\u00eds Eduardo Magalh\u00e3es encaminhou \u00e0 C\u00e2mara Municipal de Vereadores, na \u00faltima sexta-feira (04), o Projeto de Lei n\u00ba 023\/2025, que trata da doa\u00e7\u00e3o de uma \u00e1rea p\u00fablica ao Governo do Estado da Bahia, com o objetivo de viabilizar a constru\u00e7\u00e3o da sede do Batalh\u00e3o da Pol\u00edcia Militar no munic\u00edpio.<\/p>\n\n\n\n<p>Na semana anterior, o vice-prefeito Franklin Willer, acompanhado de vereadores, da procuradora-geral do munic\u00edpio, \u00c9lese Mendes, e do subcomandante de Policiamento da Regi\u00e3o Oeste (CPR-O), Coronel Cristiano Gouveia, realizou uma visita t\u00e9cnica ao local previsto para a constru\u00e7\u00e3o, situado no bairro Solar do Oeste.<\/p>\n\n\n\n<p>Franklin Willer destacou a relev\u00e2ncia estrat\u00e9gica da doa\u00e7\u00e3o do terreno para a melhoria da seguran\u00e7a p\u00fablica na regi\u00e3o.<\/p>\n\n\n\n<p>&#8220;A constru\u00e7\u00e3o da futura sede do Batalh\u00e3o de Pol\u00edcia Militar proporcionar\u00e1 estrutura f\u00edsica adequada \u00e0 extens\u00e3o do contingente necess\u00e1rio para atender as demandas locais, acomodando com qualidade um maior efetivo de policiais, que v\u00e3o atender da melhor maneira poss\u00edvel a sociedade de Lu\u00eds Eduardo Magalh\u00e3es\u201d, afirmou.<\/p>\n\n\n\n<p>Willer ainda falou da expectativa para aprova\u00e7\u00e3o da proposta. \u201cA nossa expectativa \u00e9 muito boa para que o PL seja aprovado pelos vereadores, dada a import\u00e2ncia do projeto para o refor\u00e7o da seguran\u00e7a e a valoriza\u00e7\u00e3o institucional da Pol\u00edcia Militar no munic\u00edpio\u201d, concluiu.<\/p>\n\n\n\n<p>Ascom<\/p>\n","protected":false},"excerpt":{"rendered":"<p>A Prefeitura de Lu\u00eds Eduardo Magalh\u00e3es encaminhou \u00e0 C\u00e2mara Municipal de Vereadores, na \u00faltima sexta-feira (04), o Projeto de Lei n\u00ba 023\/2025, que trata da doa\u00e7\u00e3o de uma \u00e1rea p\u00fablica ao Governo do Estado da Bahia, com o objetivo de viabilizar a constru\u00e7\u00e3o da sede do Batalh\u00e3o da Pol\u00edcia Militar no munic\u00edpio. Na semana anterior, [&hellip;]<\/p>\n","protected":false},"author":1,"featured_media":3583,"comment_status":"open","ping_status":"closed","sticky":false,"template":"","format":"standard","meta":{"site-sidebar-layout":"default","site-content-layout":"","ast-site-content-layout":"default","site-content-style":"default","site-sidebar-style":"default","ast-global-header-display":"","ast-banner-title-visibility":"","ast-main-header-display":"","ast-hfb-above-header-display":"","ast-hfb-below-header-display":"","ast-hfb-mobile-header-display":"","site-post-title":"","ast-breadcrumbs-content":"","ast-featured-img":"","footer-sml-layout":"","theme-transparent-header-meta":"","adv-header-id-meta":"","stick-header-meta":"","header-above-stick-meta":"","header-main-stick-meta":"","header-below-stick-meta":"","astra-migrate-meta-layouts":"set","ast-page-background-enabled":"default","ast-page-background-meta":{"desktop":{"background-color":"var(--ast-global-color-4)","background-image":"","background-repeat":"repeat","background-position":"center center","background-size":"auto","background-attachment":"scroll","background-type":"","background-media":"","overlay-type":"","overlay-color":"","overlay-opacity":"","overlay-gradient":""},"tablet":{"background-color":"","background-image":"","background-repeat":"repeat","background-position":"center center","background-size":"auto","background-attachment":"scroll","background-type":"","background-media":"","overlay-type":"","overlay-color":"","overlay-opacity":"","overlay-gradient":""},"mobile":{"background-color":"","background-image":"","background-repeat":"repeat","background-position":"center center","background-size":"auto","background-attachment":"scroll","background-type":"","background-media":"","overlay-type":"","overlay-color":"","overlay-opacity":"","overlay-gradient":""}},"ast-content-background-meta":{"desktop":{"background-color":"var(--ast-global-color-5)","background-image":"","background-repeat":"repeat","background-position":"center center","background-size":"auto","background-attachment":"scroll","background-type":"","background-media":"","overlay-type":"","overlay-color":"","overlay-opacity":"","overlay-gradient":""},"tablet":{"background-color":"var(--ast-global-color-5)","background-image":"","background-repeat":"repeat","background-position":"center center","background-size":"auto","background-attachment":"scroll","background-type":"","background-media":"","overlay-type":"","overlay-color":"","overlay-opacity":"","overlay-gradient":""},"mobile":{"background-color":"var(--ast-global-color-5)","background-image":"","background-repeat":"repeat","background-position":"center center","background-size":"auto","background-attachment":"scroll","background-type":"","background-media":"","overlay-type":"","overlay-color":"","overlay-opacity":"","overlay-gradient":""}},"footnotes":""},"categories":[45],"tags":[122],"class_list":["post-3582","post","type-post","status-publish","format-standard","has-post-thumbnail","hentry","category-esportes","tag-manchetes"],"_links":{"self":[{"href":"https:\/\/maisoeste.com.br\/index.php?rest_route=\/wp\/v2\/posts\/3582","targetHints":{"allow":["GET"]}}],"collection":[{"href":"https:\/\/maisoeste.com.br\/index.php?rest_route=\/wp\/v2\/posts"}],"about":[{"href":"https:\/\/maisoeste.com.br\/index.php?rest_route=\/wp\/v2\/types\/post"}],"author":[{"embeddable":true,"href":"https:\/\/maisoeste.com.br\/index.php?rest_route=\/wp\/v2\/users\/1"}],"replies":[{"embeddable":true,"href":"https:\/\/maisoeste.com.br\/index.php?rest_route=%2Fwp%2Fv2%2Fcomments&post=3582"}],"version-history":[{"count":1,"href":"https:\/\/maisoeste.com.br\/index.php?rest_route=\/wp\/v2\/posts\/3582\/revisions"}],"predecessor-version":[{"id":3584,"href":"https:\/\/maisoeste.com.br\/index.php?rest_route=\/wp\/v2\/posts\/3582\/revisions\/3584"}],"wp:featuredmedia":[{"embeddable":true,"href":"https:\/\/maisoeste.com.br\/index.php?rest_route=\/wp\/v2\/media\/3583"}],"wp:attachment":[{"href":"https:\/\/maisoeste.com.br\/index.php?rest_route=%2Fwp%2Fv2%2Fmedia&parent=3582"}],"wp:term":[{"taxonomy":"category","embeddable":true,"href":"https:\/\/maisoeste.com.br\/index.php?rest_route=%2Fwp%2Fv2%2Fcategories&post=3582"},{"taxonomy":"post_tag","embeddable":true,"href":"https:\/\/maisoeste.com.br\/index.php?rest_route=%2Fwp%2Fv2%2Ftags&post=3582"}],"curies":[{"name":"wp","href":"https:\/\/api.w.org\/{rel}","templated":true}]}}