{"id":3651,"date":"2025-04-10T06:58:46","date_gmt":"2025-04-10T09:58:46","guid":{"rendered":"https:\/\/maisoeste.com.br\/?p=3651"},"modified":"2025-04-10T06:58:46","modified_gmt":"2025-04-10T09:58:46","slug":"prefeito-otoniel-teixeira-prestigia-posse-da-nova-diretoria-da-oab-barreiras-e-reforca-parceria-com-a-advocacia","status":"publish","type":"post","link":"https:\/\/maisoeste.com.br\/?p=3651","title":{"rendered":"Prefeito Otoniel Teixeira prestigia posse da nova diretoria da OAB Barreiras e refor\u00e7a parceria com a advocacia"},"content":{"rendered":"\n<p>O prefeito de Barreiras, Otoniel Teixeira, participou na noite desta ter\u00e7a-feira (8) da cerim\u00f4nia de posse da nova diretoria da Ordem dos Advogados do Brasil \u2013 Subse\u00e7\u00e3o Barreiras. Acompanhado do vice-prefeito e procurador-geral do Munic\u00edpio, T\u00falio Viana, o prefeito parabenizou a presidente B\u00e1rbara Mariani, que foi reconduzida ao cargo para o tri\u00eanio 2025-2027, e reafirmou o compromisso da gest\u00e3o municipal com o fortalecimento da advocacia e das institui\u00e7\u00f5es democr\u00e1ticas.<\/p>\n\n\n\n<p>\u201cO nosso munic\u00edpio est\u00e1 de portas abertas para a OAB, esta institui\u00e7\u00e3o respeitada no oeste da Bahia e que tem um papel estrat\u00e9gico junto aos nossos advogados e procuradores, que prestam um servi\u00e7o relevante para a sociedade. Em meu nome e do vice-prefeito T\u00falio Viana, refor\u00e7o meus parab\u00e9ns para a nova gest\u00e3o, desejando sucesso nesta caminhada\u201d, destacou Otoniel.<\/p>\n\n\n\n<p>A cerim\u00f4nia contou ainda com a presen\u00e7a da presidente da OAB Bahia, Daniela Borges; tamb\u00e9m da secret\u00e1ria municipal de Administra\u00e7\u00e3o, Gislaine Barbosa; assessora jur\u00eddica Tamires Santos; as assessoras&nbsp;especiais Rairane&nbsp;Lessa e Pollycelia&nbsp;de Oliveira; e representantes da classe jur\u00eddica da regi\u00e3o. Reconduzida \u00e0 presid\u00eancia da subse\u00e7\u00e3o, B\u00e1rbara Mariani agradeceu a confian\u00e7a da categoria e destacou os avan\u00e7os esperados para a nova gest\u00e3o. \u201cVoltamos com mais for\u00e7a e mais serenidade que a gest\u00e3o anterior, com o amadurecimento de saber direcionar as demandas, entendendo o tempo que cada uma requer e tamb\u00e9m compreendendo o tempo do pr\u00f3prio Judici\u00e1rio\u201d, afirmou.<\/p>\n\n\n\n<p><strong>A nova diretoria da OAB Barreiras \u00e9 composta por:<\/strong><\/p>\n\n\n\n<p>Presidente: B\u00e1rbara Mariani<\/p>\n\n\n\n<p>Vice-presidente: Lilian Castro<\/p>\n\n\n\n<p>Secret\u00e1ria-geral: Delyana Brito<\/p>\n\n\n\n<p>Secret\u00e1rio-adjunto: Paulo Santos<\/p>\n\n\n\n<p>Tesoureiro: Magno Gon\u00e7alves da Silva<\/p>\n\n\n\n<p><strong>Dircom<\/strong><\/p>\n","protected":false},"excerpt":{"rendered":"<p>O prefeito de Barreiras, Otoniel Teixeira, participou na noite desta ter\u00e7a-feira (8) da cerim\u00f4nia de posse da nova diretoria da Ordem dos Advogados do Brasil \u2013 Subse\u00e7\u00e3o Barreiras. Acompanhado do vice-prefeito e procurador-geral do Munic\u00edpio, T\u00falio Viana, o prefeito parabenizou a presidente B\u00e1rbara Mariani, que foi reconduzida ao cargo para o tri\u00eanio 2025-2027, e reafirmou [&hellip;]<\/p>\n","protected":false},"author":1,"featured_media":3652,"comment_status":"open","ping_status":"closed","sticky":false,"template":"","format":"standard","meta":{"site-sidebar-layout":"default","site-content-layout":"","ast-site-content-layout":"default","site-content-style":"default","site-sidebar-style":"default","ast-global-header-display":"","ast-banner-title-visibility":"","ast-main-header-display":"","ast-hfb-above-header-display":"","ast-hfb-below-header-display":"","ast-hfb-mobile-header-display":"","site-post-title":"","ast-breadcrumbs-content":"","ast-featured-img":"","footer-sml-layout":"","theme-transparent-header-meta":"","adv-header-id-meta":"","stick-header-meta":"","header-above-stick-meta":"","header-main-stick-meta":"","header-below-stick-meta":"","astra-migrate-meta-layouts":"set","ast-page-background-enabled":"default","ast-page-background-meta":{"desktop":{"background-color":"var(--ast-global-color-4)","background-image":"","background-repeat":"repeat","background-position":"center center","background-size":"auto","background-attachment":"scroll","background-type":"","background-media":"","overlay-type":"","overlay-color":"","overlay-opacity":"","overlay-gradient":""},"tablet":{"background-color":"","background-image":"","background-repeat":"repeat","background-position":"center center","background-size":"auto","background-attachment":"scroll","background-type":"","background-media":"","overlay-type":"","overlay-color":"","overlay-opacity":"","overlay-gradient":""},"mobile":{"background-color":"","background-image":"","background-repeat":"repeat","background-position":"center center","background-size":"auto","background-attachment":"scroll","background-type":"","background-media":"","overlay-type":"","overlay-color":"","overlay-opacity":"","overlay-gradient":""}},"ast-content-background-meta":{"desktop":{"background-color":"var(--ast-global-color-5)","background-image":"","background-repeat":"repeat","background-position":"center center","background-size":"auto","background-attachment":"scroll","background-type":"","background-media":"","overlay-type":"","overlay-color":"","overlay-opacity":"","overlay-gradient":""},"tablet":{"background-color":"var(--ast-global-color-5)","background-image":"","background-repeat":"repeat","background-position":"center center","background-size":"auto","background-attachment":"scroll","background-type":"","background-media":"","overlay-type":"","overlay-color":"","overlay-opacity":"","overlay-gradient":""},"mobile":{"background-color":"var(--ast-global-color-5)","background-image":"","background-repeat":"repeat","background-position":"center center","background-size":"auto","background-attachment":"scroll","background-type":"","background-media":"","overlay-type":"","overlay-color":"","overlay-opacity":"","overlay-gradient":""}},"footnotes":""},"categories":[45],"tags":[122],"class_list":["post-3651","post","type-post","status-publish","format-standard","has-post-thumbnail","hentry","category-esportes","tag-manchetes"],"_links":{"self":[{"href":"https:\/\/maisoeste.com.br\/index.php?rest_route=\/wp\/v2\/posts\/3651","targetHints":{"allow":["GET"]}}],"collection":[{"href":"https:\/\/maisoeste.com.br\/index.php?rest_route=\/wp\/v2\/posts"}],"about":[{"href":"https:\/\/maisoeste.com.br\/index.php?rest_route=\/wp\/v2\/types\/post"}],"author":[{"embeddable":true,"href":"https:\/\/maisoeste.com.br\/index.php?rest_route=\/wp\/v2\/users\/1"}],"replies":[{"embeddable":true,"href":"https:\/\/maisoeste.com.br\/index.php?rest_route=%2Fwp%2Fv2%2Fcomments&post=3651"}],"version-history":[{"count":1,"href":"https:\/\/maisoeste.com.br\/index.php?rest_route=\/wp\/v2\/posts\/3651\/revisions"}],"predecessor-version":[{"id":3653,"href":"https:\/\/maisoeste.com.br\/index.php?rest_route=\/wp\/v2\/posts\/3651\/revisions\/3653"}],"wp:featuredmedia":[{"embeddable":true,"href":"https:\/\/maisoeste.com.br\/index.php?rest_route=\/wp\/v2\/media\/3652"}],"wp:attachment":[{"href":"https:\/\/maisoeste.com.br\/index.php?rest_route=%2Fwp%2Fv2%2Fmedia&parent=3651"}],"wp:term":[{"taxonomy":"category","embeddable":true,"href":"https:\/\/maisoeste.com.br\/index.php?rest_route=%2Fwp%2Fv2%2Fcategories&post=3651"},{"taxonomy":"post_tag","embeddable":true,"href":"https:\/\/maisoeste.com.br\/index.php?rest_route=%2Fwp%2Fv2%2Ftags&post=3651"}],"curies":[{"name":"wp","href":"https:\/\/api.w.org\/{rel}","templated":true}]}}