{"id":3684,"date":"2025-04-10T14:17:25","date_gmt":"2025-04-10T17:17:25","guid":{"rendered":"https:\/\/maisoeste.com.br\/?p=3684"},"modified":"2025-04-10T14:34:31","modified_gmt":"2025-04-10T17:34:31","slug":"sem-amarras-e-com-analise-politica-os-100-dias-do-prefeito-otoniel-teixeira-em-barreiras","status":"publish","type":"post","link":"https:\/\/maisoeste.com.br\/?p=3684","title":{"rendered":"Sem amarras e com an\u00e1lise pol\u00edtica, os Cem dias do Prefeito Otoniel Teixeira em Barreiras"},"content":{"rendered":"\n<p>Gabriel Garcia Marquez, escreveu\u00a0em 1967 o romance\u00a0<em>100 anos de solid\u00e3o<\/em>,\u00a0passando a ser um dos livros mais premiados da Am\u00e9rica Latina.\u00a0Mas nesta quinta-feira, 10 de abril de 2025, vamos\u00a0falar de outros cem, os 100 dias da administra\u00e7\u00e3o do Prefeito Otoniel Teixeira, em Barreiras.\u00a0<\/p>\n\n\n\n<p>Sem trocadilhos, esses cem dias ainda tem sido de\u00a0festa, que come\u00e7ou com sua elei\u00e7\u00e3o em 6 de outubro do ano passado. Claro, como\u00a0n\u00e3o deveria ser diferente, com alguns altos e baixos.<\/p>\n\n\n\n<p>Logo no primeiro dia, a surpresa da elei\u00e7\u00e3o de uma Mesa Diretora da C\u00e2mara pela oposi\u00e7\u00e3o. A figura jovial do novo prefeito tomou contas das ruas, fez um encontro memor\u00e1vel com a imprensa barreirense e\u00a0promoveu um mutir\u00e3o de limpeza, que por sinal t\u00e1 longe de acabar. Convocou um secretariado\u00a0t\u00e9cnico e midi\u00e1tico,\u00a0agradando uns e a outros nem tanto. Falando em agradar, sua aproxima\u00e7\u00e3o com o governador Jer\u00f4nimo foi at\u00e9 bem aceita, quando se chegou a conclus\u00e3o que ele estava vendo benef\u00edcios para a popula\u00e7\u00e3o independente de ideologias e quest\u00f5es partid\u00e1rias. Algu\u00e9m ainda disse: <em>Um ato republicano do prefeito<\/em>.<\/p>\n\n\n\n<p>Come\u00e7ou a fazer parcerias importantes com o governo do estado, negociou e administrou quest\u00f5es pol\u00edticas internas,\u00a0dizem at\u00e9 que com muita habilidade. Comandou um carnaval grandioso e de grandes propor\u00e7\u00f5es,\u00a0foi para avenida, camarotes,\u00a0trios el\u00e9trico,\u00a0at\u00e9 em cima de pared\u00e3o de som, deixando claro para este cronista, que na verdade todos aproveitaram o carnaval de uma maneira ou de outra. Mas quem aproveitou mesmo foi ele,\u00a0a figura p\u00fablica do prefeito Otoniel,\u00a0apareceu em todo lugar e de uma forma leve se apresentou para todo o povo de Barreiras e al\u00e9m fronteiras.\u00a0<\/p>\n\n\n\n<figure class=\"wp-block-image aligncenter size-full\"><img fetchpriority=\"high\" decoding=\"async\" width=\"507\" height=\"492\" src=\"https:\/\/maisoeste.com.br\/wp-content\/uploads\/2025\/04\/fdsfsfd.jpg\" alt=\"\" class=\"wp-image-3690\" srcset=\"https:\/\/maisoeste.com.br\/wp-content\/uploads\/2025\/04\/fdsfsfd.jpg 507w, https:\/\/maisoeste.com.br\/wp-content\/uploads\/2025\/04\/fdsfsfd-300x291.jpg 300w\" sizes=\"(max-width: 507px) 100vw, 507px\" \/><\/figure>\n\n\n\n<p>Um ponto que precisa ser destacado nesses 100 dias, \u00e9 a parceria existente em prefeito e o Vice T\u00falio Viana. Uma parceira que come\u00e7ou na campanha\u00a0e vem at\u00e9 hoje,\u00a0 pelo que sei, o vice T\u00falio Viana vem\u00a0tendo um espa\u00e7o de interesses\u00a0no governo Otoniel.<\/p>\n\n\n\n<p>Em janeiro, escrevemos um artigo que falava sobre a lua de mel de Otoniel, passados esses 100 dias, esse momento que todos os administradores municipais passam, chega a hora de fazer as avalia\u00e7\u00f5es do que est\u00e1 dando certo, o que precisa ser mudado e ao mesmo tempo tra\u00e7ar planos para os pr\u00f3ximos meses e anos da administra\u00e7\u00e3o<\/p>\n\n\n\n<p>Em uma declara\u00e7\u00e3o exclusiva que o Site Mais Oeste, o prefeito Otoniel disse que est\u00e1 sendo bem tranquila a condu\u00e7\u00e3o dos trabalhos, reafirmou que n\u00e3o pretende ser um prefeito de gabinete, porque sempre estar\u00e1 na rua participando do dia a dia da cidade, ouvindo e vendo os anseios da popula\u00e7\u00e3o. Ali\u00e1s, quando fala em participar, Otoniel vem mostrando que n\u00e3o veio para ficar olhando. Recentemente, em um evento no parque, ele e outras pessoas da prefeitura tomaram banho de mangueira proporcionado pelo carro do corpo de bombeiros, juntamente em um momento de lazer com a crian\u00e7ada, cena n\u00e3o comum para o gestor p\u00fablico. Novos tempos tamb\u00e9m neste aspecto na cidade.<\/p>\n\n\n\n<p>Ent\u00e3o, 100 dias se passaram, agora s\u00f3 faltam mais 1.361 dias para que a administra\u00e7\u00e3o do prefeito Otoniel Teixeira continue levando a cidade de Barreiras a passos largos para o desenvolvimento e progresso, legado deixado pelo antecessor Zito Barbosa.<\/p>\n\n\n\n<p><strong>Texto &#8211; Ronimarkes Mota<\/strong><\/p>\n","protected":false},"excerpt":{"rendered":"<p>Gabriel Garcia Marquez, escreveu\u00a0em 1967 o romance\u00a0100 anos de solid\u00e3o,\u00a0passando a ser um dos livros mais premiados da Am\u00e9rica Latina.\u00a0Mas nesta quinta-feira, 10 de abril de 2025, vamos\u00a0falar de outros cem, os 100 dias da administra\u00e7\u00e3o do Prefeito Otoniel Teixeira, em Barreiras.\u00a0 Sem trocadilhos, esses cem dias ainda tem sido de\u00a0festa, que come\u00e7ou com sua [&hellip;]<\/p>\n","protected":false},"author":1,"featured_media":3691,"comment_status":"open","ping_status":"closed","sticky":false,"template":"","format":"standard","meta":{"site-sidebar-layout":"default","site-content-layout":"","ast-site-content-layout":"default","site-content-style":"default","site-sidebar-style":"default","ast-global-header-display":"","ast-banner-title-visibility":"","ast-main-header-display":"","ast-hfb-above-header-display":"","ast-hfb-below-header-display":"","ast-hfb-mobile-header-display":"","site-post-title":"","ast-breadcrumbs-content":"","ast-featured-img":"","footer-sml-layout":"","theme-transparent-header-meta":"","adv-header-id-meta":"","stick-header-meta":"","header-above-stick-meta":"","header-main-stick-meta":"","header-below-stick-meta":"","astra-migrate-meta-layouts":"set","ast-page-background-enabled":"default","ast-page-background-meta":{"desktop":{"background-color":"var(--ast-global-color-4)","background-image":"","background-repeat":"repeat","background-position":"center center","background-size":"auto","background-attachment":"scroll","background-type":"","background-media":"","overlay-type":"","overlay-color":"","overlay-opacity":"","overlay-gradient":""},"tablet":{"background-color":"","background-image":"","background-repeat":"repeat","background-position":"center center","background-size":"auto","background-attachment":"scroll","background-type":"","background-media":"","overlay-type":"","overlay-color":"","overlay-opacity":"","overlay-gradient":""},"mobile":{"background-color":"","background-image":"","background-repeat":"repeat","background-position":"center center","background-size":"auto","background-attachment":"scroll","background-type":"","background-media":"","overlay-type":"","overlay-color":"","overlay-opacity":"","overlay-gradient":""}},"ast-content-background-meta":{"desktop":{"background-color":"var(--ast-global-color-5)","background-image":"","background-repeat":"repeat","background-position":"center center","background-size":"auto","background-attachment":"scroll","background-type":"","background-media":"","overlay-type":"","overlay-color":"","overlay-opacity":"","overlay-gradient":""},"tablet":{"background-color":"var(--ast-global-color-5)","background-image":"","background-repeat":"repeat","background-position":"center center","background-size":"auto","background-attachment":"scroll","background-type":"","background-media":"","overlay-type":"","overlay-color":"","overlay-opacity":"","overlay-gradient":""},"mobile":{"background-color":"var(--ast-global-color-5)","background-image":"","background-repeat":"repeat","background-position":"center center","background-size":"auto","background-attachment":"scroll","background-type":"","background-media":"","overlay-type":"","overlay-color":"","overlay-opacity":"","overlay-gradient":""}},"footnotes":""},"categories":[84],"tags":[122],"class_list":["post-3684","post","type-post","status-publish","format-standard","has-post-thumbnail","hentry","category-politica","tag-manchetes"],"_links":{"self":[{"href":"https:\/\/maisoeste.com.br\/index.php?rest_route=\/wp\/v2\/posts\/3684","targetHints":{"allow":["GET"]}}],"collection":[{"href":"https:\/\/maisoeste.com.br\/index.php?rest_route=\/wp\/v2\/posts"}],"about":[{"href":"https:\/\/maisoeste.com.br\/index.php?rest_route=\/wp\/v2\/types\/post"}],"author":[{"embeddable":true,"href":"https:\/\/maisoeste.com.br\/index.php?rest_route=\/wp\/v2\/users\/1"}],"replies":[{"embeddable":true,"href":"https:\/\/maisoeste.com.br\/index.php?rest_route=%2Fwp%2Fv2%2Fcomments&post=3684"}],"version-history":[{"count":4,"href":"https:\/\/maisoeste.com.br\/index.php?rest_route=\/wp\/v2\/posts\/3684\/revisions"}],"predecessor-version":[{"id":3694,"href":"https:\/\/maisoeste.com.br\/index.php?rest_route=\/wp\/v2\/posts\/3684\/revisions\/3694"}],"wp:featuredmedia":[{"embeddable":true,"href":"https:\/\/maisoeste.com.br\/index.php?rest_route=\/wp\/v2\/media\/3691"}],"wp:attachment":[{"href":"https:\/\/maisoeste.com.br\/index.php?rest_route=%2Fwp%2Fv2%2Fmedia&parent=3684"}],"wp:term":[{"taxonomy":"category","embeddable":true,"href":"https:\/\/maisoeste.com.br\/index.php?rest_route=%2Fwp%2Fv2%2Fcategories&post=3684"},{"taxonomy":"post_tag","embeddable":true,"href":"https:\/\/maisoeste.com.br\/index.php?rest_route=%2Fwp%2Fv2%2Ftags&post=3684"}],"curies":[{"name":"wp","href":"https:\/\/api.w.org\/{rel}","templated":true}]}}