{"id":3687,"date":"2025-04-10T11:38:48","date_gmt":"2025-04-10T14:38:48","guid":{"rendered":"https:\/\/maisoeste.com.br\/?p=3687"},"modified":"2025-04-10T11:38:48","modified_gmt":"2025-04-10T14:38:48","slug":"bahia-farm-show-2025-promete-movimentar-a-economia-regional","status":"publish","type":"post","link":"https:\/\/maisoeste.com.br\/?p=3687","title":{"rendered":"Bahia Farm Show 2025 promete movimentar a economia regional"},"content":{"rendered":"\n<p>A Bahia Farm Show n\u00e3o s\u00f3 re\u00fane os maiores nomes do agroneg\u00f3cio nacional, mas tamb\u00e9m se destaca como um motor de crescimento econ\u00f4mico que impulsiona diversas \u00e1reas, como o com\u00e9rcio e os servi\u00e7os. A dois meses do seu in\u00edcio, a pr\u00f3xima edi\u00e7\u00e3o da maior feira de tecnologia agr\u00edcola do Norte\/Nordeste j\u00e1 come\u00e7a a movimentar as empresas de v\u00e1rios segmentos da economia que dar\u00e3o suporte \u00e0 realiza\u00e7\u00e3o do evento, que ser\u00e1 realizado entre os dias 9 a 14 de junho, em Lu\u00eds Eduardo Magalh\u00e3es. Empresas e profissionais ligados \u00e0 montagem e desmontagem de estandes, ag\u00eancias de viagens, hot\u00e9is, buffets e restaurantes e vigil\u00e2ncia patrimonial e limpeza, dentre outros, come\u00e7am a se planejar para oferecer os seus produtos e servi\u00e7os.<\/p>\n\n\n\n<p>Para a gerente do Hotel Solar Rio das Pedras, Luana Corsi, o planejamento para o evento come\u00e7a ainda na edi\u00e7\u00e3o anterior, quando s\u00e3o confirmados os dias da feira. \u201cNeste momento, as entidades e empresas que se hospedam conosco, fazem as reservas com um ano de anteced\u00eancia. Durante o per\u00edodo, temos 100% dos nossos apartamentos ocupados. \u00c9 uma \u00e9poca que nos preparamos com a contrata\u00e7\u00e3o de mais profissionais para atender toda a demanda do per\u00edodo\u201d, afirma.<\/p>\n\n\n\n<p>A gerente da ag\u00eancia de viagens Redon do Brasil, Adriana Camargo, explica que o per\u00edodo da Bahia Farm Show \u00e9 de alta demanda de transporte, seja a\u00e9reo ou rodovi\u00e1rio, com deslocamento de todo o Brasil at\u00e9 a regi\u00e3o. \u201cTemos atualmente duas op\u00e7\u00f5es de voos diretos di\u00e1rios saindo de Salvador e de Belo Horizonte at\u00e9 o aeroporto de Barreiras. Tamb\u00e9m utilizamos as linhas de \u00f4nibus convencionais ou fretados para trazermos os expositores e visitantes at\u00e9 a feira em Lu\u00eds Eduardo Magalh\u00e3es\u201d, explica ela, que v\u00ea o per\u00edodo da Bahia Farm como um dos mais importantes do ano para o setor de viagens do oeste baiano.<\/p>\n\n\n\n<p>Outro segmento bastante aquecido no per\u00edodo \u00e9 de restaurantes, buffets e lanches em geral, com alta demanda dentro e fora do complexo Bahia Farm Show. \u201cEstaremos com um restaurante dentro da feira para melhor atender expositores e visitantes. Esta opera\u00e7\u00e3o demanda muito planejamento, investimento e esfor\u00e7o, com as contrata\u00e7\u00f5es e treinamentos necess\u00e1rios para atender o p\u00fablico, que \u00e9 bastante exigente\u201d, afirma Fabiane Paloschi do restaurante Territ\u00f3rio Steakhouse.<\/p>\n\n\n\n<p>Desenvolvimento &#8211; Ao analisar a import\u00e2ncia da feira para a regi\u00e3o, o secret\u00e1rio de desenvolvimento econ\u00f4mico de Lu\u00eds Eduardo Magalh\u00e3es, Nei Vilares, entende que a Bahia Farm Show tem um impacto significativo na economia local e regional. \u201cAntes, durante e depois da feira, centenas de empresas, comerciantes e prestadores de servi\u00e7os experimentam um aumento consider\u00e1vel em seus neg\u00f3cios, refletindo o dinamismo econ\u00f4mico gerado pelo setor do agroneg\u00f3cio e de uma feira dessa magnitude. Isso resulta na cria\u00e7\u00e3o de empregos tempor\u00e1rios e no fortalecimento de diversos setores da economia que se beneficiam diretamente do fluxo de visitantes e expositores\u201d, afirma.<\/p>\n\n\n\n<p>Para o presidente da Bahia Farm Show, Mois\u00e9s Schmidt, a feira se consolidou como um vetor de desenvolvimento regional, sendo considerada a maior oportunidade do ano para que as empresas encontrem na feira uma plataforma para fazer crescer os seus neg\u00f3cios, estreitar rela\u00e7\u00f5es comerciais e impulsionar o desenvolvimento da economia regional. \u201cCom a constante evolu\u00e7\u00e3o e a busca por inova\u00e7\u00e3o, a feira continuar\u00e1 a ser um marco do agroneg\u00f3cio brasileiro e um ponto crucial para o fortalecimento da economia regional. A feira funciona como um elo entre o campo e a cidade, criando um ambiente prop\u00edcio para novos neg\u00f3cios e parcerias que se refletem diretamente na economia local\u201d, refor\u00e7a.<\/p>\n\n\n\n<p><strong>Assessoria de Imprensa Bahia Farm Show<\/strong><\/p>\n","protected":false},"excerpt":{"rendered":"<p>A Bahia Farm Show n\u00e3o s\u00f3 re\u00fane os maiores nomes do agroneg\u00f3cio nacional, mas tamb\u00e9m se destaca como um motor de crescimento econ\u00f4mico que impulsiona diversas \u00e1reas, como o com\u00e9rcio e os servi\u00e7os. A dois meses do seu in\u00edcio, a pr\u00f3xima edi\u00e7\u00e3o da maior feira de tecnologia agr\u00edcola do Norte\/Nordeste j\u00e1 come\u00e7a a movimentar as [&hellip;]<\/p>\n","protected":false},"author":1,"featured_media":3688,"comment_status":"open","ping_status":"closed","sticky":false,"template":"","format":"standard","meta":{"site-sidebar-layout":"default","site-content-layout":"","ast-site-content-layout":"default","site-content-style":"default","site-sidebar-style":"default","ast-global-header-display":"","ast-banner-title-visibility":"","ast-main-header-display":"","ast-hfb-above-header-display":"","ast-hfb-below-header-display":"","ast-hfb-mobile-header-display":"","site-post-title":"","ast-breadcrumbs-content":"","ast-featured-img":"","footer-sml-layout":"","theme-transparent-header-meta":"","adv-header-id-meta":"","stick-header-meta":"","header-above-stick-meta":"","header-main-stick-meta":"","header-below-stick-meta":"","astra-migrate-meta-layouts":"set","ast-page-background-enabled":"default","ast-page-background-meta":{"desktop":{"background-color":"var(--ast-global-color-4)","background-image":"","background-repeat":"repeat","background-position":"center center","background-size":"auto","background-attachment":"scroll","background-type":"","background-media":"","overlay-type":"","overlay-color":"","overlay-opacity":"","overlay-gradient":""},"tablet":{"background-color":"","background-image":"","background-repeat":"repeat","background-position":"center center","background-size":"auto","background-attachment":"scroll","background-type":"","background-media":"","overlay-type":"","overlay-color":"","overlay-opacity":"","overlay-gradient":""},"mobile":{"background-color":"","background-image":"","background-repeat":"repeat","background-position":"center center","background-size":"auto","background-attachment":"scroll","background-type":"","background-media":"","overlay-type":"","overlay-color":"","overlay-opacity":"","overlay-gradient":""}},"ast-content-background-meta":{"desktop":{"background-color":"var(--ast-global-color-5)","background-image":"","background-repeat":"repeat","background-position":"center center","background-size":"auto","background-attachment":"scroll","background-type":"","background-media":"","overlay-type":"","overlay-color":"","overlay-opacity":"","overlay-gradient":""},"tablet":{"background-color":"var(--ast-global-color-5)","background-image":"","background-repeat":"repeat","background-position":"center center","background-size":"auto","background-attachment":"scroll","background-type":"","background-media":"","overlay-type":"","overlay-color":"","overlay-opacity":"","overlay-gradient":""},"mobile":{"background-color":"var(--ast-global-color-5)","background-image":"","background-repeat":"repeat","background-position":"center center","background-size":"auto","background-attachment":"scroll","background-type":"","background-media":"","overlay-type":"","overlay-color":"","overlay-opacity":"","overlay-gradient":""}},"footnotes":""},"categories":[4],"tags":[122],"class_list":["post-3687","post","type-post","status-publish","format-standard","has-post-thumbnail","hentry","category-brasil","tag-manchetes"],"_links":{"self":[{"href":"https:\/\/maisoeste.com.br\/index.php?rest_route=\/wp\/v2\/posts\/3687","targetHints":{"allow":["GET"]}}],"collection":[{"href":"https:\/\/maisoeste.com.br\/index.php?rest_route=\/wp\/v2\/posts"}],"about":[{"href":"https:\/\/maisoeste.com.br\/index.php?rest_route=\/wp\/v2\/types\/post"}],"author":[{"embeddable":true,"href":"https:\/\/maisoeste.com.br\/index.php?rest_route=\/wp\/v2\/users\/1"}],"replies":[{"embeddable":true,"href":"https:\/\/maisoeste.com.br\/index.php?rest_route=%2Fwp%2Fv2%2Fcomments&post=3687"}],"version-history":[{"count":1,"href":"https:\/\/maisoeste.com.br\/index.php?rest_route=\/wp\/v2\/posts\/3687\/revisions"}],"predecessor-version":[{"id":3689,"href":"https:\/\/maisoeste.com.br\/index.php?rest_route=\/wp\/v2\/posts\/3687\/revisions\/3689"}],"wp:featuredmedia":[{"embeddable":true,"href":"https:\/\/maisoeste.com.br\/index.php?rest_route=\/wp\/v2\/media\/3688"}],"wp:attachment":[{"href":"https:\/\/maisoeste.com.br\/index.php?rest_route=%2Fwp%2Fv2%2Fmedia&parent=3687"}],"wp:term":[{"taxonomy":"category","embeddable":true,"href":"https:\/\/maisoeste.com.br\/index.php?rest_route=%2Fwp%2Fv2%2Fcategories&post=3687"},{"taxonomy":"post_tag","embeddable":true,"href":"https:\/\/maisoeste.com.br\/index.php?rest_route=%2Fwp%2Fv2%2Ftags&post=3687"}],"curies":[{"name":"wp","href":"https:\/\/api.w.org\/{rel}","templated":true}]}}