{"id":3773,"date":"2025-04-12T07:23:00","date_gmt":"2025-04-12T10:23:00","guid":{"rendered":"https:\/\/maisoeste.com.br\/?p=3773"},"modified":"2025-04-11T17:27:10","modified_gmt":"2025-04-11T20:27:10","slug":"bolsonaro-posta-foto-internado-mas-diz-que-por-ora-nao-sera-preciso-cirurgia","status":"publish","type":"post","link":"https:\/\/maisoeste.com.br\/?p=3773","title":{"rendered":"Bolsonaro posta foto internado, mas diz que, por ora, n\u00e3o ser\u00e1 preciso cirurgia"},"content":{"rendered":"\n<p>O ex-presidente\u00a0Jair Bolsonaro\u00a0(PL) publicou nas redes sociais nesta quarta-feira (10) uma foto em que aparece internado no Hospital Rio Grande, em Natal (RN), e afirmou que precisou ser hospitalizado ap\u00f3s sentir fortes dores abdominais durante compromissos no interior do estado.<\/p>\n\n\n\n<p>Segundo ele, os m\u00e9dicos diagnosticaram uma complica\u00e7\u00e3o no intestino delgado como causa do mal-estar. \u201cConsequ\u00eancia das m\u00faltiplas cirurgias que precisei realizar ap\u00f3s o atentado sofrido em 2018\u201d, escreveu, em refer\u00eancia \u00e0 facada que sofreu durante a campanha eleitoral daquele ano.<\/p>\n\n\n\n<p>Bolsonaro informou que seu quadro est\u00e1 est\u00e1vel, que n\u00e3o h\u00e1 febre e que, at\u00e9 o momento, n\u00e3o ser\u00e1 necess\u00e1ria nova cirurgia.<\/p>\n\n\n\n<p>O ex-presidente agradeceu \u00e0 equipe m\u00e9dica, \u00e0 Pol\u00edcia Militar do Rio Grande do Norte, que fez o transporte de Santa Cruz at\u00e9 Natal, e \u00e0s ora\u00e7\u00f5es e mensagens de apoio que recebeu. \u201cMomentos assim nos lembram da fragilidade da carne e da fortaleza que vem da f\u00e9, da fam\u00edlia e daqueles que permanecem ao nosso lado, mesmo \u00e0 dist\u00e2ncia\u201d, disse Bolsonaro.<\/p>\n\n\n\n<p>Fonte\/\/G1<\/p>\n\n\n\n<p><\/p>\n","protected":false},"excerpt":{"rendered":"<p>O ex-presidente\u00a0Jair Bolsonaro\u00a0(PL) publicou nas redes sociais nesta quarta-feira (10) uma foto em que aparece internado no Hospital Rio Grande, em Natal (RN), e afirmou que precisou ser hospitalizado ap\u00f3s sentir fortes dores abdominais durante compromissos no interior do estado. Segundo ele, os m\u00e9dicos diagnosticaram uma complica\u00e7\u00e3o no intestino delgado como causa do mal-estar. \u201cConsequ\u00eancia [&hellip;]<\/p>\n","protected":false},"author":1,"featured_media":3774,"comment_status":"open","ping_status":"closed","sticky":false,"template":"","format":"standard","meta":{"site-sidebar-layout":"default","site-content-layout":"","ast-site-content-layout":"default","site-content-style":"default","site-sidebar-style":"default","ast-global-header-display":"","ast-banner-title-visibility":"","ast-main-header-display":"","ast-hfb-above-header-display":"","ast-hfb-below-header-display":"","ast-hfb-mobile-header-display":"","site-post-title":"","ast-breadcrumbs-content":"","ast-featured-img":"","footer-sml-layout":"","theme-transparent-header-meta":"","adv-header-id-meta":"","stick-header-meta":"","header-above-stick-meta":"","header-main-stick-meta":"","header-below-stick-meta":"","astra-migrate-meta-layouts":"set","ast-page-background-enabled":"default","ast-page-background-meta":{"desktop":{"background-color":"var(--ast-global-color-4)","background-image":"","background-repeat":"repeat","background-position":"center center","background-size":"auto","background-attachment":"scroll","background-type":"","background-media":"","overlay-type":"","overlay-color":"","overlay-opacity":"","overlay-gradient":""},"tablet":{"background-color":"","background-image":"","background-repeat":"repeat","background-position":"center center","background-size":"auto","background-attachment":"scroll","background-type":"","background-media":"","overlay-type":"","overlay-color":"","overlay-opacity":"","overlay-gradient":""},"mobile":{"background-color":"","background-image":"","background-repeat":"repeat","background-position":"center center","background-size":"auto","background-attachment":"scroll","background-type":"","background-media":"","overlay-type":"","overlay-color":"","overlay-opacity":"","overlay-gradient":""}},"ast-content-background-meta":{"desktop":{"background-color":"var(--ast-global-color-5)","background-image":"","background-repeat":"repeat","background-position":"center center","background-size":"auto","background-attachment":"scroll","background-type":"","background-media":"","overlay-type":"","overlay-color":"","overlay-opacity":"","overlay-gradient":""},"tablet":{"background-color":"var(--ast-global-color-5)","background-image":"","background-repeat":"repeat","background-position":"center center","background-size":"auto","background-attachment":"scroll","background-type":"","background-media":"","overlay-type":"","overlay-color":"","overlay-opacity":"","overlay-gradient":""},"mobile":{"background-color":"var(--ast-global-color-5)","background-image":"","background-repeat":"repeat","background-position":"center center","background-size":"auto","background-attachment":"scroll","background-type":"","background-media":"","overlay-type":"","overlay-color":"","overlay-opacity":"","overlay-gradient":""}},"footnotes":""},"categories":[4],"tags":[122],"class_list":["post-3773","post","type-post","status-publish","format-standard","has-post-thumbnail","hentry","category-brasil","tag-manchetes"],"_links":{"self":[{"href":"https:\/\/maisoeste.com.br\/index.php?rest_route=\/wp\/v2\/posts\/3773","targetHints":{"allow":["GET"]}}],"collection":[{"href":"https:\/\/maisoeste.com.br\/index.php?rest_route=\/wp\/v2\/posts"}],"about":[{"href":"https:\/\/maisoeste.com.br\/index.php?rest_route=\/wp\/v2\/types\/post"}],"author":[{"embeddable":true,"href":"https:\/\/maisoeste.com.br\/index.php?rest_route=\/wp\/v2\/users\/1"}],"replies":[{"embeddable":true,"href":"https:\/\/maisoeste.com.br\/index.php?rest_route=%2Fwp%2Fv2%2Fcomments&post=3773"}],"version-history":[{"count":1,"href":"https:\/\/maisoeste.com.br\/index.php?rest_route=\/wp\/v2\/posts\/3773\/revisions"}],"predecessor-version":[{"id":3775,"href":"https:\/\/maisoeste.com.br\/index.php?rest_route=\/wp\/v2\/posts\/3773\/revisions\/3775"}],"wp:featuredmedia":[{"embeddable":true,"href":"https:\/\/maisoeste.com.br\/index.php?rest_route=\/wp\/v2\/media\/3774"}],"wp:attachment":[{"href":"https:\/\/maisoeste.com.br\/index.php?rest_route=%2Fwp%2Fv2%2Fmedia&parent=3773"}],"wp:term":[{"taxonomy":"category","embeddable":true,"href":"https:\/\/maisoeste.com.br\/index.php?rest_route=%2Fwp%2Fv2%2Fcategories&post=3773"},{"taxonomy":"post_tag","embeddable":true,"href":"https:\/\/maisoeste.com.br\/index.php?rest_route=%2Fwp%2Fv2%2Ftags&post=3773"}],"curies":[{"name":"wp","href":"https:\/\/api.w.org\/{rel}","templated":true}]}}