{"id":3776,"date":"2025-04-12T08:19:01","date_gmt":"2025-04-12T11:19:01","guid":{"rendered":"https:\/\/maisoeste.com.br\/?p=3776"},"modified":"2025-04-12T08:19:02","modified_gmt":"2025-04-12T11:19:02","slug":"ex-presidente-da-aiba-odacil-ranzi-recebe-titulo-de-cidadao-baiano","status":"publish","type":"post","link":"https:\/\/maisoeste.com.br\/?p=3776","title":{"rendered":"Ex-presidente da AIBA, Odacil Ranzi, recebe T\u00edtulo de Cidad\u00e3o Baiano"},"content":{"rendered":"\n<p>O empres\u00e1rio ga\u00facho Odacil Ranzi teve a sua trajet\u00f3ria de vida no Oeste da Bahia reconhecida e eternizada na manh\u00e3 desta sexta-feira (11), ao receber da Assembleia Legislativa da Bahia (ALBA) o T\u00edtulo de Cidad\u00e3o Baiano, em sess\u00e3o especial de outorga que contou com a presen\u00e7a de amigos, familiares e companheiros de luta pelo desenvolvimento agropecu\u00e1rio da regi\u00e3o. A homenagem, de autoria do deputado Eduardo Salles (PP), marcou a hist\u00f3ria do empreendedor, que h\u00e1 45 anos investe na produ\u00e7\u00e3o de alimentos e apoia pequenos produtores rurais.<\/p>\n\n\n\n<p>Em discurso emocionado, Eduardo Salles destacou o impacto do comprometimento de Ranzi no segmento agro da Bahia, e a transforma\u00e7\u00e3o social viabilizada pelo trabalho incans\u00e1vel do homenageado. \u201cHoje \u00e9 o dia em que temos a honra de receber nessa fam\u00edlia dos baianos uma pessoa que tem uma hist\u00f3ria de vida muito importante, de associativismo, e cooperativismo, uma hist\u00f3ria de vida de servi\u00e7os prestados \u00e0 nossa Bahia. Hoje \u00e9 um dia para lembrar a hist\u00f3ria de um dos her\u00f3is da resist\u00eancia\u201d, anunciou Salles, na abertura do pronunciamento.<\/p>\n\n\n\n<p>Conforme ressaltou o proponente da sess\u00e3o, Odacil Ranzi, al\u00e9m de ser um empres\u00e1rio de sucesso, veio para a Bahia com toda vontade e garra de ajudar o pr\u00f3ximo. Segundo o parlamentar, Ranzi participou de in\u00fameras associa\u00e7\u00f5es filantr\u00f3picas de produtores, e militou pelo empreendedorismo coletivo na agricultura e pecu\u00e1ria. Salles tamb\u00e9m fez leitura da biografia do homenageado, uma forma de enaltecer uma trajet\u00f3ria que provocou importantes mudan\u00e7as em uma regi\u00e3o, que hoje \u00e9 de extrema relev\u00e2ncia econ\u00f4mica para o Estado.<\/p>\n\n\n\n<p>\u201cOs primeiros anos foram muito dif\u00edceis, mas promissores. Paralelo \u00e0 agricultura, Odacil comandou durante 22 anos a distribuidora de bebidas que abastecia a regi\u00e3o. Mais uma vez antenado, passou a investir na fruticultura, com a planta\u00e7\u00e3o de banana no per\u00edmetro irrigado Nupeba, em Riach\u00e3o das Neves. Mas os seus servi\u00e7os prestados \u00e0 sociedade civil tamb\u00e9m merecem destaque. Como tesoureiro da Comunidade de Placas, vice-presidente da C\u00e2mara de Dirigentes Lojistas (CDL) de Barreiras, s\u00f3cio-fundador da Cooperativa dos Produtores Rurais da Bahia (cooperfarms), onde tamb\u00e9m foi diretor financeiro e presidente\u201d, prosseguiu Salles na leitura da extensa trajet\u00f3ria profissional.<\/p>\n\n\n\n<p>Atualmente, segundo o deputado, Odacil Ranzi \u00e9 diretor do Departamento do Agro na C\u00e2mara do Com\u00e9rcio Brasil\/Portugal. O perfil empreendedor j\u00e1 havia lhe rendido outras homenagens, sendo reconhecido como uma das 100 personalidades respons\u00e1veis pelo crescimento de Barreiras no Centen\u00e1rio do munic\u00edpio; o t\u00edtulo de Barreirense; o diploma de honra ao m\u00e9rito pela contribui\u00e7\u00e3o para a instala\u00e7\u00e3o da Universidade Federal do Oeste da Bahia (Ufob); o t\u00edtulo de associado do ano pela C\u00e2mara do Com\u00e9rcio do Brasil; e o t\u00edtulo de Cidad\u00e3o Honor\u00e1rio Anjiquense. Odacil Ranzi tamb\u00e9m presidiu a Associa\u00e7\u00e3o de Agricultores e Irrigantes da Bahia (Aiba) de 2021 a 2024, tempo em que pode dar importantes contribui\u00e7\u00f5es.<\/p>\n\n\n\n<p>\u201cOdacil Ranzi foi durante esses anos como presidente da Aiba um baluarte para que a gente pudesse estudar um grande aqu\u00edfero, um grande rio subterr\u00e2neo no Oeste, que \u00e9 o aqu\u00edfero Urucuia. Esse aqu\u00edfero est\u00e1 ali, muitas vezes subutilizado por que n\u00f3s poder\u00edamos ter uma \u00e1rea irrigada muito maior. \u00c0 \u00e9poca, Odacil permitiu que fossem feitos estudos, juntamente com universidades, para sabermos quanto de \u00e1gua tem naquele subsolo, para que a gente possa ampliar. Nosso sonho \u00e9 que a gente saia de 300 mil hectares irrigados no Oeste para um milh\u00e3o de hectares, e com a condi\u00e7\u00e3o de sustentabilidade\u201d, contou Salles.<\/p>\n\n\n\n<p>Al\u00e9m do proponente, subiu \u00e0 tribuna para discursar o deputado federal Jo\u00e3o Le\u00e3o (PP). Em breve an\u00e1lise do contexto atual que envolve o agroneg\u00f3cio e o meio ambiente, Le\u00e3o criticou a burocracia para obten\u00e7\u00e3o das licen\u00e7as ambientais, mas destacou o sucesso do homenageado, que contribuiu para o crescimento da Regi\u00e3o Oeste mesmo com entraves. \u201cEssa sess\u00e3o realmente trouxe uma grande oportunidade para esta Casa. Odacil \u00e9 uma grande figura, um grande homem. Um homem que transformou a sua regi\u00e3o\u201d, disse.<\/p>\n\n\n\n<p><strong>IDENTIFICA\u00c7\u00c3O<\/strong><\/p>\n\n\n\n<p>Para o empres\u00e1rio Odacil Ranzi, que havia sido conduzido ao plen\u00e1rio Orlando Sp\u00ednola pelos deputados Antonio Henrique Junior (PP) e Paulo C\u00e2mara (PSDB), a concess\u00e3o do T\u00edtulo de Cidad\u00e3o Baiano na manh\u00e3 desta sexta-feira coroou a sua hist\u00f3ria de vida de luta pelo empreendedorismo no campo, e reconheceu a sua identifica\u00e7\u00e3o com a Bahia. \u201cCom o cora\u00e7\u00e3o cheio de gratid\u00e3o subo hoje a essa tribuna para agradecer com toda humildade a concess\u00e3o do T\u00edtulo de Cidad\u00e3o Baiano, um gesto que recebo n\u00e3o apenas como uma homenagem, mas como um s\u00edmbolo de pertencimento, de acolhimento e de reconhecimento \u00e0 trajet\u00f3ria que constru\u00ed ao longo de 45 anos nesta terra t\u00e3o generosa. Sou ga\u00facho de nascimento, \u00e9 verdade, mas sou baiano de alma h\u00e1 muito tempo\u201d, disse emocionado.<\/p>\n\n\n\n<p>O t\u00edtulo foi entregue ao homenageado pelas m\u00e3os da esposa Ediana, e das filhas Ana Carolina, Vanessa e L\u00edvia, juntamente com os netos.<\/p>\n\n\n\n<p>Participaram da sess\u00e3o especial de outorga o deputado Paulo C\u00e2mara (PSDB); o ex-governador do Estado da Bahia, Paulo Souto; deputado federal Jo\u00e3o Le\u00e3o (PP); deputado Antonio Henrique Junior (PP); a procuradora de Justi\u00e7a, Marilene Pereira Mota, que representou o procurador-geral de Justi\u00e7a do Estado da Bahia, Pedro Maia; os irm\u00e3os do homenageado L\u00e9o S\u00e9rgio Ranzi, Alceu Ranzi e Pedro Ranzi; o chefe de gabinete Secretaria do Meio Ambiente do Estado da Bahia (Sema), Andr\u00e9 Ferraro, que representou o governo do Estado, juntamente com o diretor-geral da Ag\u00eancia de Defesa Agropecu\u00e1ria, Paulo S\u00e9rgio Menezes Luz; o executivo da Passo Fundo Agro, Janiel Marcos Eli; o vice-presidente da Federa\u00e7\u00e3o das Ind\u00fastrias do Estado da Bahia (Fieb), S\u00e9rgio Pedreira de Souza, representando o presidente da Fieb Carlos Henrique Passos.<\/p>\n\n\n\n<p><strong>BIOGRAFIA<\/strong><\/p>\n\n\n\n<p>Natural de Espumoso, no Rio Grande do Sul, Odacil Ranzi formou-se em t\u00e9cnico de contabilidade em 1972, e graduou-se em Economia pela Universidade de Passo Fundo, em 1977. Chegou ao Oeste da Bahia em 1980. Percebendo a voca\u00e7\u00e3o agr\u00edcola da regi\u00e3o adquiriu uma propriedade rural na localidade de Placas, em Barreiras, onde fundou o Grupo Passo Fundo. J\u00e1 cultivou arroz e soja, e introduziu a cultura do milho na Regi\u00e3o Oeste. Atualmente, produz banana no per\u00edmetro irrigado Nupeba, em Riach\u00e3o das Neves.<\/p>\n\n\n\n<p>Entre muitos feitos, j\u00e1 foi vice-presidente da C\u00e2mara dos Dirigentes Lojistas de Barreiras, s\u00f3cio-fundador da Cooperativa dos Produtores Rurais da Bahia (Cooperfarms), e \u00e9 diretor do Departamento do Agro da C\u00e2mara do Com\u00e9rcio Brasil\/Portugal.<\/p>\n\n\n\n<p>Fonte\/\/ALBA<\/p>\n","protected":false},"excerpt":{"rendered":"<p>O empres\u00e1rio ga\u00facho Odacil Ranzi teve a sua trajet\u00f3ria de vida no Oeste da Bahia reconhecida e eternizada na manh\u00e3 desta sexta-feira (11), ao receber da Assembleia Legislativa da Bahia (ALBA) o T\u00edtulo de Cidad\u00e3o Baiano, em sess\u00e3o especial de outorga que contou com a presen\u00e7a de amigos, familiares e companheiros de luta pelo desenvolvimento [&hellip;]<\/p>\n","protected":false},"author":1,"featured_media":3777,"comment_status":"open","ping_status":"closed","sticky":false,"template":"","format":"standard","meta":{"site-sidebar-layout":"default","site-content-layout":"","ast-site-content-layout":"default","site-content-style":"default","site-sidebar-style":"default","ast-global-header-display":"","ast-banner-title-visibility":"","ast-main-header-display":"","ast-hfb-above-header-display":"","ast-hfb-below-header-display":"","ast-hfb-mobile-header-display":"","site-post-title":"","ast-breadcrumbs-content":"","ast-featured-img":"","footer-sml-layout":"","theme-transparent-header-meta":"","adv-header-id-meta":"","stick-header-meta":"","header-above-stick-meta":"","header-main-stick-meta":"","header-below-stick-meta":"","astra-migrate-meta-layouts":"set","ast-page-background-enabled":"default","ast-page-background-meta":{"desktop":{"background-color":"var(--ast-global-color-4)","background-image":"","background-repeat":"repeat","background-position":"center center","background-size":"auto","background-attachment":"scroll","background-type":"","background-media":"","overlay-type":"","overlay-color":"","overlay-opacity":"","overlay-gradient":""},"tablet":{"background-color":"","background-image":"","background-repeat":"repeat","background-position":"center center","background-size":"auto","background-attachment":"scroll","background-type":"","background-media":"","overlay-type":"","overlay-color":"","overlay-opacity":"","overlay-gradient":""},"mobile":{"background-color":"","background-image":"","background-repeat":"repeat","background-position":"center center","background-size":"auto","background-attachment":"scroll","background-type":"","background-media":"","overlay-type":"","overlay-color":"","overlay-opacity":"","overlay-gradient":""}},"ast-content-background-meta":{"desktop":{"background-color":"var(--ast-global-color-5)","background-image":"","background-repeat":"repeat","background-position":"center center","background-size":"auto","background-attachment":"scroll","background-type":"","background-media":"","overlay-type":"","overlay-color":"","overlay-opacity":"","overlay-gradient":""},"tablet":{"background-color":"var(--ast-global-color-5)","background-image":"","background-repeat":"repeat","background-position":"center center","background-size":"auto","background-attachment":"scroll","background-type":"","background-media":"","overlay-type":"","overlay-color":"","overlay-opacity":"","overlay-gradient":""},"mobile":{"background-color":"var(--ast-global-color-5)","background-image":"","background-repeat":"repeat","background-position":"center center","background-size":"auto","background-attachment":"scroll","background-type":"","background-media":"","overlay-type":"","overlay-color":"","overlay-opacity":"","overlay-gradient":""}},"footnotes":""},"categories":[4],"tags":[122],"class_list":["post-3776","post","type-post","status-publish","format-standard","has-post-thumbnail","hentry","category-brasil","tag-manchetes"],"_links":{"self":[{"href":"https:\/\/maisoeste.com.br\/index.php?rest_route=\/wp\/v2\/posts\/3776","targetHints":{"allow":["GET"]}}],"collection":[{"href":"https:\/\/maisoeste.com.br\/index.php?rest_route=\/wp\/v2\/posts"}],"about":[{"href":"https:\/\/maisoeste.com.br\/index.php?rest_route=\/wp\/v2\/types\/post"}],"author":[{"embeddable":true,"href":"https:\/\/maisoeste.com.br\/index.php?rest_route=\/wp\/v2\/users\/1"}],"replies":[{"embeddable":true,"href":"https:\/\/maisoeste.com.br\/index.php?rest_route=%2Fwp%2Fv2%2Fcomments&post=3776"}],"version-history":[{"count":1,"href":"https:\/\/maisoeste.com.br\/index.php?rest_route=\/wp\/v2\/posts\/3776\/revisions"}],"predecessor-version":[{"id":3778,"href":"https:\/\/maisoeste.com.br\/index.php?rest_route=\/wp\/v2\/posts\/3776\/revisions\/3778"}],"wp:featuredmedia":[{"embeddable":true,"href":"https:\/\/maisoeste.com.br\/index.php?rest_route=\/wp\/v2\/media\/3777"}],"wp:attachment":[{"href":"https:\/\/maisoeste.com.br\/index.php?rest_route=%2Fwp%2Fv2%2Fmedia&parent=3776"}],"wp:term":[{"taxonomy":"category","embeddable":true,"href":"https:\/\/maisoeste.com.br\/index.php?rest_route=%2Fwp%2Fv2%2Fcategories&post=3776"},{"taxonomy":"post_tag","embeddable":true,"href":"https:\/\/maisoeste.com.br\/index.php?rest_route=%2Fwp%2Fv2%2Ftags&post=3776"}],"curies":[{"name":"wp","href":"https:\/\/api.w.org\/{rel}","templated":true}]}}