{"id":3782,"date":"2025-04-12T08:21:42","date_gmt":"2025-04-12T11:21:42","guid":{"rendered":"https:\/\/maisoeste.com.br\/?p=3782"},"modified":"2025-04-12T08:21:43","modified_gmt":"2025-04-12T11:21:43","slug":"audiencia-publica-debate-direitos-igualdade-e-empoderamento-das-mulheres-na-camara-de-vereadores-de-barreiras","status":"publish","type":"post","link":"https:\/\/maisoeste.com.br\/?p=3782","title":{"rendered":"Audi\u00eancia P\u00fablica debate direitos, igualdade e empoderamento das mulheres na C\u00e2mara de Vereadores de Barreiras"},"content":{"rendered":"\n<p>Na quinta-feira (10), a C\u00e2mara dos Vereadores de Barreiras foi palco de uma importante Audi\u00eancia P\u00fablica com o tema &#8220;Para Todas as Meninas e Mulheres: Direitos, Igualdade e Empoderamento&#8221;, realizada no Plen\u00e1rio Dr. Aroldo Cavalcante. O evento, uma iniciativa do Colegiado de Desenvolvimento Territorial da Bacia do Rio Grande (Codeter), teve uma abertura especial com a apresenta\u00e7\u00e3o das mulheres da Orquestra de Ukulele. A Audi\u00eancia reuniu diversas autoridades e representantes de institui\u00e7\u00f5es comprometidas com a defesa dos direitos das mulheres na regi\u00e3o.<\/p>\n\n\n\n<p>A mesa foi conduzida pela vice-presidente da C\u00e2mara de Vereadores, Carm\u00e9lia da Mata, e composta pela&nbsp;secret\u00e1ria de Pol\u00edticas para as Mulheres do Governo da Bahia,&nbsp;Neusa Cadore; vereadora Silma Alves;&nbsp;secret\u00e1ria de Assist\u00eancia Social e Trabalho,&nbsp;Ivanete Bastos;&nbsp;&nbsp;coordenadora do Colegiado Territorial da Bacia do Rio Grande (Codeter),&nbsp;Nilza Martins; tamb\u00e9m Dra. Amanda Genari, representando a Defensoria P\u00fablica; a Dra. Mar\u00edlia Matos, delegada titular da Delegacia Especializada no Atendimento \u00e0 Mulher (DEAM); e Lily Castilho, presidente do Conselho Municipal dos Direitos da Mulher. Tamb\u00e9m participaram as vereadoras Dic\u00edola Baqueiro, Beza e Delma Pedra, al\u00e9m de outras lideran\u00e7as e representantes da sociedade civil.<\/p>\n\n\n\n<p>O principal objetivo da audi\u00eancia foi apresentar propostas de pol\u00edticas p\u00fablicas, a\u00e7\u00f5es, projetos e programas institucionais, promovendo uma atua\u00e7\u00e3o conjunta e colaborativa entre diferentes setores. A din\u00e2mica do evento foi dividida em tr\u00eas blocos de falas, permitindo ampla participa\u00e7\u00e3o das institui\u00e7\u00f5es e representantes da sociedade civil.&nbsp;A secret\u00e1ria Ivanete Bastos, representando o prefeito Otoniel Teixeira, ressaltou a import\u00e2ncia do di\u00e1logo e das reflex\u00f5es sobre os desafios na garantia dos direitos das mulheres de Barreiras.<\/p>\n\n\n\n<p>&#8220;\u00c9 fundamental promovermos o di\u00e1logo e a reflex\u00e3o sobre os desafios na garantia dos direitos das mulheres de Barreiras. Precisamos fortalecer e proteger essas mulheres, e para isso, contamos com todas as parcerias presentes nesta audi\u00eancia. A cria\u00e7\u00e3o da&nbsp;Secretaria da Mulher j\u00e1 est\u00e1&nbsp;prevista no Plano de Governo Municipal e sabemos que a viol\u00eancia contra as mulheres se manifesta de diversas formas, atingindo seus direitos \u00e0 vida, \u00e0 sa\u00fade e \u00e0 integridade f\u00edsica. Precisamos refletir sobre essas quest\u00f5es e tomar medidas concretas para minimizar esse problema&#8221;, ressaltou.<\/p>\n\n\n\n<p>A coordenadora do Centro de Refer\u00eancia de Atendimento \u00e0 Mulher (CRAM), Thailane da Silva, enfatizou a relev\u00e2ncia do atendimento humanizado oferecido pelo centro. &#8220;Todas as mulheres, cis e trans, s\u00e3o bem-vindas e tratadas com respeito, recebendo suporte psicosocial e encaminhamentos jur\u00eddicos quando necess\u00e1rio. O CRAM est\u00e1 sempre em busca de apoio para fortalecer essas mulheres e garantir seus direitos&#8221;, destacou.<\/p>\n\n\n\n<p>A coordenadora do Codeter, Nilza Martins, enfatizou a import\u00e2ncia da articula\u00e7\u00e3o entre diferentes institui\u00e7\u00f5es na constru\u00e7\u00e3o de pol\u00edticas p\u00fablicas para as mulheres.&nbsp;&#8220;Essa audi\u00eancia \u00e9 fruto de um esfor\u00e7o coletivo articulado com diversas institui\u00e7\u00f5es. Essa uni\u00e3o \u00e9 fundamental para fortalecer essa constru\u00e7\u00e3o, pois sabemos que n\u00e3o \u00e9 f\u00e1cil alcan\u00e7ar essas conquistas. Temos uma longa trajet\u00f3ria de luta. Como professora universit\u00e1ria, j\u00e1 presenciei in\u00fameras vezes minhas alunas tentando estudar enquanto seus filhos dormiam nos bancos. A constru\u00e7\u00e3o de creches \u00e9 essencial para garantir que essas mulheres tenham condi\u00e7\u00f5es reais de acesso \u00e0 educa\u00e7\u00e3o&#8221;, pontuou.<\/p>\n\n\n\n<p>A secret\u00e1ria Neusa Cadore ouviu todas as propostas de interven\u00e7\u00f5es e reafirmou seu compromisso com a melhoria das pol\u00edticas p\u00fablicas para as mulheres da Bahia, com aten\u00e7\u00e3o especial \u00e0 regi\u00e3o Oeste do estado.&nbsp;&#8220;Estamos implementando o projeto &#8216;OXE! Respeite&#8217;, que tem como objetivo discutir temas como viol\u00eancia de g\u00eanero, gravidez na adolesc\u00eancia e homofobia no ambiente escolar. O projeto busca prevenir e enfrentar a viol\u00eancia baseada em g\u00eanero, alinhado \u00e0 Lei Maria da Penha, promovendo uma maior conscientiza\u00e7\u00e3o e reflex\u00e3o sobre essas quest\u00f5es&#8221;, falou a secret\u00e1ria.<\/p>\n\n\n\n<p>Entre as demais convidadas e autoridades que contribu\u00edram com o debate estavam a Dra. Lilian Castro de Oliveira, vice-presidente da OAB subse\u00e7\u00e3o Barreiras; Taciana Carvalho, representando a FUNDIFRAN e o Coletivo de Mulheres Flor do Cerrado; al\u00e9m de representantes do CET em Movimento &#8211; Associa\u00e7\u00e3o para o Desenvolvimento Sustent\u00e1vel dos Territ\u00f3rios de Identidade da Bahia. Tamb\u00e9m estiveram presentes Marilde Gomes, presidenta da Academia Barreirense de Letras; mulheres de Formosa do Rio Preto; e Fernanda Henn, presidente da Associa\u00e7\u00e3o dos Pescadores &#8211; Apariogrande.<\/p>\n\n\n\n<p><strong>Dircom<\/strong><\/p>\n","protected":false},"excerpt":{"rendered":"<p>Na quinta-feira (10), a C\u00e2mara dos Vereadores de Barreiras foi palco de uma importante Audi\u00eancia P\u00fablica com o tema &#8220;Para Todas as Meninas e Mulheres: Direitos, Igualdade e Empoderamento&#8221;, realizada no Plen\u00e1rio Dr. Aroldo Cavalcante. O evento, uma iniciativa do Colegiado de Desenvolvimento Territorial da Bacia do Rio Grande (Codeter), teve uma abertura especial com [&hellip;]<\/p>\n","protected":false},"author":1,"featured_media":3783,"comment_status":"open","ping_status":"closed","sticky":false,"template":"","format":"standard","meta":{"site-sidebar-layout":"default","site-content-layout":"","ast-site-content-layout":"default","site-content-style":"default","site-sidebar-style":"default","ast-global-header-display":"","ast-banner-title-visibility":"","ast-main-header-display":"","ast-hfb-above-header-display":"","ast-hfb-below-header-display":"","ast-hfb-mobile-header-display":"","site-post-title":"","ast-breadcrumbs-content":"","ast-featured-img":"","footer-sml-layout":"","theme-transparent-header-meta":"","adv-header-id-meta":"","stick-header-meta":"","header-above-stick-meta":"","header-main-stick-meta":"","header-below-stick-meta":"","astra-migrate-meta-layouts":"set","ast-page-background-enabled":"default","ast-page-background-meta":{"desktop":{"background-color":"var(--ast-global-color-4)","background-image":"","background-repeat":"repeat","background-position":"center center","background-size":"auto","background-attachment":"scroll","background-type":"","background-media":"","overlay-type":"","overlay-color":"","overlay-opacity":"","overlay-gradient":""},"tablet":{"background-color":"","background-image":"","background-repeat":"repeat","background-position":"center center","background-size":"auto","background-attachment":"scroll","background-type":"","background-media":"","overlay-type":"","overlay-color":"","overlay-opacity":"","overlay-gradient":""},"mobile":{"background-color":"","background-image":"","background-repeat":"repeat","background-position":"center center","background-size":"auto","background-attachment":"scroll","background-type":"","background-media":"","overlay-type":"","overlay-color":"","overlay-opacity":"","overlay-gradient":""}},"ast-content-background-meta":{"desktop":{"background-color":"var(--ast-global-color-5)","background-image":"","background-repeat":"repeat","background-position":"center center","background-size":"auto","background-attachment":"scroll","background-type":"","background-media":"","overlay-type":"","overlay-color":"","overlay-opacity":"","overlay-gradient":""},"tablet":{"background-color":"var(--ast-global-color-5)","background-image":"","background-repeat":"repeat","background-position":"center center","background-size":"auto","background-attachment":"scroll","background-type":"","background-media":"","overlay-type":"","overlay-color":"","overlay-opacity":"","overlay-gradient":""},"mobile":{"background-color":"var(--ast-global-color-5)","background-image":"","background-repeat":"repeat","background-position":"center center","background-size":"auto","background-attachment":"scroll","background-type":"","background-media":"","overlay-type":"","overlay-color":"","overlay-opacity":"","overlay-gradient":""}},"footnotes":""},"categories":[45],"tags":[122],"class_list":["post-3782","post","type-post","status-publish","format-standard","has-post-thumbnail","hentry","category-esportes","tag-manchetes"],"_links":{"self":[{"href":"https:\/\/maisoeste.com.br\/index.php?rest_route=\/wp\/v2\/posts\/3782","targetHints":{"allow":["GET"]}}],"collection":[{"href":"https:\/\/maisoeste.com.br\/index.php?rest_route=\/wp\/v2\/posts"}],"about":[{"href":"https:\/\/maisoeste.com.br\/index.php?rest_route=\/wp\/v2\/types\/post"}],"author":[{"embeddable":true,"href":"https:\/\/maisoeste.com.br\/index.php?rest_route=\/wp\/v2\/users\/1"}],"replies":[{"embeddable":true,"href":"https:\/\/maisoeste.com.br\/index.php?rest_route=%2Fwp%2Fv2%2Fcomments&post=3782"}],"version-history":[{"count":1,"href":"https:\/\/maisoeste.com.br\/index.php?rest_route=\/wp\/v2\/posts\/3782\/revisions"}],"predecessor-version":[{"id":3784,"href":"https:\/\/maisoeste.com.br\/index.php?rest_route=\/wp\/v2\/posts\/3782\/revisions\/3784"}],"wp:featuredmedia":[{"embeddable":true,"href":"https:\/\/maisoeste.com.br\/index.php?rest_route=\/wp\/v2\/media\/3783"}],"wp:attachment":[{"href":"https:\/\/maisoeste.com.br\/index.php?rest_route=%2Fwp%2Fv2%2Fmedia&parent=3782"}],"wp:term":[{"taxonomy":"category","embeddable":true,"href":"https:\/\/maisoeste.com.br\/index.php?rest_route=%2Fwp%2Fv2%2Fcategories&post=3782"},{"taxonomy":"post_tag","embeddable":true,"href":"https:\/\/maisoeste.com.br\/index.php?rest_route=%2Fwp%2Fv2%2Ftags&post=3782"}],"curies":[{"name":"wp","href":"https:\/\/api.w.org\/{rel}","templated":true}]}}