{"id":3791,"date":"2025-04-14T06:57:15","date_gmt":"2025-04-14T09:57:15","guid":{"rendered":"https:\/\/maisoeste.com.br\/?p=3791"},"modified":"2025-04-14T06:57:16","modified_gmt":"2025-04-14T09:57:16","slug":"cesar-borges-elogia-gestao-de-jeronimo-dificil-encontrar-uma-pessoa-tao-cortes-como-o-senhor","status":"publish","type":"post","link":"https:\/\/maisoeste.com.br\/?p=3791","title":{"rendered":"C\u00e9sar Borges elogia gest\u00e3o de Jer\u00f4nimo: \u2018Dif\u00edcil encontrar uma pessoa t\u00e3o cort\u00eas como o senhor\u2019"},"content":{"rendered":"\n<p>Durante a agenda oficial do governador\u00a0<strong>Jer\u00f4nimo Rodrigues (PT<\/strong>) em\u00a0<strong>Jequi\u00e9<\/strong>, no Sudoeste baiano, o ex-governador e ex-ministro C\u00e9sar Borges fez uma declara\u00e7\u00e3o p\u00fablica de apoio e admira\u00e7\u00e3o \u00e0 condu\u00e7\u00e3o pol\u00edtica do atual chefe do Executivo estadual. A fala ocorreu na \u00faltima sexta-feira (11), durante o lan\u00e7amento oficial da\u00a0<strong>44\u00aa Exposi\u00e7\u00e3o Agropecu\u00e1ria, Industrial e Comercial de Jequi\u00e9 (Expo Jequi\u00e9 2025)<\/strong>, evento que contou com a presen\u00e7a de autoridades municipais e estaduais.<\/p>\n\n\n\n<p>A manifesta\u00e7\u00e3o de Borges ganhou repercuss\u00e3o por se tratar de uma figura com hist\u00f3rico pol\u00edtico ligado ao grupo comandado pelo ex-senador Antonio Carlos Magalh\u00e3es, av\u00f4 do ex-prefeito\u00a0<strong>ACM Neto<\/strong>, que atualmente \u00e9 o principal advers\u00e1rio do PT na Bahia. Ao elogiar o estilo de lideran\u00e7a e a forma como Jer\u00f4nimo conduz o governo, Borges sinalizou uma reaproxima\u00e7\u00e3o com o grupo pol\u00edtico atualmente no poder no Estado, demonstrando respeito \u00e0 postura conciliadora e \u00e0 dedica\u00e7\u00e3o do governador ao desenvolvimento da Bahia.<\/p>\n\n\n\n<p>\u201cConfesso aqui publicamente que \u00e9 dif\u00edcil encontrar uma pessoa t\u00e3o cort\u00eas, amiga, aberta e de conversa fraterna como o senhor\u201d, disse C\u00e9sar sobre o governador petista.<\/p>\n\n\n\n<h2 class=\"wp-block-heading\">Expo Jequi\u00e9 2025: evento deve movimentar economia local<\/h2>\n\n\n\n<p>Com previs\u00e3o de acontecer entre os dias 24 de maio e 1\u00ba de junho, a Expo Jequi\u00e9 2025 promete atrair milhares de visitantes ao Parque de Exposi\u00e7\u00f5es Luiz Carlos Braga. Em sua 44\u00aa edi\u00e7\u00e3o, a exposi\u00e7\u00e3o re\u00fane produtores rurais, empreendedores, institui\u00e7\u00f5es financeiras, representantes governamentais e a sociedade civil em uma programa\u00e7\u00e3o voltada \u00e0 agropecu\u00e1ria, \u00e0 ind\u00fastria e ao com\u00e9rcio.<\/p>\n\n\n\n<p>A estrutura da feira ocupar\u00e1 uma \u00e1rea de 23 hectares, com estandes de exibi\u00e7\u00e3o de maquin\u00e1rios agr\u00edcolas, insumos, alimentos e produtos artesanais, al\u00e9m de espa\u00e7os dedicados a servi\u00e7os financeiros e solu\u00e7\u00f5es tecnol\u00f3gicas voltadas ao campo. A organiza\u00e7\u00e3o conta com o apoio da Secretaria da Agricultura, Pecu\u00e1ria, Irriga\u00e7\u00e3o, Pesca e Aquicultura (Seagri), al\u00e9m da participa\u00e7\u00e3o de \u00f3rg\u00e3os como a Adab, Bahiater e Bahia Pesca.<\/p>\n\n\n\n<p>A presen\u00e7a do governador na abertura do evento foi destacada como um gesto in\u00e9dito na hist\u00f3ria da cidade e refor\u00e7a a aproxima\u00e7\u00e3o do governo estadual com o setor produtivo da regi\u00e3o.<\/p>\n\n\n\n<h2 class=\"wp-block-heading\">Entrega de habita\u00e7\u00f5es refor\u00e7a a\u00e7\u00f5es sociais do governo em Jequi\u00e9<\/h2>\n\n\n\n<p>Encerrando a agenda de tr\u00eas dias no munic\u00edpio, Jer\u00f4nimo Rodrigues participou da inaugura\u00e7\u00e3o de 95 unidades habitacionais do programa\u00a0<strong>Minha Casa, Minha Vida (MCMV)<\/strong>\u00a0Bahia, no Condom\u00ednio Jequiezinho. Os im\u00f3veis foram constru\u00eddos pela Companhia de Desenvolvimento Urbano do Estado da Bahia (Conder), com investimento de<strong>\u00a0R$ 18,2 milh\u00f5es<\/strong>\u00a0provenientes do governo estadual.<\/p>\n\n\n\n<p>As moradias, destinadas a fam\u00edlias em situa\u00e7\u00e3o de vulnerabilidade social, contam com dois quartos, sala, cozinha, banheiro e \u00e1rea de servi\u00e7o, al\u00e9m de \u00e1reas comuns como pra\u00e7a, parque infantil, centro comunit\u00e1rio e estacionamento. Os beneficiados foram v\u00edtimas de uma enchente que atingiu Jequi\u00e9 h\u00e1 tr\u00eas anos e agora passam a viver em condi\u00e7\u00f5es mais seguras e dignas.<\/p>\n\n\n\n<p>Segundo o governador, a a\u00e7\u00e3o integra o esfor\u00e7o do governo baiano para ampliar o acesso \u00e0 moradia e promover inclus\u00e3o social em diferentes regi\u00f5es do estado.<\/p>\n\n\n\n<h2 class=\"wp-block-heading\">Nova escola de tempo integral amplia oferta educacional em Jequi\u00e9<\/h2>\n\n\n\n<p>A visita do governador tamb\u00e9m incluiu a inaugura\u00e7\u00e3o da nova sede do Col\u00e9gio Estadual de Tempo Integral Lu\u00eds Navarro de Brito. Com um investimento superior a<strong>&nbsp;R$ 27 milh\u00f5es<\/strong>, a unidade passou a contar com 12 salas de aula, biblioteca, teatro, sala de dan\u00e7a, restaurante estudantil, quadra coberta, campo de futebol society e laborat\u00f3rios modernos.<\/p>\n\n\n\n<p>A entrega faz parte de um programa de expans\u00e3o da rede de escolas de tempo integral na Bahia. Desde 2023, 78 novas unidades foram constru\u00eddas, 40 ampliadas e 55 modernizadas. A estrutura da nova escola est\u00e1 alinhada ao objetivo de melhorar o desempenho escolar e ampliar o acesso ao ensino t\u00e9cnico e profissional, contribuindo para o desenvolvimento regional.<\/p>\n\n\n\n<p>Fonte\/\/Muita Informa\u00e7\u00e3o<\/p>\n\n\n\n<figure class=\"wp-block-image aligncenter size-full\"><img fetchpriority=\"high\" decoding=\"async\" width=\"830\" height=\"137\" src=\"https:\/\/maisoeste.com.br\/wp-content\/uploads\/2025\/04\/IMG_4557-300x300-1.jpg\" alt=\"\" class=\"wp-image-3702\" srcset=\"https:\/\/maisoeste.com.br\/wp-content\/uploads\/2025\/04\/IMG_4557-300x300-1.jpg 830w, https:\/\/maisoeste.com.br\/wp-content\/uploads\/2025\/04\/IMG_4557-300x300-1-300x50.jpg 300w, https:\/\/maisoeste.com.br\/wp-content\/uploads\/2025\/04\/IMG_4557-300x300-1-768x127.jpg 768w, https:\/\/maisoeste.com.br\/wp-content\/uploads\/2025\/04\/IMG_4557-300x300-1-600x99.jpg 600w\" sizes=\"(max-width: 830px) 100vw, 830px\" \/><\/figure>\n","protected":false},"excerpt":{"rendered":"<p>Durante a agenda oficial do governador\u00a0Jer\u00f4nimo Rodrigues (PT) em\u00a0Jequi\u00e9, no Sudoeste baiano, o ex-governador e ex-ministro C\u00e9sar Borges fez uma declara\u00e7\u00e3o p\u00fablica de apoio e admira\u00e7\u00e3o \u00e0 condu\u00e7\u00e3o pol\u00edtica do atual chefe do Executivo estadual. A fala ocorreu na \u00faltima sexta-feira (11), durante o lan\u00e7amento oficial da\u00a044\u00aa Exposi\u00e7\u00e3o Agropecu\u00e1ria, Industrial e Comercial de Jequi\u00e9 (Expo [&hellip;]<\/p>\n","protected":false},"author":1,"featured_media":3792,"comment_status":"open","ping_status":"closed","sticky":false,"template":"","format":"standard","meta":{"site-sidebar-layout":"default","site-content-layout":"","ast-site-content-layout":"default","site-content-style":"default","site-sidebar-style":"default","ast-global-header-display":"","ast-banner-title-visibility":"","ast-main-header-display":"","ast-hfb-above-header-display":"","ast-hfb-below-header-display":"","ast-hfb-mobile-header-display":"","site-post-title":"","ast-breadcrumbs-content":"","ast-featured-img":"","footer-sml-layout":"","theme-transparent-header-meta":"","adv-header-id-meta":"","stick-header-meta":"","header-above-stick-meta":"","header-main-stick-meta":"","header-below-stick-meta":"","astra-migrate-meta-layouts":"set","ast-page-background-enabled":"default","ast-page-background-meta":{"desktop":{"background-color":"var(--ast-global-color-4)","background-image":"","background-repeat":"repeat","background-position":"center center","background-size":"auto","background-attachment":"scroll","background-type":"","background-media":"","overlay-type":"","overlay-color":"","overlay-opacity":"","overlay-gradient":""},"tablet":{"background-color":"","background-image":"","background-repeat":"repeat","background-position":"center center","background-size":"auto","background-attachment":"scroll","background-type":"","background-media":"","overlay-type":"","overlay-color":"","overlay-opacity":"","overlay-gradient":""},"mobile":{"background-color":"","background-image":"","background-repeat":"repeat","background-position":"center center","background-size":"auto","background-attachment":"scroll","background-type":"","background-media":"","overlay-type":"","overlay-color":"","overlay-opacity":"","overlay-gradient":""}},"ast-content-background-meta":{"desktop":{"background-color":"var(--ast-global-color-5)","background-image":"","background-repeat":"repeat","background-position":"center center","background-size":"auto","background-attachment":"scroll","background-type":"","background-media":"","overlay-type":"","overlay-color":"","overlay-opacity":"","overlay-gradient":""},"tablet":{"background-color":"var(--ast-global-color-5)","background-image":"","background-repeat":"repeat","background-position":"center center","background-size":"auto","background-attachment":"scroll","background-type":"","background-media":"","overlay-type":"","overlay-color":"","overlay-opacity":"","overlay-gradient":""},"mobile":{"background-color":"var(--ast-global-color-5)","background-image":"","background-repeat":"repeat","background-position":"center center","background-size":"auto","background-attachment":"scroll","background-type":"","background-media":"","overlay-type":"","overlay-color":"","overlay-opacity":"","overlay-gradient":""}},"footnotes":""},"categories":[84],"tags":[122],"class_list":["post-3791","post","type-post","status-publish","format-standard","has-post-thumbnail","hentry","category-politica","tag-manchetes"],"_links":{"self":[{"href":"https:\/\/maisoeste.com.br\/index.php?rest_route=\/wp\/v2\/posts\/3791","targetHints":{"allow":["GET"]}}],"collection":[{"href":"https:\/\/maisoeste.com.br\/index.php?rest_route=\/wp\/v2\/posts"}],"about":[{"href":"https:\/\/maisoeste.com.br\/index.php?rest_route=\/wp\/v2\/types\/post"}],"author":[{"embeddable":true,"href":"https:\/\/maisoeste.com.br\/index.php?rest_route=\/wp\/v2\/users\/1"}],"replies":[{"embeddable":true,"href":"https:\/\/maisoeste.com.br\/index.php?rest_route=%2Fwp%2Fv2%2Fcomments&post=3791"}],"version-history":[{"count":1,"href":"https:\/\/maisoeste.com.br\/index.php?rest_route=\/wp\/v2\/posts\/3791\/revisions"}],"predecessor-version":[{"id":3793,"href":"https:\/\/maisoeste.com.br\/index.php?rest_route=\/wp\/v2\/posts\/3791\/revisions\/3793"}],"wp:featuredmedia":[{"embeddable":true,"href":"https:\/\/maisoeste.com.br\/index.php?rest_route=\/wp\/v2\/media\/3792"}],"wp:attachment":[{"href":"https:\/\/maisoeste.com.br\/index.php?rest_route=%2Fwp%2Fv2%2Fmedia&parent=3791"}],"wp:term":[{"taxonomy":"category","embeddable":true,"href":"https:\/\/maisoeste.com.br\/index.php?rest_route=%2Fwp%2Fv2%2Fcategories&post=3791"},{"taxonomy":"post_tag","embeddable":true,"href":"https:\/\/maisoeste.com.br\/index.php?rest_route=%2Fwp%2Fv2%2Ftags&post=3791"}],"curies":[{"name":"wp","href":"https:\/\/api.w.org\/{rel}","templated":true}]}}