{"id":3810,"date":"2025-04-14T08:16:00","date_gmt":"2025-04-14T11:16:00","guid":{"rendered":"https:\/\/maisoeste.com.br\/?p=3810"},"modified":"2025-04-14T11:18:42","modified_gmt":"2025-04-14T14:18:42","slug":"mario-vargas-llosa-escritor-e-nobel-da-literatura-morre-aos-89-anos","status":"publish","type":"post","link":"https:\/\/maisoeste.com.br\/?p=3810","title":{"rendered":"Mario Vargas Llosa, escritor e Nobel da Literatura, morre aos 89 anos"},"content":{"rendered":"\n<p>O escritor Mario Vargas Llosa,\u00a0vencedor do Nobel da Literatura em 2010, morreu neste domingo (13), em Lima, no Peru. A morte foi anunciada pelo filho, \u00c1lvaro. A causa n\u00e3o foi informada. &#8220;\u00c9 com profundo pesar que anunciamos que nosso pai, Mario Vargas Llosa, faleceu hoje em Lima, cercado pacificamente por sua fam\u00edlia&#8221;, escreveu nas redes sociais.<\/p>\n\n\n\n<p>&#8220;Sua partida entristece seus parentes, amigos e seus leitores ao redor do mundo, mas nos consola saber que ele teve uma vida longa, m\u00faltipla e frut\u00edfera, e deixa atr\u00e1s de si uma obra que o sobreviver\u00e1.&#8221;<\/p>\n\n\n\n<p>&#8220;Agradecemos de cora\u00e7\u00e3o o carinho e o apoio recebidos e pedimos que sejam respeitadas nossas instru\u00e7\u00f5es. N\u00e3o haver\u00e1 nenhuma cerim\u00f4nia p\u00fablica. No momento da despedida final, nossos pensamentos estar\u00e3o com todos que o leram e o admiraram. Ap\u00f3s o adeus em fam\u00edlia, seus restos, conforme sua vontade, ser\u00e3o cremados.&#8221;<\/p>\n\n\n\n<p>Nascido na cidade de Arequipa, no sul do Peru, em 28 de mar\u00e7o de 1936 em uma fam\u00edlia de classe m\u00e9dia, foi educado por sua m\u00e3e e seus av\u00f3s maternos em Cochabamba (Bol\u00edvia) e depois no Peru. Ap\u00f3s seus estudos na Academia Militar de Lima, obteve uma licenciatura em letras e, ainda muito jovem, deu seus primeiros passos no jornalismo.<\/p>\n\n\n\n<p>Instalou-se em 1959 em Paris, onde se casou com sua tia Julia Urquidi, 10 anos mais velha, e exerceu v\u00e1rias profiss\u00f5es: tradutor, professor de espanhol e jornalista da Agence France-Presse.<\/p>\n\n\n\n<p>Anos depois, separou-se de Urquidi e se casou com sua prima-irm\u00e3 e sobrinha de sua ex-esposa, Patricia Llosa, com quem teve tr\u00eas filhos e 50 anos de rela\u00e7\u00e3o. Vargas Llosa se divorciou de Patricia ap\u00f3s iniciar em 2015, com quase 80 anos, um romance com uma figura conhecida do mundo madrilenho, Isabel Preysler, ex-mulher do cantor Julio Iglesias.<\/p>\n\n\n\n<h2 class=\"wp-block-heading\">Prol\u00edfica carreira liter\u00e1ria<\/h2>\n\n\n\n<p>Vargas Llosa foi um dos grandes protagonistas, juntamente com o colombiano Gabriel Garc\u00eda M\u00e1rquez, o argentino Julio Cort\u00e1zar, e o mexicano Carlos Fuentes, do &#8220;boom latino-americano&#8221;, um fen\u00f4meno liter\u00e1rio que, nas d\u00e9cadas de 1960 e 1970, tornou os jovens autores conhecidos em todo o mundo.<\/p>\n\n\n\n<p>Sua longa carreira liter\u00e1ria decolou em 1959, quando publicou seu primeiro livro de relatos, &#8220;Os Chefes&#8221;, com o qual obteve o Pr\u00eamio Leopoldo Alas. Depois, ganhou notoriedade com a publica\u00e7\u00e3o de &#8220;A Cidade e Os Cachorros&#8221;, em 1963, seguida tr\u00eas anos depois por &#8220;A Casa Verde&#8221;. Seu prest\u00edgio se consolidou com &#8220;Conversa no Catedral&#8221; (1969).<\/p>\n\n\n\n<p>Com suas obras traduzidas para 30 idiomas, Vargas Llosa foi prestigiado com os pr\u00eamios Cervantes, Pr\u00edncipe de Ast\u00farias das Letras, Biblioteca Breve, o da Cr\u00edtica Espanhola, o Pr\u00eamio Nacional de Novela do Peru e o R\u00f3mulo Gallegos. Obteve a nacionalidade espanhola em 1993.<\/p>\n\n\n\n<p>Admirado por sua descri\u00e7\u00e3o das realidades sociais em obras-primas da literatura, no plano pol\u00edtico seus posicionamentos liberais provocaram hostilidade em um meio intelectual que geralmente tende \u00e0 esquerda.<\/p>\n\n\n\n<p>&#8220;N\u00f3s, latino-americanos, somos sonhadores por natureza e temos problemas para diferenciar o mundo real e a fic\u00e7\u00e3o. \u00c9 por isso que temos \u00f3timos m\u00fasicos, poetas, pintores e escritores, e tamb\u00e9m governantes t\u00e3o horr\u00edveis e med\u00edocres&#8221;, disse em 2010.<\/p>\n\n\n\n<p>Naquele ano, recebeu o Pr\u00eamio Nobel de Literatura por sua\u00a0&#8220;cartografia das estruturas de poder e suas imagens vigorosas sobre a resist\u00eancia, revolta e derrota individual&#8221;, justificou a real Academia sueca. &#8220;Acredito estar recebendo este pr\u00eamio por minha obra mais do que por minhas opini\u00f5es pol\u00edticas. Mas se minhas opini\u00f5es em defesa da liberdade foram levadas em conta, isso me alegra muito\u201d, disse.<\/p>\n\n\n\n<p>O\u00a0peruano, ent\u00e3o com 74 anos, disse que gostaria de ser lembrado, antes de tudo, como um escritor.\u00a0\u201cQuando escrevo, a pol\u00edtica \u00e9 sempre secund\u00e1ria, a literatura \u00e9 algo maior.&#8221;<\/p>\n\n\n\n<p>Vargas Llosa foi o primeiro escritor a entrar na Academia Francesa sem nunca ter escrito nada em franc\u00eas. Eleito pelos &#8220;Imortais&#8221; da Academia em novembro de 2021, o escritor hispano-peruano assumui sua cadeira de n\u00famero 18.<\/p>\n\n\n\n<p>Vargas Llosa foi aceito quase que por unanimidade pelos acad\u00eamicos e foi recebido em sua posse, em 2023, pelo &#8220;protetor&#8221; da Academia, o presidente franc\u00eas, Emmanuel Macron.<\/p>\n\n\n\n<p>O escritor tamb\u00e9m era membro da Real Academia Espanhola, assim como da peruana e s\u00f3cio-correspondente da Academia Brasileira de Letras (ABL). O autor peruano dizia que queria continuar escrevendo at\u00e9 o \u00faltimo dia de sua vida e cumpriu sua palavra com a publica\u00e7\u00e3o de obras como &#8220;O Her\u00f3i discreto&#8221;, ou &#8220;Tempos \u00c1speros&#8221;, sobre a agitada hist\u00f3ria recente da Guatemala, que lhe rendeu o Pr\u00eamio Francisco Umbral de Romance.<\/p>\n\n\n\n<p>Fonte\/\/G1<\/p>\n","protected":false},"excerpt":{"rendered":"<p>O escritor Mario Vargas Llosa,\u00a0vencedor do Nobel da Literatura em 2010, morreu neste domingo (13), em Lima, no Peru. A morte foi anunciada pelo filho, \u00c1lvaro. A causa n\u00e3o foi informada. &#8220;\u00c9 com profundo pesar que anunciamos que nosso pai, Mario Vargas Llosa, faleceu hoje em Lima, cercado pacificamente por sua fam\u00edlia&#8221;, escreveu nas redes [&hellip;]<\/p>\n","protected":false},"author":1,"featured_media":3811,"comment_status":"open","ping_status":"closed","sticky":false,"template":"","format":"standard","meta":{"site-sidebar-layout":"default","site-content-layout":"","ast-site-content-layout":"default","site-content-style":"default","site-sidebar-style":"default","ast-global-header-display":"","ast-banner-title-visibility":"","ast-main-header-display":"","ast-hfb-above-header-display":"","ast-hfb-below-header-display":"","ast-hfb-mobile-header-display":"","site-post-title":"","ast-breadcrumbs-content":"","ast-featured-img":"","footer-sml-layout":"","theme-transparent-header-meta":"","adv-header-id-meta":"","stick-header-meta":"","header-above-stick-meta":"","header-main-stick-meta":"","header-below-stick-meta":"","astra-migrate-meta-layouts":"set","ast-page-background-enabled":"default","ast-page-background-meta":{"desktop":{"background-color":"var(--ast-global-color-4)","background-image":"","background-repeat":"repeat","background-position":"center center","background-size":"auto","background-attachment":"scroll","background-type":"","background-media":"","overlay-type":"","overlay-color":"","overlay-opacity":"","overlay-gradient":""},"tablet":{"background-color":"","background-image":"","background-repeat":"repeat","background-position":"center center","background-size":"auto","background-attachment":"scroll","background-type":"","background-media":"","overlay-type":"","overlay-color":"","overlay-opacity":"","overlay-gradient":""},"mobile":{"background-color":"","background-image":"","background-repeat":"repeat","background-position":"center center","background-size":"auto","background-attachment":"scroll","background-type":"","background-media":"","overlay-type":"","overlay-color":"","overlay-opacity":"","overlay-gradient":""}},"ast-content-background-meta":{"desktop":{"background-color":"var(--ast-global-color-5)","background-image":"","background-repeat":"repeat","background-position":"center center","background-size":"auto","background-attachment":"scroll","background-type":"","background-media":"","overlay-type":"","overlay-color":"","overlay-opacity":"","overlay-gradient":""},"tablet":{"background-color":"var(--ast-global-color-5)","background-image":"","background-repeat":"repeat","background-position":"center center","background-size":"auto","background-attachment":"scroll","background-type":"","background-media":"","overlay-type":"","overlay-color":"","overlay-opacity":"","overlay-gradient":""},"mobile":{"background-color":"var(--ast-global-color-5)","background-image":"","background-repeat":"repeat","background-position":"center center","background-size":"auto","background-attachment":"scroll","background-type":"","background-media":"","overlay-type":"","overlay-color":"","overlay-opacity":"","overlay-gradient":""}},"footnotes":""},"categories":[4],"tags":[122],"class_list":["post-3810","post","type-post","status-publish","format-standard","has-post-thumbnail","hentry","category-brasil","tag-manchetes"],"_links":{"self":[{"href":"https:\/\/maisoeste.com.br\/index.php?rest_route=\/wp\/v2\/posts\/3810","targetHints":{"allow":["GET"]}}],"collection":[{"href":"https:\/\/maisoeste.com.br\/index.php?rest_route=\/wp\/v2\/posts"}],"about":[{"href":"https:\/\/maisoeste.com.br\/index.php?rest_route=\/wp\/v2\/types\/post"}],"author":[{"embeddable":true,"href":"https:\/\/maisoeste.com.br\/index.php?rest_route=\/wp\/v2\/users\/1"}],"replies":[{"embeddable":true,"href":"https:\/\/maisoeste.com.br\/index.php?rest_route=%2Fwp%2Fv2%2Fcomments&post=3810"}],"version-history":[{"count":1,"href":"https:\/\/maisoeste.com.br\/index.php?rest_route=\/wp\/v2\/posts\/3810\/revisions"}],"predecessor-version":[{"id":3812,"href":"https:\/\/maisoeste.com.br\/index.php?rest_route=\/wp\/v2\/posts\/3810\/revisions\/3812"}],"wp:featuredmedia":[{"embeddable":true,"href":"https:\/\/maisoeste.com.br\/index.php?rest_route=\/wp\/v2\/media\/3811"}],"wp:attachment":[{"href":"https:\/\/maisoeste.com.br\/index.php?rest_route=%2Fwp%2Fv2%2Fmedia&parent=3810"}],"wp:term":[{"taxonomy":"category","embeddable":true,"href":"https:\/\/maisoeste.com.br\/index.php?rest_route=%2Fwp%2Fv2%2Fcategories&post=3810"},{"taxonomy":"post_tag","embeddable":true,"href":"https:\/\/maisoeste.com.br\/index.php?rest_route=%2Fwp%2Fv2%2Ftags&post=3810"}],"curies":[{"name":"wp","href":"https:\/\/api.w.org\/{rel}","templated":true}]}}