{"id":3967,"date":"2025-04-23T07:00:00","date_gmt":"2025-04-23T10:00:00","guid":{"rendered":"https:\/\/maisoeste.com.br\/?p=3967"},"modified":"2025-04-23T07:12:20","modified_gmt":"2025-04-23T10:12:20","slug":"pascoa-na-praca-reune-familias-movimenta-a-economia-e-celebra-a-tradicao-crista-em-barreiras","status":"publish","type":"post","link":"https:\/\/maisoeste.com.br\/?p=3967","title":{"rendered":"P\u00e1scoa na Pra\u00e7a re\u00fane fam\u00edlias, movimenta a economia e celebra a tradi\u00e7\u00e3o crist\u00e3 em Barreiras"},"content":{"rendered":"\n<p>A edi\u00e7\u00e3o 2025 da P\u00e1scoa na Pra\u00e7a transformou o centro de Barreiras em um espa\u00e7o de celebra\u00e7\u00e3o, lazer e oportunidades de neg\u00f3cios durante a Semana Santa. Realizada pela Prefeitura, por meio das secretarias de Agricultura e Tecnologia, e Ind\u00fastria, Com\u00e9rcio e Servi\u00e7os, a programa\u00e7\u00e3o atraiu centenas de fam\u00edlias \u00e0 Pra\u00e7a Castro Alves e \u00e0 tradicional Vila do Peixe.<\/p>\n\n\n\n<p>Com ambiente decorado, atra\u00e7\u00f5es musicais e pra\u00e7a de alimenta\u00e7\u00e3o diversificada, a Pra\u00e7a Castro Alves se tornou o principal ponto de encontro durante os quatro dias de evento. O p\u00fablico contou ainda com espa\u00e7os instagram\u00e1veis, apresenta\u00e7\u00f5es de artistas locais como Ramon Arievilo, Bella Cruz e Daniel Cruz, al\u00e9m da feira de artesanato organizada pela Associa\u00e7\u00e3o Barreirense de Artesanato (Asbart).<\/p>\n\n\n\n<p>Ao lado do marido Jo\u00e3o Paulo e da filha Lara, a moradora Raquel Silva elogiou a estrutura do evento. \u201cA pra\u00e7a est\u00e1 linda, cheia de vida e com muitas op\u00e7\u00f5es para as crian\u00e7as. Foi uma surpresa muito positiva ver nossa cidade com uma programa\u00e7\u00e3o assim, que acolhe e encanta toda a fam\u00edlia\u201d, comentou.<\/p>\n\n\n\n<p>Al\u00e9m do entretenimento, o evento impulsionou o com\u00e9rcio local. Mais de 35 empreendedores participaram da P\u00e1scoa na Pra\u00e7a, e outros 14 produtores comercializaram seus produtos na Vila do Peixe, que ofereceu pescados variados como tambaqui, pintado, panga, til\u00e1pia, surubim, dourado, pirarucu, al\u00e9m de camar\u00f5es frescos e secos. Segundo a Secretaria de Agricultura e Tecnologia, foram vendidas mais de 20 toneladas de pescado, com um p\u00fablico estimado em duas mil pessoas durante a semana.<\/p>\n\n\n\n<p>Rec\u00e9m-chegado a Barreiras, o empreendedor Davi Camilo, natural de Goi\u00e2nia, comemorou o sucesso nas vendas. \u201cA estrutura oferecida pela Prefeitura, sem cobran\u00e7a de taxas, foi essencial. Pude apresentar meus produtos e ainda tive um \u00f3timo faturamento. Foi uma experi\u00eancia muito positiva, que mostra o quanto Barreiras acolhe e valoriza o pequeno empreendedor\u201d, afirmou.<\/p>\n\n\n\n<p>O prefeito Otoniel Teixeira participou do evento ao lado da primeira-dama Chaliny Matutino, do vice-prefeito T\u00falio Viana, do ex-prefeito Zito Barbosa e dos secret\u00e1rios e subsecret\u00e1rios Joaquim Neto, In\u00e1cio Macedo, Mori\u00e1 Hummel e Cristiane Pacheco, tamb\u00e9m de vereadores e demais secret\u00e1rios e subsecret\u00e1rios municipais. Ele destacou o simbolismo da P\u00e1scoa e o papel do evento na promo\u00e7\u00e3o da conviv\u00eancia e no fortalecimento da economia local.<\/p>\n\n\n\n<p>\u201cA Semana Santa \u00e9 um momento de renova\u00e7\u00e3o, f\u00e9 e uni\u00e3o. Neste ano, buscamos celebrar essa data t\u00e3o especial promovendo encontros familiares, cultura e desenvolvimento. A Vila do Peixe e a P\u00e1scoa na Pra\u00e7a mostraram o potencial que temos de valorizar nossas tradi\u00e7\u00f5es e movimentar a economia com eventos bem organizados e pensados para todos. Agrade\u00e7o a cada servidor e cidad\u00e3o que fez parte dessa grande celebra\u00e7\u00e3o\u201d, ressaltou o gestor.<\/p>\n\n\n\n<p><strong>Dircom<\/strong><\/p>\n\n\n\n<figure class=\"wp-block-image aligncenter size-full is-resized\"><img fetchpriority=\"high\" decoding=\"async\" width=\"830\" height=\"137\" src=\"https:\/\/maisoeste.com.br\/wp-content\/uploads\/2025\/04\/IMG_4557-300x300-1.jpg\" alt=\"\" class=\"wp-image-3702\" style=\"width:1200px;height:auto\" srcset=\"https:\/\/maisoeste.com.br\/wp-content\/uploads\/2025\/04\/IMG_4557-300x300-1.jpg 830w, https:\/\/maisoeste.com.br\/wp-content\/uploads\/2025\/04\/IMG_4557-300x300-1-300x50.jpg 300w, https:\/\/maisoeste.com.br\/wp-content\/uploads\/2025\/04\/IMG_4557-300x300-1-768x127.jpg 768w, https:\/\/maisoeste.com.br\/wp-content\/uploads\/2025\/04\/IMG_4557-300x300-1-600x99.jpg 600w\" sizes=\"(max-width: 830px) 100vw, 830px\" \/><\/figure>\n","protected":false},"excerpt":{"rendered":"<p>A edi\u00e7\u00e3o 2025 da P\u00e1scoa na Pra\u00e7a transformou o centro de Barreiras em um espa\u00e7o de celebra\u00e7\u00e3o, lazer e oportunidades de neg\u00f3cios durante a Semana Santa. Realizada pela Prefeitura, por meio das secretarias de Agricultura e Tecnologia, e Ind\u00fastria, Com\u00e9rcio e Servi\u00e7os, a programa\u00e7\u00e3o atraiu centenas de fam\u00edlias \u00e0 Pra\u00e7a Castro Alves e \u00e0 tradicional [&hellip;]<\/p>\n","protected":false},"author":1,"featured_media":3968,"comment_status":"open","ping_status":"closed","sticky":false,"template":"","format":"standard","meta":{"site-sidebar-layout":"default","site-content-layout":"","ast-site-content-layout":"default","site-content-style":"default","site-sidebar-style":"default","ast-global-header-display":"","ast-banner-title-visibility":"","ast-main-header-display":"","ast-hfb-above-header-display":"","ast-hfb-below-header-display":"","ast-hfb-mobile-header-display":"","site-post-title":"","ast-breadcrumbs-content":"","ast-featured-img":"","footer-sml-layout":"","theme-transparent-header-meta":"","adv-header-id-meta":"","stick-header-meta":"","header-above-stick-meta":"","header-main-stick-meta":"","header-below-stick-meta":"","astra-migrate-meta-layouts":"set","ast-page-background-enabled":"default","ast-page-background-meta":{"desktop":{"background-color":"var(--ast-global-color-4)","background-image":"","background-repeat":"repeat","background-position":"center center","background-size":"auto","background-attachment":"scroll","background-type":"","background-media":"","overlay-type":"","overlay-color":"","overlay-opacity":"","overlay-gradient":""},"tablet":{"background-color":"","background-image":"","background-repeat":"repeat","background-position":"center center","background-size":"auto","background-attachment":"scroll","background-type":"","background-media":"","overlay-type":"","overlay-color":"","overlay-opacity":"","overlay-gradient":""},"mobile":{"background-color":"","background-image":"","background-repeat":"repeat","background-position":"center center","background-size":"auto","background-attachment":"scroll","background-type":"","background-media":"","overlay-type":"","overlay-color":"","overlay-opacity":"","overlay-gradient":""}},"ast-content-background-meta":{"desktop":{"background-color":"var(--ast-global-color-5)","background-image":"","background-repeat":"repeat","background-position":"center center","background-size":"auto","background-attachment":"scroll","background-type":"","background-media":"","overlay-type":"","overlay-color":"","overlay-opacity":"","overlay-gradient":""},"tablet":{"background-color":"var(--ast-global-color-5)","background-image":"","background-repeat":"repeat","background-position":"center center","background-size":"auto","background-attachment":"scroll","background-type":"","background-media":"","overlay-type":"","overlay-color":"","overlay-opacity":"","overlay-gradient":""},"mobile":{"background-color":"var(--ast-global-color-5)","background-image":"","background-repeat":"repeat","background-position":"center center","background-size":"auto","background-attachment":"scroll","background-type":"","background-media":"","overlay-type":"","overlay-color":"","overlay-opacity":"","overlay-gradient":""}},"footnotes":""},"categories":[45],"tags":[122],"class_list":["post-3967","post","type-post","status-publish","format-standard","has-post-thumbnail","hentry","category-esportes","tag-manchetes"],"_links":{"self":[{"href":"https:\/\/maisoeste.com.br\/index.php?rest_route=\/wp\/v2\/posts\/3967","targetHints":{"allow":["GET"]}}],"collection":[{"href":"https:\/\/maisoeste.com.br\/index.php?rest_route=\/wp\/v2\/posts"}],"about":[{"href":"https:\/\/maisoeste.com.br\/index.php?rest_route=\/wp\/v2\/types\/post"}],"author":[{"embeddable":true,"href":"https:\/\/maisoeste.com.br\/index.php?rest_route=\/wp\/v2\/users\/1"}],"replies":[{"embeddable":true,"href":"https:\/\/maisoeste.com.br\/index.php?rest_route=%2Fwp%2Fv2%2Fcomments&post=3967"}],"version-history":[{"count":1,"href":"https:\/\/maisoeste.com.br\/index.php?rest_route=\/wp\/v2\/posts\/3967\/revisions"}],"predecessor-version":[{"id":3969,"href":"https:\/\/maisoeste.com.br\/index.php?rest_route=\/wp\/v2\/posts\/3967\/revisions\/3969"}],"wp:featuredmedia":[{"embeddable":true,"href":"https:\/\/maisoeste.com.br\/index.php?rest_route=\/wp\/v2\/media\/3968"}],"wp:attachment":[{"href":"https:\/\/maisoeste.com.br\/index.php?rest_route=%2Fwp%2Fv2%2Fmedia&parent=3967"}],"wp:term":[{"taxonomy":"category","embeddable":true,"href":"https:\/\/maisoeste.com.br\/index.php?rest_route=%2Fwp%2Fv2%2Fcategories&post=3967"},{"taxonomy":"post_tag","embeddable":true,"href":"https:\/\/maisoeste.com.br\/index.php?rest_route=%2Fwp%2Fv2%2Ftags&post=3967"}],"curies":[{"name":"wp","href":"https:\/\/api.w.org\/{rel}","templated":true}]}}