{"id":4025,"date":"2025-04-25T08:02:19","date_gmt":"2025-04-25T11:02:19","guid":{"rendered":"https:\/\/maisoeste.com.br\/?p=4025"},"modified":"2025-04-25T08:11:25","modified_gmt":"2025-04-25T11:11:25","slug":"vice-prefeito-tulio-viana-participa-de-tribuna-popular-para-discutir-reforma-e-ampliacao-do-aeroporto-de-barreiras","status":"publish","type":"post","link":"https:\/\/maisoeste.com.br\/?p=4025","title":{"rendered":"Vice-prefeito T\u00falio Viana participa de Tribuna Popular para discutir reforma e amplia\u00e7\u00e3o do Aeroporto de Barreiras"},"content":{"rendered":"\n<p>Nesta quarta-feira (23), o vice-prefeito de Barreiras, T\u00falio Viana, participou da Tribuna Popular realizada no Plen\u00e1rio Aroldo Cavalcante, da C\u00e2mara de Vereadores, com foco na situa\u00e7\u00e3o atual do Aeroporto Regional Dom Ricardo Weberberger. A sess\u00e3o teve como objetivo apresentar \u00e0 sociedade os avan\u00e7os e os desafios da amplia\u00e7\u00e3o e reforma do aeroporto, bem como os requisitos da Ag\u00eancia Nacional de Avia\u00e7\u00e3o Civil (ANAC) para garantir a continuidade das opera\u00e7\u00f5es.<\/p>\n\n\n\n<p>A iniciativa foi proposta pelo vereador Rider Castro e conduzida pela presidente em exerc\u00edcio da C\u00e2mara, Carm\u00e9lia da Mata. O encontro reuniu representantes da sociedade civil e de entidades locais, como o presidente da CDL, Giovani Zorzo; da ACEB, Jorlando Neves; do IGOB, Marizete Zuttion; da Comiss\u00e3o de Paz e Seguran\u00e7a, Gil Areas; al\u00e9m de Hebert de Andrade, membro da Comiss\u00e3o e do Movimento Decola Oeste, e demais interessados.<\/p>\n\n\n\n<p>O secret\u00e1rio municipal de Infraestrutura, Bruno Castro, e a secret\u00e1ria de Ind\u00fastria, Com\u00e9rcio e Servi\u00e7os, Mori\u00e1 Hummel,&nbsp;tamb\u00e9m&nbsp;estiveram presentes. Durante sua fala, o vereador Rider Castro refor\u00e7ou o papel da mobiliza\u00e7\u00e3o popular para assegurar que&nbsp;o Governo do Estado de fato execute a amplia\u00e7\u00e3o e reforma do aer\u00f3dromo regional.<\/p>\n\n\n\n<p>\u201cA sociedade civil organizada de Barreiras e do Oeste n\u00e3o pode recuar. A ordem de servi\u00e7o vir\u00e1, mas precisamos seguir mobilizados e unidos. S\u00f3 conseguimos avan\u00e7os quando vamos \u00e0s ruas, cobramos e mostramos que estamos atentos. N\u00e3o buscamos reconhecimento, mas sim resultados. E, mesmo com sacrif\u00edcios, vale a pena. Estamos nessa luta h\u00e1 muito tempo e seguiremos firmes\u201d, declarou.<\/p>\n\n\n\n<p>O vice-prefeito T\u00falio Viana ressaltou o empenho da Prefeitura na articula\u00e7\u00e3o institucional com \u00f3rg\u00e3os federais e estaduais. Junto com o prefeito Otoniel Teixeira, tem acompanhado de perto cada etapa do processo, em di\u00e1logo constante com a ANAC e a Infraero.<\/p>\n\n\n\n<p>\u201cO prefeito Otoniel tem tratado essa pauta como prioridade, independentemente de quest\u00f5es partid\u00e1rias. Estivemos juntos em Salvador, em reuni\u00f5es com o Governo do Estado, e em Bras\u00edlia, em audi\u00eancias t\u00e9cnicas na Infraero e na ANAC. Nossa atua\u00e7\u00e3o \u00e9 para garantir que o aeroporto funcione plenamente, pois entendemos seu papel estrat\u00e9gico para o desenvolvimento regional \u2013 seja no turismo, no com\u00e9rcio, na agroind\u00fastria ou na gera\u00e7\u00e3o de empregos\u201d, afirmou.<\/p>\n\n\n\n<p>T\u00falio tamb\u00e9m destacou que essa Tribuna Popular refor\u00e7a o compromisso conjunto de autoridades e sociedade civil com a continuidade da opera\u00e7\u00e3o do aeroporto, considerado pe\u00e7a-chave para o desenvolvimento do Oeste baiano.<\/p>\n\n\n\n<p>&nbsp;\u201cA Prefeitura acompanha detalhadamente todos os tr\u00e2mites burocr\u00e1ticos que envolvem a licita\u00e7\u00e3o das obras. Hoje, seguimos acompanhando todas as etapas, buscando solu\u00e7\u00f5es t\u00e9cnicas junto \u00e0 concession\u00e1ria e \u00e0 ANAC para que o aeroporto n\u00e3o tenha suas opera\u00e7\u00f5es suspensas. O plano de mitiga\u00e7\u00e3o de riscos apresentado foi bem recebido, o que nos d\u00e1 seguran\u00e7a para acreditar que, com esfor\u00e7o conjunto, a obra sair\u00e1 do papel\u201d, concluiu.<\/p>\n\n\n\n<p><strong>Dircom<\/strong><\/p>\n\n\n\n<figure class=\"wp-block-image aligncenter size-full is-resized\"><img fetchpriority=\"high\" decoding=\"async\" width=\"830\" height=\"137\" src=\"https:\/\/maisoeste.com.br\/wp-content\/uploads\/2025\/04\/IMG_4557-300x300-1.jpg\" alt=\"\" class=\"wp-image-3702\" style=\"width:1181px;height:auto\" srcset=\"https:\/\/maisoeste.com.br\/wp-content\/uploads\/2025\/04\/IMG_4557-300x300-1.jpg 830w, https:\/\/maisoeste.com.br\/wp-content\/uploads\/2025\/04\/IMG_4557-300x300-1-300x50.jpg 300w, https:\/\/maisoeste.com.br\/wp-content\/uploads\/2025\/04\/IMG_4557-300x300-1-768x127.jpg 768w, https:\/\/maisoeste.com.br\/wp-content\/uploads\/2025\/04\/IMG_4557-300x300-1-600x99.jpg 600w\" sizes=\"(max-width: 830px) 100vw, 830px\" \/><\/figure>\n","protected":false},"excerpt":{"rendered":"<p>Nesta quarta-feira (23), o vice-prefeito de Barreiras, T\u00falio Viana, participou da Tribuna Popular realizada no Plen\u00e1rio Aroldo Cavalcante, da C\u00e2mara de Vereadores, com foco na situa\u00e7\u00e3o atual do Aeroporto Regional Dom Ricardo Weberberger. A sess\u00e3o teve como objetivo apresentar \u00e0 sociedade os avan\u00e7os e os desafios da amplia\u00e7\u00e3o e reforma do aeroporto, bem como os [&hellip;]<\/p>\n","protected":false},"author":1,"featured_media":4026,"comment_status":"open","ping_status":"closed","sticky":false,"template":"","format":"standard","meta":{"site-sidebar-layout":"default","site-content-layout":"","ast-site-content-layout":"default","site-content-style":"default","site-sidebar-style":"default","ast-global-header-display":"","ast-banner-title-visibility":"","ast-main-header-display":"","ast-hfb-above-header-display":"","ast-hfb-below-header-display":"","ast-hfb-mobile-header-display":"","site-post-title":"","ast-breadcrumbs-content":"","ast-featured-img":"","footer-sml-layout":"","theme-transparent-header-meta":"","adv-header-id-meta":"","stick-header-meta":"","header-above-stick-meta":"","header-main-stick-meta":"","header-below-stick-meta":"","astra-migrate-meta-layouts":"set","ast-page-background-enabled":"default","ast-page-background-meta":{"desktop":{"background-color":"var(--ast-global-color-4)","background-image":"","background-repeat":"repeat","background-position":"center center","background-size":"auto","background-attachment":"scroll","background-type":"","background-media":"","overlay-type":"","overlay-color":"","overlay-opacity":"","overlay-gradient":""},"tablet":{"background-color":"","background-image":"","background-repeat":"repeat","background-position":"center center","background-size":"auto","background-attachment":"scroll","background-type":"","background-media":"","overlay-type":"","overlay-color":"","overlay-opacity":"","overlay-gradient":""},"mobile":{"background-color":"","background-image":"","background-repeat":"repeat","background-position":"center center","background-size":"auto","background-attachment":"scroll","background-type":"","background-media":"","overlay-type":"","overlay-color":"","overlay-opacity":"","overlay-gradient":""}},"ast-content-background-meta":{"desktop":{"background-color":"var(--ast-global-color-5)","background-image":"","background-repeat":"repeat","background-position":"center center","background-size":"auto","background-attachment":"scroll","background-type":"","background-media":"","overlay-type":"","overlay-color":"","overlay-opacity":"","overlay-gradient":""},"tablet":{"background-color":"var(--ast-global-color-5)","background-image":"","background-repeat":"repeat","background-position":"center center","background-size":"auto","background-attachment":"scroll","background-type":"","background-media":"","overlay-type":"","overlay-color":"","overlay-opacity":"","overlay-gradient":""},"mobile":{"background-color":"var(--ast-global-color-5)","background-image":"","background-repeat":"repeat","background-position":"center center","background-size":"auto","background-attachment":"scroll","background-type":"","background-media":"","overlay-type":"","overlay-color":"","overlay-opacity":"","overlay-gradient":""}},"footnotes":""},"categories":[45],"tags":[122],"class_list":["post-4025","post","type-post","status-publish","format-standard","has-post-thumbnail","hentry","category-esportes","tag-manchetes"],"_links":{"self":[{"href":"https:\/\/maisoeste.com.br\/index.php?rest_route=\/wp\/v2\/posts\/4025","targetHints":{"allow":["GET"]}}],"collection":[{"href":"https:\/\/maisoeste.com.br\/index.php?rest_route=\/wp\/v2\/posts"}],"about":[{"href":"https:\/\/maisoeste.com.br\/index.php?rest_route=\/wp\/v2\/types\/post"}],"author":[{"embeddable":true,"href":"https:\/\/maisoeste.com.br\/index.php?rest_route=\/wp\/v2\/users\/1"}],"replies":[{"embeddable":true,"href":"https:\/\/maisoeste.com.br\/index.php?rest_route=%2Fwp%2Fv2%2Fcomments&post=4025"}],"version-history":[{"count":2,"href":"https:\/\/maisoeste.com.br\/index.php?rest_route=\/wp\/v2\/posts\/4025\/revisions"}],"predecessor-version":[{"id":4034,"href":"https:\/\/maisoeste.com.br\/index.php?rest_route=\/wp\/v2\/posts\/4025\/revisions\/4034"}],"wp:featuredmedia":[{"embeddable":true,"href":"https:\/\/maisoeste.com.br\/index.php?rest_route=\/wp\/v2\/media\/4026"}],"wp:attachment":[{"href":"https:\/\/maisoeste.com.br\/index.php?rest_route=%2Fwp%2Fv2%2Fmedia&parent=4025"}],"wp:term":[{"taxonomy":"category","embeddable":true,"href":"https:\/\/maisoeste.com.br\/index.php?rest_route=%2Fwp%2Fv2%2Fcategories&post=4025"},{"taxonomy":"post_tag","embeddable":true,"href":"https:\/\/maisoeste.com.br\/index.php?rest_route=%2Fwp%2Fv2%2Ftags&post=4025"}],"curies":[{"name":"wp","href":"https:\/\/api.w.org\/{rel}","templated":true}]}}