{"id":4035,"date":"2025-04-25T07:59:17","date_gmt":"2025-04-25T10:59:17","guid":{"rendered":"https:\/\/maisoeste.com.br\/?p=4035"},"modified":"2025-04-25T07:59:18","modified_gmt":"2025-04-25T10:59:18","slug":"ex-presidente-fernando-collor-e-preso-em-maceio","status":"publish","type":"post","link":"https:\/\/maisoeste.com.br\/?p=4035","title":{"rendered":"Ex-presidente Fernando Collor \u00e9 preso em Macei\u00f3"},"content":{"rendered":"\n<p>O ex-presidente\u00a0Fernando Collor\u00a0de Mello foi preso na madrugada desta sexta-feira (25) em Macei\u00f3 (AL). A pris\u00e3o foi determinada pelo ministro do Supremo Tribunal Federal (STF) Alexandre de Moraes, que\u00a0rejeitou os recursos da defesa contra a condena\u00e7\u00e3o a 8 anos e 10 meses de pris\u00e3o\u00a0em um desdobramento da Opera\u00e7\u00e3o Lava Jato. Moraes determinou a pris\u00e3o imediata de Collor e o in\u00edcio imediato do cumprimento da pena.<\/p>\n\n\n\n<p>Ele foi\u00a0preso no aeroporto de Macei\u00f3\u00a0quando se preparava para embarcar com destino a Bras\u00edlia. Collor\u00a0continuar\u00e1 preso na superintend\u00eancia da Pol\u00edcia Federal (PF) em Macei\u00f3\u00a0at\u00e9 que o STF defina o local para cumprimento da pena, segundo o diretor-geral da PF, Andrei Rodrigues.<\/p>\n\n\n\n<p>Collor \u00e9 o terceiro ex-presidente preso desde a redemocratiza\u00e7\u00e3o.\u00a0Em nota, a defesa dele informou que a pris\u00e3o aconteceu \u00e0s 4h. &#8220;O ex-presidente Fernando Collor de Mello encontra-se custodiado, no momento, na Superintend\u00eancia da Pol\u00edcia Federal na capital alagoana. S\u00e3o estas as informa\u00e7\u00f5es que temos at\u00e9 o momento&#8221;, afirmou a defesa.<\/p>\n\n\n\n<p>O ex-presidente foi condenado em 2023 por corrup\u00e7\u00e3o e lavagem de dinheiro.&nbsp;Ele \u00e9 acusado de receber R$ 29,9 milh\u00f5es em propinas por neg\u00f3cios da BR Distribuidora, subsidi\u00e1ria da Petrobras, entre 2010 e 2014.<\/p>\n\n\n\n<p>Na decis\u00e3o de quinta-feira (24), Moraes afirmou que os recursos apresentados pela defesa de Collor tinham car\u00e1ter &#8220;meramente protelat\u00f3rio&#8221;.<\/p>\n\n\n\n<p>A pedido de Moraes, o presidente do STF, ministro Lu\u00eds Roberto Barroso, marcou uma sess\u00e3o em plen\u00e1rio virtual para esta sexta, das 11h \u00e0s 23h59, para que os\u00a0ministros analisem a decis\u00e3o individual.\u00a0Enquanto isso, a ordem de pris\u00e3o segue em vigor.<\/p>\n\n\n\n<p>Fonte\/\/G1<\/p>\n\n\n\n<figure class=\"wp-block-image aligncenter size-full is-resized\"><img fetchpriority=\"high\" decoding=\"async\" width=\"830\" height=\"137\" src=\"https:\/\/maisoeste.com.br\/wp-content\/uploads\/2025\/04\/IMG_4557-300x300-1.jpg\" alt=\"\" class=\"wp-image-3702\" style=\"width:1145px;height:auto\" srcset=\"https:\/\/maisoeste.com.br\/wp-content\/uploads\/2025\/04\/IMG_4557-300x300-1.jpg 830w, https:\/\/maisoeste.com.br\/wp-content\/uploads\/2025\/04\/IMG_4557-300x300-1-300x50.jpg 300w, https:\/\/maisoeste.com.br\/wp-content\/uploads\/2025\/04\/IMG_4557-300x300-1-768x127.jpg 768w, https:\/\/maisoeste.com.br\/wp-content\/uploads\/2025\/04\/IMG_4557-300x300-1-600x99.jpg 600w\" sizes=\"(max-width: 830px) 100vw, 830px\" \/><\/figure>\n","protected":false},"excerpt":{"rendered":"<p>O ex-presidente\u00a0Fernando Collor\u00a0de Mello foi preso na madrugada desta sexta-feira (25) em Macei\u00f3 (AL). A pris\u00e3o foi determinada pelo ministro do Supremo Tribunal Federal (STF) Alexandre de Moraes, que\u00a0rejeitou os recursos da defesa contra a condena\u00e7\u00e3o a 8 anos e 10 meses de pris\u00e3o\u00a0em um desdobramento da Opera\u00e7\u00e3o Lava Jato. Moraes determinou a pris\u00e3o imediata [&hellip;]<\/p>\n","protected":false},"author":1,"featured_media":4036,"comment_status":"open","ping_status":"closed","sticky":false,"template":"","format":"standard","meta":{"site-sidebar-layout":"default","site-content-layout":"","ast-site-content-layout":"default","site-content-style":"default","site-sidebar-style":"default","ast-global-header-display":"","ast-banner-title-visibility":"","ast-main-header-display":"","ast-hfb-above-header-display":"","ast-hfb-below-header-display":"","ast-hfb-mobile-header-display":"","site-post-title":"","ast-breadcrumbs-content":"","ast-featured-img":"","footer-sml-layout":"","theme-transparent-header-meta":"","adv-header-id-meta":"","stick-header-meta":"","header-above-stick-meta":"","header-main-stick-meta":"","header-below-stick-meta":"","astra-migrate-meta-layouts":"set","ast-page-background-enabled":"default","ast-page-background-meta":{"desktop":{"background-color":"var(--ast-global-color-4)","background-image":"","background-repeat":"repeat","background-position":"center center","background-size":"auto","background-attachment":"scroll","background-type":"","background-media":"","overlay-type":"","overlay-color":"","overlay-opacity":"","overlay-gradient":""},"tablet":{"background-color":"","background-image":"","background-repeat":"repeat","background-position":"center center","background-size":"auto","background-attachment":"scroll","background-type":"","background-media":"","overlay-type":"","overlay-color":"","overlay-opacity":"","overlay-gradient":""},"mobile":{"background-color":"","background-image":"","background-repeat":"repeat","background-position":"center center","background-size":"auto","background-attachment":"scroll","background-type":"","background-media":"","overlay-type":"","overlay-color":"","overlay-opacity":"","overlay-gradient":""}},"ast-content-background-meta":{"desktop":{"background-color":"var(--ast-global-color-5)","background-image":"","background-repeat":"repeat","background-position":"center center","background-size":"auto","background-attachment":"scroll","background-type":"","background-media":"","overlay-type":"","overlay-color":"","overlay-opacity":"","overlay-gradient":""},"tablet":{"background-color":"var(--ast-global-color-5)","background-image":"","background-repeat":"repeat","background-position":"center center","background-size":"auto","background-attachment":"scroll","background-type":"","background-media":"","overlay-type":"","overlay-color":"","overlay-opacity":"","overlay-gradient":""},"mobile":{"background-color":"var(--ast-global-color-5)","background-image":"","background-repeat":"repeat","background-position":"center center","background-size":"auto","background-attachment":"scroll","background-type":"","background-media":"","overlay-type":"","overlay-color":"","overlay-opacity":"","overlay-gradient":""}},"footnotes":""},"categories":[4],"tags":[122],"class_list":["post-4035","post","type-post","status-publish","format-standard","has-post-thumbnail","hentry","category-brasil","tag-manchetes"],"_links":{"self":[{"href":"https:\/\/maisoeste.com.br\/index.php?rest_route=\/wp\/v2\/posts\/4035","targetHints":{"allow":["GET"]}}],"collection":[{"href":"https:\/\/maisoeste.com.br\/index.php?rest_route=\/wp\/v2\/posts"}],"about":[{"href":"https:\/\/maisoeste.com.br\/index.php?rest_route=\/wp\/v2\/types\/post"}],"author":[{"embeddable":true,"href":"https:\/\/maisoeste.com.br\/index.php?rest_route=\/wp\/v2\/users\/1"}],"replies":[{"embeddable":true,"href":"https:\/\/maisoeste.com.br\/index.php?rest_route=%2Fwp%2Fv2%2Fcomments&post=4035"}],"version-history":[{"count":1,"href":"https:\/\/maisoeste.com.br\/index.php?rest_route=\/wp\/v2\/posts\/4035\/revisions"}],"predecessor-version":[{"id":4037,"href":"https:\/\/maisoeste.com.br\/index.php?rest_route=\/wp\/v2\/posts\/4035\/revisions\/4037"}],"wp:featuredmedia":[{"embeddable":true,"href":"https:\/\/maisoeste.com.br\/index.php?rest_route=\/wp\/v2\/media\/4036"}],"wp:attachment":[{"href":"https:\/\/maisoeste.com.br\/index.php?rest_route=%2Fwp%2Fv2%2Fmedia&parent=4035"}],"wp:term":[{"taxonomy":"category","embeddable":true,"href":"https:\/\/maisoeste.com.br\/index.php?rest_route=%2Fwp%2Fv2%2Fcategories&post=4035"},{"taxonomy":"post_tag","embeddable":true,"href":"https:\/\/maisoeste.com.br\/index.php?rest_route=%2Fwp%2Fv2%2Ftags&post=4035"}],"curies":[{"name":"wp","href":"https:\/\/api.w.org\/{rel}","templated":true}]}}