{"id":4099,"date":"2025-04-28T10:27:55","date_gmt":"2025-04-28T13:27:55","guid":{"rendered":"https:\/\/maisoeste.com.br\/?p=4099"},"modified":"2025-04-28T10:27:56","modified_gmt":"2025-04-28T13:27:56","slug":"reitor-da-ufob-jacques-miranda-falou-sobre-a-experiencia-de-encontrar-o-papa-francisco","status":"publish","type":"post","link":"https:\/\/maisoeste.com.br\/?p=4099","title":{"rendered":"Reitor da UFOB, Jacques Miranda, falou sobre a experi\u00eancia de encontrar o Papa Francisco"},"content":{"rendered":"\n<p>Francisco morreu na segunda-feira (21), aos 88 anos, em decorr\u00eancia de um\u00a0acidente vascular cerebral (AVC) e de um quadro de insufici\u00eancia card\u00edaca. O adeus pont\u00edfice  foi marcado pela presen\u00e7a de l\u00edderes mundiais e uma\u00a0multid\u00e3o de fi\u00e9is com cerca de 400 mil pessoas\u00a0no \u00faltimo s\u00e1bado (26). O corpo do pont\u00edfice foi sepultado na bas\u00edlica de Santa Maria Maggiore, em\u00a0Roma. Ele \u00e9 o primeiro papa a ser sepultado fora dos muros do\u00a0Vaticano\u00a0desde Le\u00e3o XIII, em 1903.<\/p>\n\n\n\n<p>O Reitor da UFOB, Jacques Miranda, falou para Site Mais Oeste sobre a experi\u00eancia sobre o encontro com o Papa Francisco. Confira a entrevista completa no link &#8211; <a href=\"https:\/\/www.instagram.com\/p\/DI-ZpeiNAOO\/\"><strong>https:\/\/www.instagram.com\/p\/DI-ZpeiNAOO\/<\/strong><\/a>.<\/p>\n\n\n\n<figure class=\"wp-block-image aligncenter size-full is-resized\"><img fetchpriority=\"high\" decoding=\"async\" width=\"830\" height=\"137\" src=\"https:\/\/maisoeste.com.br\/wp-content\/uploads\/2025\/04\/IMG_4557-300x300-1.jpg\" alt=\"\" class=\"wp-image-3702\" style=\"width:1200px;height:auto\" srcset=\"https:\/\/maisoeste.com.br\/wp-content\/uploads\/2025\/04\/IMG_4557-300x300-1.jpg 830w, https:\/\/maisoeste.com.br\/wp-content\/uploads\/2025\/04\/IMG_4557-300x300-1-300x50.jpg 300w, https:\/\/maisoeste.com.br\/wp-content\/uploads\/2025\/04\/IMG_4557-300x300-1-768x127.jpg 768w, https:\/\/maisoeste.com.br\/wp-content\/uploads\/2025\/04\/IMG_4557-300x300-1-600x99.jpg 600w\" sizes=\"(max-width: 830px) 100vw, 830px\" \/><\/figure>\n","protected":false},"excerpt":{"rendered":"<p>Francisco morreu na segunda-feira (21), aos 88 anos, em decorr\u00eancia de um\u00a0acidente vascular cerebral (AVC) e de um quadro de insufici\u00eancia card\u00edaca. O adeus pont\u00edfice foi marcado pela presen\u00e7a de l\u00edderes mundiais e uma\u00a0multid\u00e3o de fi\u00e9is com cerca de 400 mil pessoas\u00a0no \u00faltimo s\u00e1bado (26). O corpo do pont\u00edfice foi sepultado na bas\u00edlica de Santa [&hellip;]<\/p>\n","protected":false},"author":1,"featured_media":4100,"comment_status":"open","ping_status":"closed","sticky":false,"template":"","format":"standard","meta":{"site-sidebar-layout":"default","site-content-layout":"","ast-site-content-layout":"default","site-content-style":"default","site-sidebar-style":"default","ast-global-header-display":"","ast-banner-title-visibility":"","ast-main-header-display":"","ast-hfb-above-header-display":"","ast-hfb-below-header-display":"","ast-hfb-mobile-header-display":"","site-post-title":"","ast-breadcrumbs-content":"","ast-featured-img":"","footer-sml-layout":"","theme-transparent-header-meta":"","adv-header-id-meta":"","stick-header-meta":"","header-above-stick-meta":"","header-main-stick-meta":"","header-below-stick-meta":"","astra-migrate-meta-layouts":"set","ast-page-background-enabled":"default","ast-page-background-meta":{"desktop":{"background-color":"var(--ast-global-color-4)","background-image":"","background-repeat":"repeat","background-position":"center center","background-size":"auto","background-attachment":"scroll","background-type":"","background-media":"","overlay-type":"","overlay-color":"","overlay-opacity":"","overlay-gradient":""},"tablet":{"background-color":"","background-image":"","background-repeat":"repeat","background-position":"center center","background-size":"auto","background-attachment":"scroll","background-type":"","background-media":"","overlay-type":"","overlay-color":"","overlay-opacity":"","overlay-gradient":""},"mobile":{"background-color":"","background-image":"","background-repeat":"repeat","background-position":"center center","background-size":"auto","background-attachment":"scroll","background-type":"","background-media":"","overlay-type":"","overlay-color":"","overlay-opacity":"","overlay-gradient":""}},"ast-content-background-meta":{"desktop":{"background-color":"var(--ast-global-color-5)","background-image":"","background-repeat":"repeat","background-position":"center center","background-size":"auto","background-attachment":"scroll","background-type":"","background-media":"","overlay-type":"","overlay-color":"","overlay-opacity":"","overlay-gradient":""},"tablet":{"background-color":"var(--ast-global-color-5)","background-image":"","background-repeat":"repeat","background-position":"center center","background-size":"auto","background-attachment":"scroll","background-type":"","background-media":"","overlay-type":"","overlay-color":"","overlay-opacity":"","overlay-gradient":""},"mobile":{"background-color":"var(--ast-global-color-5)","background-image":"","background-repeat":"repeat","background-position":"center center","background-size":"auto","background-attachment":"scroll","background-type":"","background-media":"","overlay-type":"","overlay-color":"","overlay-opacity":"","overlay-gradient":""}},"footnotes":""},"categories":[45],"tags":[122],"class_list":["post-4099","post","type-post","status-publish","format-standard","has-post-thumbnail","hentry","category-esportes","tag-manchetes"],"_links":{"self":[{"href":"https:\/\/maisoeste.com.br\/index.php?rest_route=\/wp\/v2\/posts\/4099","targetHints":{"allow":["GET"]}}],"collection":[{"href":"https:\/\/maisoeste.com.br\/index.php?rest_route=\/wp\/v2\/posts"}],"about":[{"href":"https:\/\/maisoeste.com.br\/index.php?rest_route=\/wp\/v2\/types\/post"}],"author":[{"embeddable":true,"href":"https:\/\/maisoeste.com.br\/index.php?rest_route=\/wp\/v2\/users\/1"}],"replies":[{"embeddable":true,"href":"https:\/\/maisoeste.com.br\/index.php?rest_route=%2Fwp%2Fv2%2Fcomments&post=4099"}],"version-history":[{"count":1,"href":"https:\/\/maisoeste.com.br\/index.php?rest_route=\/wp\/v2\/posts\/4099\/revisions"}],"predecessor-version":[{"id":4101,"href":"https:\/\/maisoeste.com.br\/index.php?rest_route=\/wp\/v2\/posts\/4099\/revisions\/4101"}],"wp:featuredmedia":[{"embeddable":true,"href":"https:\/\/maisoeste.com.br\/index.php?rest_route=\/wp\/v2\/media\/4100"}],"wp:attachment":[{"href":"https:\/\/maisoeste.com.br\/index.php?rest_route=%2Fwp%2Fv2%2Fmedia&parent=4099"}],"wp:term":[{"taxonomy":"category","embeddable":true,"href":"https:\/\/maisoeste.com.br\/index.php?rest_route=%2Fwp%2Fv2%2Fcategories&post=4099"},{"taxonomy":"post_tag","embeddable":true,"href":"https:\/\/maisoeste.com.br\/index.php?rest_route=%2Fwp%2Fv2%2Ftags&post=4099"}],"curies":[{"name":"wp","href":"https:\/\/api.w.org\/{rel}","templated":true}]}}