{"id":4111,"date":"2025-04-29T07:18:34","date_gmt":"2025-04-29T10:18:34","guid":{"rendered":"https:\/\/maisoeste.com.br\/?p=4111"},"modified":"2025-04-29T07:18:35","modified_gmt":"2025-04-29T10:18:35","slug":"maior-trio-eletrico-do-carnaval-de-salvador-e-parcialmente-destruido-apos-pegar-fogo","status":"publish","type":"post","link":"https:\/\/maisoeste.com.br\/?p=4111","title":{"rendered":"Maior trio el\u00e9trico do Carnaval de Salvador \u00e9 parcialmente destru\u00eddo ap\u00f3s pegar fogo"},"content":{"rendered":"\n<p>O trio el\u00e9trico Drag\u00e3o,\u00a0considerado o maior do Carnaval de Salvador, ficou parcialmente destru\u00eddo ap\u00f3s pegar fogo, na manh\u00e3 desta segunda-feira (28). O inc\u00eandio foi anunciado nas redes sociais pela Drag\u00e3o da Folia Produ\u00e7\u00f5es, detentora do ve\u00edculo. Em nota, a empresa informou que o trio el\u00e9trico estava a caminho de Bras\u00edlia (DF), onde participaria de um evento, quando as chamas come\u00e7aram no segundo compartimento do trio.<\/p>\n\n\n\n<p>O ponto exato do incidente e a causa do fogo, no entanto, n\u00e3o foram detalhados. Segundo o grupo, o inc\u00eandio foi controlado, sem v\u00edtimas, e as autoridades foram acionadas para apura\u00e7\u00e3o do fato.<\/p>\n\n\n\n<h2 class=\"wp-block-heading\">Maior do Carnaval de\u00a0Salvador<\/h2>\n\n\n\n<p>Composto por duas carretas acopladas, o trio el\u00e9trico tem, ao todo, 34 metros de comprimento, o que equivale a um pr\u00e9dio de 11 andares. Os trios do Carnaval de Salvador n\u00e3o passam de 24 metros de extens\u00e3o.<\/p>\n\n\n\n<p>No quesito altura, o equipamento \u00e9 parecido com os demais: 6 metros. O ve\u00edculo tem, ainda, cinco metros de largura e dois andares, como mostra uma tour feita pelo\u00a0<strong>g1<\/strong>\u00a0em 2017.<\/p>\n\n\n\n<p>Famoso por ser usado pelo cantor Durval Lelys, ele tamb\u00e9m j\u00e1 desfilou com a banda banda Eva e os cantores Claudia Leitte e Felipe Amorim em eventos na Bahia e outros estados do pa\u00eds.<\/p>\n\n\n\n<p>O nome Drag\u00e3o foi dado pelo tamanho do trio, que foi fonte de inspira\u00e7\u00e3o at\u00e9 para composi\u00e7\u00e3o de m\u00fasicas como &#8220;Quebra A\u00ea&#8221; e &#8220;Suba no Meu Trio&#8221;, gravadas por Durval Lelys ainda na \u00e9poca da banda Asa de \u00c1guia.<\/p>\n\n\n\n<h2 class=\"wp-block-heading\">Leia nota na \u00edntegra:<\/h2>\n\n\n\n<p><em>&#8220;A Drag\u00e3o da Folia Produ\u00e7\u00f5es, propriet\u00e1ria do Trio El\u00e9trico Drag\u00e3o, e a Trios El\u00e9tricos Brasil informam que, na data de hoje (28), durante o deslocamento para um evento em Bras\u00edlia\/DF, o segundo compartimento do Trio Drag\u00e3o sofreu um inc\u00eandio, resultando em perda total dessa estrutura.<\/em><\/p>\n\n\n\n<p><em>Felizmente, n\u00e3o houve feridos. O inc\u00eandio foi controlado e as autoridades competentes j\u00e1 foram acionadas para apura\u00e7\u00e3o das causas.<\/em><\/p>\n\n\n\n<p><em>Reafirmamos nosso compromisso com a seguran\u00e7a, com a transpar\u00eancia e com a excel\u00eancia dos servi\u00e7os prestados. J\u00e1 estamos tomando todas as provid\u00eancias cab\u00edveis para minimizar os impactos do ocorrido.<\/em><\/p>\n\n\n\n<p><em>Agradecemos pela compreens\u00e3o e pelo apoio de todos&#8221;<\/em>.<\/p>\n\n\n\n<p>Fonte\/\/G1<\/p>\n\n\n\n<figure class=\"wp-block-image aligncenter size-full is-resized\"><img fetchpriority=\"high\" decoding=\"async\" width=\"830\" height=\"137\" src=\"https:\/\/maisoeste.com.br\/wp-content\/uploads\/2025\/04\/IMG_4557-300x300-1.jpg\" alt=\"\" class=\"wp-image-3702\" style=\"width:1200px;height:auto\" srcset=\"https:\/\/maisoeste.com.br\/wp-content\/uploads\/2025\/04\/IMG_4557-300x300-1.jpg 830w, https:\/\/maisoeste.com.br\/wp-content\/uploads\/2025\/04\/IMG_4557-300x300-1-300x50.jpg 300w, https:\/\/maisoeste.com.br\/wp-content\/uploads\/2025\/04\/IMG_4557-300x300-1-768x127.jpg 768w, https:\/\/maisoeste.com.br\/wp-content\/uploads\/2025\/04\/IMG_4557-300x300-1-600x99.jpg 600w\" sizes=\"(max-width: 830px) 100vw, 830px\" \/><\/figure>\n","protected":false},"excerpt":{"rendered":"<p>O trio el\u00e9trico Drag\u00e3o,\u00a0considerado o maior do Carnaval de Salvador, ficou parcialmente destru\u00eddo ap\u00f3s pegar fogo, na manh\u00e3 desta segunda-feira (28). O inc\u00eandio foi anunciado nas redes sociais pela Drag\u00e3o da Folia Produ\u00e7\u00f5es, detentora do ve\u00edculo. Em nota, a empresa informou que o trio el\u00e9trico estava a caminho de Bras\u00edlia (DF), onde participaria de um [&hellip;]<\/p>\n","protected":false},"author":1,"featured_media":4112,"comment_status":"open","ping_status":"closed","sticky":false,"template":"","format":"standard","meta":{"site-sidebar-layout":"default","site-content-layout":"","ast-site-content-layout":"default","site-content-style":"default","site-sidebar-style":"default","ast-global-header-display":"","ast-banner-title-visibility":"","ast-main-header-display":"","ast-hfb-above-header-display":"","ast-hfb-below-header-display":"","ast-hfb-mobile-header-display":"","site-post-title":"","ast-breadcrumbs-content":"","ast-featured-img":"","footer-sml-layout":"","theme-transparent-header-meta":"","adv-header-id-meta":"","stick-header-meta":"","header-above-stick-meta":"","header-main-stick-meta":"","header-below-stick-meta":"","astra-migrate-meta-layouts":"set","ast-page-background-enabled":"default","ast-page-background-meta":{"desktop":{"background-color":"var(--ast-global-color-4)","background-image":"","background-repeat":"repeat","background-position":"center center","background-size":"auto","background-attachment":"scroll","background-type":"","background-media":"","overlay-type":"","overlay-color":"","overlay-opacity":"","overlay-gradient":""},"tablet":{"background-color":"","background-image":"","background-repeat":"repeat","background-position":"center center","background-size":"auto","background-attachment":"scroll","background-type":"","background-media":"","overlay-type":"","overlay-color":"","overlay-opacity":"","overlay-gradient":""},"mobile":{"background-color":"","background-image":"","background-repeat":"repeat","background-position":"center center","background-size":"auto","background-attachment":"scroll","background-type":"","background-media":"","overlay-type":"","overlay-color":"","overlay-opacity":"","overlay-gradient":""}},"ast-content-background-meta":{"desktop":{"background-color":"var(--ast-global-color-5)","background-image":"","background-repeat":"repeat","background-position":"center center","background-size":"auto","background-attachment":"scroll","background-type":"","background-media":"","overlay-type":"","overlay-color":"","overlay-opacity":"","overlay-gradient":""},"tablet":{"background-color":"var(--ast-global-color-5)","background-image":"","background-repeat":"repeat","background-position":"center center","background-size":"auto","background-attachment":"scroll","background-type":"","background-media":"","overlay-type":"","overlay-color":"","overlay-opacity":"","overlay-gradient":""},"mobile":{"background-color":"var(--ast-global-color-5)","background-image":"","background-repeat":"repeat","background-position":"center center","background-size":"auto","background-attachment":"scroll","background-type":"","background-media":"","overlay-type":"","overlay-color":"","overlay-opacity":"","overlay-gradient":""}},"footnotes":""},"categories":[4],"tags":[122],"class_list":["post-4111","post","type-post","status-publish","format-standard","has-post-thumbnail","hentry","category-brasil","tag-manchetes"],"_links":{"self":[{"href":"https:\/\/maisoeste.com.br\/index.php?rest_route=\/wp\/v2\/posts\/4111","targetHints":{"allow":["GET"]}}],"collection":[{"href":"https:\/\/maisoeste.com.br\/index.php?rest_route=\/wp\/v2\/posts"}],"about":[{"href":"https:\/\/maisoeste.com.br\/index.php?rest_route=\/wp\/v2\/types\/post"}],"author":[{"embeddable":true,"href":"https:\/\/maisoeste.com.br\/index.php?rest_route=\/wp\/v2\/users\/1"}],"replies":[{"embeddable":true,"href":"https:\/\/maisoeste.com.br\/index.php?rest_route=%2Fwp%2Fv2%2Fcomments&post=4111"}],"version-history":[{"count":1,"href":"https:\/\/maisoeste.com.br\/index.php?rest_route=\/wp\/v2\/posts\/4111\/revisions"}],"predecessor-version":[{"id":4113,"href":"https:\/\/maisoeste.com.br\/index.php?rest_route=\/wp\/v2\/posts\/4111\/revisions\/4113"}],"wp:featuredmedia":[{"embeddable":true,"href":"https:\/\/maisoeste.com.br\/index.php?rest_route=\/wp\/v2\/media\/4112"}],"wp:attachment":[{"href":"https:\/\/maisoeste.com.br\/index.php?rest_route=%2Fwp%2Fv2%2Fmedia&parent=4111"}],"wp:term":[{"taxonomy":"category","embeddable":true,"href":"https:\/\/maisoeste.com.br\/index.php?rest_route=%2Fwp%2Fv2%2Fcategories&post=4111"},{"taxonomy":"post_tag","embeddable":true,"href":"https:\/\/maisoeste.com.br\/index.php?rest_route=%2Fwp%2Fv2%2Ftags&post=4111"}],"curies":[{"name":"wp","href":"https:\/\/api.w.org\/{rel}","templated":true}]}}