{"id":4216,"date":"2025-05-03T08:19:13","date_gmt":"2025-05-03T11:19:13","guid":{"rendered":"https:\/\/maisoeste.com.br\/?p=4216"},"modified":"2025-05-03T08:19:13","modified_gmt":"2025-05-03T11:19:13","slug":"quem-e-wolney-queiroz-que-assume-o-ministerio-da-previdencia-apos-a-saida-de-lupi","status":"publish","type":"post","link":"https:\/\/maisoeste.com.br\/?p=4216","title":{"rendered":"Quem \u00e9 Wolney Queiroz, que assume o Minist\u00e9rio da Previd\u00eancia ap\u00f3s a sa\u00edda de Lupi?"},"content":{"rendered":"\n<p>Ao anunciar a sa\u00edda de Carlos Lupi em meio \u00e0 crise do Instituto Nacional do Seguro Social (INSS), o presidente Luiz In\u00e1cio Lula da Silva (PT) confirmou a nomea\u00e7\u00e3o do novo chefe da pasta, que seguir\u00e1 com o PDT. O ex-deputado federal Wolney Queiroz assume o cargo.<\/p>\n\n\n\n<p>A escolha de Queiroz para comandar o minist\u00e9rio p\u00f5e fim a especula\u00e7\u00f5es sobre um poss\u00edvel desembarque do PDT do governo. Queiroz ocupava o cargo de secret\u00e1rio-executivo (ou \u201cn\u00famero dois\u201d) do minist\u00e9rio.<\/p>\n\n\n\n<p>Pernambucano de Caruaru, o novo ministro est\u00e1 filiado ao PDT desde 1992, quando tinha 19 anos. Foi vereador da cidade natal e deputado federal por seis mandatos. Em 2022, somou pouco mais de 60 mil votos e n\u00e3o foi reeleito. Em 2023, chegou ao minist\u00e9\u2026 Leia mais em https:\/\/www.cartacapital.com.br\/politica\/quem-e-wolney-queiroz-que-assume-o-ministerio-da-previdencia-apos-a-saida-de-lupi\/. O conte\u00fado de CartaCapital est\u00e1 protegido pela legisla\u00e7\u00e3o brasileira sobre direito autoral. Essa defesa \u00e9 necess\u00e1ria para manter o jornalismo corajoso e transparente de CartaCapital vivo e acess\u00edvel a todos.<\/p>\n\n\n\n<p>Na C\u00e2mara dos Deputados, presidiu as comiss\u00f5es de Educa\u00e7\u00e3o e Cultura; e Trabalho, Administra\u00e7\u00e3o e Servi\u00e7o P\u00fablico. Por nove anos seguidos, foi eleito um dos parlamentares mais atuantes do Congresso pelo Departamento Intersindical de Assessoria Parlamentar (Diap).<\/p>\n\n\n\n<p>Foi l\u00edder da bancada pedetista na C\u00e2mara, al\u00e9m de ter liderado a oposi\u00e7\u00e3o ao governo de Jair Bolsonaro (PL), tendo atua\u00e7\u00e3o destacada em temas como a pandemia de Covid-19.<\/p>\n\n\n\n<p>Fonte\/\/Carta Capital<\/p>\n\n\n\n<figure class=\"wp-block-image aligncenter size-full is-resized\"><img fetchpriority=\"high\" decoding=\"async\" width=\"830\" height=\"137\" src=\"https:\/\/maisoeste.com.br\/wp-content\/uploads\/2025\/04\/IMG_4557-300x300-1.jpg\" alt=\"\" class=\"wp-image-3702\" style=\"width:1200px;height:auto\" srcset=\"https:\/\/maisoeste.com.br\/wp-content\/uploads\/2025\/04\/IMG_4557-300x300-1.jpg 830w, https:\/\/maisoeste.com.br\/wp-content\/uploads\/2025\/04\/IMG_4557-300x300-1-300x50.jpg 300w, https:\/\/maisoeste.com.br\/wp-content\/uploads\/2025\/04\/IMG_4557-300x300-1-768x127.jpg 768w, https:\/\/maisoeste.com.br\/wp-content\/uploads\/2025\/04\/IMG_4557-300x300-1-600x99.jpg 600w\" sizes=\"(max-width: 830px) 100vw, 830px\" \/><\/figure>\n","protected":false},"excerpt":{"rendered":"<p>Ao anunciar a sa\u00edda de Carlos Lupi em meio \u00e0 crise do Instituto Nacional do Seguro Social (INSS), o presidente Luiz In\u00e1cio Lula da Silva (PT) confirmou a nomea\u00e7\u00e3o do novo chefe da pasta, que seguir\u00e1 com o PDT. O ex-deputado federal Wolney Queiroz assume o cargo. A escolha de Queiroz para comandar o minist\u00e9rio [&hellip;]<\/p>\n","protected":false},"author":1,"featured_media":4217,"comment_status":"open","ping_status":"closed","sticky":false,"template":"","format":"standard","meta":{"site-sidebar-layout":"default","site-content-layout":"","ast-site-content-layout":"default","site-content-style":"default","site-sidebar-style":"default","ast-global-header-display":"","ast-banner-title-visibility":"","ast-main-header-display":"","ast-hfb-above-header-display":"","ast-hfb-below-header-display":"","ast-hfb-mobile-header-display":"","site-post-title":"","ast-breadcrumbs-content":"","ast-featured-img":"","footer-sml-layout":"","theme-transparent-header-meta":"","adv-header-id-meta":"","stick-header-meta":"","header-above-stick-meta":"","header-main-stick-meta":"","header-below-stick-meta":"","astra-migrate-meta-layouts":"set","ast-page-background-enabled":"default","ast-page-background-meta":{"desktop":{"background-color":"var(--ast-global-color-4)","background-image":"","background-repeat":"repeat","background-position":"center center","background-size":"auto","background-attachment":"scroll","background-type":"","background-media":"","overlay-type":"","overlay-color":"","overlay-opacity":"","overlay-gradient":""},"tablet":{"background-color":"","background-image":"","background-repeat":"repeat","background-position":"center center","background-size":"auto","background-attachment":"scroll","background-type":"","background-media":"","overlay-type":"","overlay-color":"","overlay-opacity":"","overlay-gradient":""},"mobile":{"background-color":"","background-image":"","background-repeat":"repeat","background-position":"center center","background-size":"auto","background-attachment":"scroll","background-type":"","background-media":"","overlay-type":"","overlay-color":"","overlay-opacity":"","overlay-gradient":""}},"ast-content-background-meta":{"desktop":{"background-color":"var(--ast-global-color-5)","background-image":"","background-repeat":"repeat","background-position":"center center","background-size":"auto","background-attachment":"scroll","background-type":"","background-media":"","overlay-type":"","overlay-color":"","overlay-opacity":"","overlay-gradient":""},"tablet":{"background-color":"var(--ast-global-color-5)","background-image":"","background-repeat":"repeat","background-position":"center center","background-size":"auto","background-attachment":"scroll","background-type":"","background-media":"","overlay-type":"","overlay-color":"","overlay-opacity":"","overlay-gradient":""},"mobile":{"background-color":"var(--ast-global-color-5)","background-image":"","background-repeat":"repeat","background-position":"center center","background-size":"auto","background-attachment":"scroll","background-type":"","background-media":"","overlay-type":"","overlay-color":"","overlay-opacity":"","overlay-gradient":""}},"footnotes":""},"categories":[84],"tags":[122],"class_list":["post-4216","post","type-post","status-publish","format-standard","has-post-thumbnail","hentry","category-politica","tag-manchetes"],"_links":{"self":[{"href":"https:\/\/maisoeste.com.br\/index.php?rest_route=\/wp\/v2\/posts\/4216","targetHints":{"allow":["GET"]}}],"collection":[{"href":"https:\/\/maisoeste.com.br\/index.php?rest_route=\/wp\/v2\/posts"}],"about":[{"href":"https:\/\/maisoeste.com.br\/index.php?rest_route=\/wp\/v2\/types\/post"}],"author":[{"embeddable":true,"href":"https:\/\/maisoeste.com.br\/index.php?rest_route=\/wp\/v2\/users\/1"}],"replies":[{"embeddable":true,"href":"https:\/\/maisoeste.com.br\/index.php?rest_route=%2Fwp%2Fv2%2Fcomments&post=4216"}],"version-history":[{"count":1,"href":"https:\/\/maisoeste.com.br\/index.php?rest_route=\/wp\/v2\/posts\/4216\/revisions"}],"predecessor-version":[{"id":4218,"href":"https:\/\/maisoeste.com.br\/index.php?rest_route=\/wp\/v2\/posts\/4216\/revisions\/4218"}],"wp:featuredmedia":[{"embeddable":true,"href":"https:\/\/maisoeste.com.br\/index.php?rest_route=\/wp\/v2\/media\/4217"}],"wp:attachment":[{"href":"https:\/\/maisoeste.com.br\/index.php?rest_route=%2Fwp%2Fv2%2Fmedia&parent=4216"}],"wp:term":[{"taxonomy":"category","embeddable":true,"href":"https:\/\/maisoeste.com.br\/index.php?rest_route=%2Fwp%2Fv2%2Fcategories&post=4216"},{"taxonomy":"post_tag","embeddable":true,"href":"https:\/\/maisoeste.com.br\/index.php?rest_route=%2Fwp%2Fv2%2Ftags&post=4216"}],"curies":[{"name":"wp","href":"https:\/\/api.w.org\/{rel}","templated":true}]}}