{"id":4281,"date":"2025-05-06T07:01:34","date_gmt":"2025-05-06T10:01:34","guid":{"rendered":"https:\/\/maisoeste.com.br\/?p=4281"},"modified":"2025-05-06T07:01:35","modified_gmt":"2025-05-06T10:01:35","slug":"carreta-carregada-com-racao-pega-fogo-na-br-135","status":"publish","type":"post","link":"https:\/\/maisoeste.com.br\/?p=4281","title":{"rendered":"Carreta carregada com ra\u00e7\u00e3o pega fogo na BR-135"},"content":{"rendered":"\n<p>Equipes do 17\u00ba Batalh\u00e3o de Bombeiros Militar foram acionadas na tarde desta segunda-feira (5), por volta das 14h50, para atender a um inc\u00eandio veicular \u00e0s margens da BR-135, no sentido Riach\u00e3o das Neves.<\/p>\n\n\n\n<p>A solicita\u00e7\u00e3o informava que uma carreta estava em chamas na rodovia. Imediatamente, uma viatura de combate a inc\u00eandio com quatro bombeiros foi deslocada para o local. Ap\u00f3s o isolamento da \u00e1rea e avalia\u00e7\u00e3o da cena, os militares iniciaram o combate \u00e0s chamas com o uso de \u00e1gua e l\u00edquido gerador de espuma (LGE).<\/p>\n\n\n\n<p>A atua\u00e7\u00e3o r\u00e1pida e t\u00e9cnica da guarni\u00e7\u00e3o foi fundamental para evitar que o fogo se alastrasse para as demais partes do ve\u00edculo. O cavalo-trator foi completamente consumido pelas chamas, mas as duas carretas acopladas, carregadas com ra\u00e7\u00e3o animal para c\u00e3es, foram preservadas. O motorista, que estava no local, n\u00e3o sofreu ferimentos e agradeceu \u00e0 equipe dos bombeiros pela agilidade e efici\u00eancia na resposta, destacando que toda a carga foi salva.<\/p>\n\n\n\n<p>Durante a opera\u00e7\u00e3o, a pista precisou ser totalmente interditada nos dois sentidos.<\/p>\n\n\n\n<p>Fonte\/\/17BBM<\/p>\n\n\n\n<figure class=\"wp-block-image aligncenter size-full is-resized\"><img fetchpriority=\"high\" decoding=\"async\" width=\"830\" height=\"137\" src=\"https:\/\/maisoeste.com.br\/wp-content\/uploads\/2025\/04\/IMG_4557-300x300-1.jpg\" alt=\"\" class=\"wp-image-3702\" style=\"width:1200px;height:auto\" srcset=\"https:\/\/maisoeste.com.br\/wp-content\/uploads\/2025\/04\/IMG_4557-300x300-1.jpg 830w, https:\/\/maisoeste.com.br\/wp-content\/uploads\/2025\/04\/IMG_4557-300x300-1-300x50.jpg 300w, https:\/\/maisoeste.com.br\/wp-content\/uploads\/2025\/04\/IMG_4557-300x300-1-768x127.jpg 768w, https:\/\/maisoeste.com.br\/wp-content\/uploads\/2025\/04\/IMG_4557-300x300-1-600x99.jpg 600w\" sizes=\"(max-width: 830px) 100vw, 830px\" \/><\/figure>\n","protected":false},"excerpt":{"rendered":"<p>Equipes do 17\u00ba Batalh\u00e3o de Bombeiros Militar foram acionadas na tarde desta segunda-feira (5), por volta das 14h50, para atender a um inc\u00eandio veicular \u00e0s margens da BR-135, no sentido Riach\u00e3o das Neves. A solicita\u00e7\u00e3o informava que uma carreta estava em chamas na rodovia. Imediatamente, uma viatura de combate a inc\u00eandio com quatro bombeiros foi [&hellip;]<\/p>\n","protected":false},"author":1,"featured_media":4282,"comment_status":"open","ping_status":"closed","sticky":false,"template":"","format":"standard","meta":{"site-sidebar-layout":"default","site-content-layout":"","ast-site-content-layout":"default","site-content-style":"default","site-sidebar-style":"default","ast-global-header-display":"","ast-banner-title-visibility":"","ast-main-header-display":"","ast-hfb-above-header-display":"","ast-hfb-below-header-display":"","ast-hfb-mobile-header-display":"","site-post-title":"","ast-breadcrumbs-content":"","ast-featured-img":"","footer-sml-layout":"","theme-transparent-header-meta":"","adv-header-id-meta":"","stick-header-meta":"","header-above-stick-meta":"","header-main-stick-meta":"","header-below-stick-meta":"","astra-migrate-meta-layouts":"set","ast-page-background-enabled":"default","ast-page-background-meta":{"desktop":{"background-color":"var(--ast-global-color-4)","background-image":"","background-repeat":"repeat","background-position":"center center","background-size":"auto","background-attachment":"scroll","background-type":"","background-media":"","overlay-type":"","overlay-color":"","overlay-opacity":"","overlay-gradient":""},"tablet":{"background-color":"","background-image":"","background-repeat":"repeat","background-position":"center center","background-size":"auto","background-attachment":"scroll","background-type":"","background-media":"","overlay-type":"","overlay-color":"","overlay-opacity":"","overlay-gradient":""},"mobile":{"background-color":"","background-image":"","background-repeat":"repeat","background-position":"center center","background-size":"auto","background-attachment":"scroll","background-type":"","background-media":"","overlay-type":"","overlay-color":"","overlay-opacity":"","overlay-gradient":""}},"ast-content-background-meta":{"desktop":{"background-color":"var(--ast-global-color-5)","background-image":"","background-repeat":"repeat","background-position":"center center","background-size":"auto","background-attachment":"scroll","background-type":"","background-media":"","overlay-type":"","overlay-color":"","overlay-opacity":"","overlay-gradient":""},"tablet":{"background-color":"var(--ast-global-color-5)","background-image":"","background-repeat":"repeat","background-position":"center center","background-size":"auto","background-attachment":"scroll","background-type":"","background-media":"","overlay-type":"","overlay-color":"","overlay-opacity":"","overlay-gradient":""},"mobile":{"background-color":"var(--ast-global-color-5)","background-image":"","background-repeat":"repeat","background-position":"center center","background-size":"auto","background-attachment":"scroll","background-type":"","background-media":"","overlay-type":"","overlay-color":"","overlay-opacity":"","overlay-gradient":""}},"footnotes":""},"categories":[45],"tags":[122],"class_list":["post-4281","post","type-post","status-publish","format-standard","has-post-thumbnail","hentry","category-esportes","tag-manchetes"],"_links":{"self":[{"href":"https:\/\/maisoeste.com.br\/index.php?rest_route=\/wp\/v2\/posts\/4281","targetHints":{"allow":["GET"]}}],"collection":[{"href":"https:\/\/maisoeste.com.br\/index.php?rest_route=\/wp\/v2\/posts"}],"about":[{"href":"https:\/\/maisoeste.com.br\/index.php?rest_route=\/wp\/v2\/types\/post"}],"author":[{"embeddable":true,"href":"https:\/\/maisoeste.com.br\/index.php?rest_route=\/wp\/v2\/users\/1"}],"replies":[{"embeddable":true,"href":"https:\/\/maisoeste.com.br\/index.php?rest_route=%2Fwp%2Fv2%2Fcomments&post=4281"}],"version-history":[{"count":1,"href":"https:\/\/maisoeste.com.br\/index.php?rest_route=\/wp\/v2\/posts\/4281\/revisions"}],"predecessor-version":[{"id":4283,"href":"https:\/\/maisoeste.com.br\/index.php?rest_route=\/wp\/v2\/posts\/4281\/revisions\/4283"}],"wp:featuredmedia":[{"embeddable":true,"href":"https:\/\/maisoeste.com.br\/index.php?rest_route=\/wp\/v2\/media\/4282"}],"wp:attachment":[{"href":"https:\/\/maisoeste.com.br\/index.php?rest_route=%2Fwp%2Fv2%2Fmedia&parent=4281"}],"wp:term":[{"taxonomy":"category","embeddable":true,"href":"https:\/\/maisoeste.com.br\/index.php?rest_route=%2Fwp%2Fv2%2Fcategories&post=4281"},{"taxonomy":"post_tag","embeddable":true,"href":"https:\/\/maisoeste.com.br\/index.php?rest_route=%2Fwp%2Fv2%2Ftags&post=4281"}],"curies":[{"name":"wp","href":"https:\/\/api.w.org\/{rel}","templated":true}]}}