{"id":4338,"date":"2025-05-08T07:43:07","date_gmt":"2025-05-08T10:43:07","guid":{"rendered":"https:\/\/maisoeste.com.br\/?p=4338"},"modified":"2025-05-08T07:43:08","modified_gmt":"2025-05-08T10:43:08","slug":"tio-e-sobrinho-morrem-apos-colidirem-carros-na-ba","status":"publish","type":"post","link":"https:\/\/maisoeste.com.br\/?p=4338","title":{"rendered":"Tio e sobrinho morrem ap\u00f3s colidirem carros na BA"},"content":{"rendered":"\n<p>Tr\u00eas pessoas morreram, incluindo tio e sobrinho, ap\u00f3s um grave acidente ocorrido na manh\u00e3 desta quarta-feira (7) no km 288 da rodovia BA-416. A colis\u00e3o ocorreu no trecho de\u00a0Valente, cidade a cerca de 138 km de\u00a0Feira de Santana, pr\u00f3ximo \u00e0 divisa entre as duas cidades.<\/p>\n\n\n\n<p>Segundo a Pol\u00edcia Rodovi\u00e1ria Estadual (PRE), o acidente envolveu dois carros de passeio.\u00a0Um ve\u00edculo era conduzido por\u00a0<strong>Adson Ruan da Cruz Santos<\/strong>, de 24 anos, que seguia de\u00a0S\u00e3o Domingos\u00a0para Valente. Ele perdeu o controle da dire\u00e7\u00e3o, invadindo a contram\u00e3o, e colidiu com o segundo ve\u00edculo, que era dirigido pelo tio dele,\u00a0<strong>Aderito Lopes dos Santos<\/strong>, de 75 anos.<\/p>\n\n\n\n<p>Os dois morreram. O idoso veio a \u00f3bito ainda no local, enquanto o sobrinho chegou a ser levado para o Hospital Municipal de S\u00e3o Domingos, mas n\u00e3o resistiu.<\/p>\n\n\n\n<p>A Pol\u00edcia Militar foi acionada para atender \u00e0 ocorr\u00eancia e constatou a colis\u00e3o transversal entre os ve\u00edculos. As v\u00edtimas fatais foram encaminhadas ao Departamento de Pol\u00edcia T\u00e9cnica (DPT) de Serrinha.<\/p>\n\n\n\n<p>Fonte\/\/G1<\/p>\n","protected":false},"excerpt":{"rendered":"<p>Tr\u00eas pessoas morreram, incluindo tio e sobrinho, ap\u00f3s um grave acidente ocorrido na manh\u00e3 desta quarta-feira (7) no km 288 da rodovia BA-416. A colis\u00e3o ocorreu no trecho de\u00a0Valente, cidade a cerca de 138 km de\u00a0Feira de Santana, pr\u00f3ximo \u00e0 divisa entre as duas cidades. Segundo a Pol\u00edcia Rodovi\u00e1ria Estadual (PRE), o acidente envolveu dois [&hellip;]<\/p>\n","protected":false},"author":1,"featured_media":4339,"comment_status":"open","ping_status":"closed","sticky":false,"template":"","format":"standard","meta":{"site-sidebar-layout":"default","site-content-layout":"","ast-site-content-layout":"default","site-content-style":"default","site-sidebar-style":"default","ast-global-header-display":"","ast-banner-title-visibility":"","ast-main-header-display":"","ast-hfb-above-header-display":"","ast-hfb-below-header-display":"","ast-hfb-mobile-header-display":"","site-post-title":"","ast-breadcrumbs-content":"","ast-featured-img":"","footer-sml-layout":"","theme-transparent-header-meta":"","adv-header-id-meta":"","stick-header-meta":"","header-above-stick-meta":"","header-main-stick-meta":"","header-below-stick-meta":"","astra-migrate-meta-layouts":"set","ast-page-background-enabled":"default","ast-page-background-meta":{"desktop":{"background-color":"var(--ast-global-color-4)","background-image":"","background-repeat":"repeat","background-position":"center center","background-size":"auto","background-attachment":"scroll","background-type":"","background-media":"","overlay-type":"","overlay-color":"","overlay-opacity":"","overlay-gradient":""},"tablet":{"background-color":"","background-image":"","background-repeat":"repeat","background-position":"center center","background-size":"auto","background-attachment":"scroll","background-type":"","background-media":"","overlay-type":"","overlay-color":"","overlay-opacity":"","overlay-gradient":""},"mobile":{"background-color":"","background-image":"","background-repeat":"repeat","background-position":"center center","background-size":"auto","background-attachment":"scroll","background-type":"","background-media":"","overlay-type":"","overlay-color":"","overlay-opacity":"","overlay-gradient":""}},"ast-content-background-meta":{"desktop":{"background-color":"var(--ast-global-color-5)","background-image":"","background-repeat":"repeat","background-position":"center center","background-size":"auto","background-attachment":"scroll","background-type":"","background-media":"","overlay-type":"","overlay-color":"","overlay-opacity":"","overlay-gradient":""},"tablet":{"background-color":"var(--ast-global-color-5)","background-image":"","background-repeat":"repeat","background-position":"center center","background-size":"auto","background-attachment":"scroll","background-type":"","background-media":"","overlay-type":"","overlay-color":"","overlay-opacity":"","overlay-gradient":""},"mobile":{"background-color":"var(--ast-global-color-5)","background-image":"","background-repeat":"repeat","background-position":"center center","background-size":"auto","background-attachment":"scroll","background-type":"","background-media":"","overlay-type":"","overlay-color":"","overlay-opacity":"","overlay-gradient":""}},"footnotes":""},"categories":[4],"tags":[122],"class_list":["post-4338","post","type-post","status-publish","format-standard","has-post-thumbnail","hentry","category-brasil","tag-manchetes"],"_links":{"self":[{"href":"https:\/\/maisoeste.com.br\/index.php?rest_route=\/wp\/v2\/posts\/4338","targetHints":{"allow":["GET"]}}],"collection":[{"href":"https:\/\/maisoeste.com.br\/index.php?rest_route=\/wp\/v2\/posts"}],"about":[{"href":"https:\/\/maisoeste.com.br\/index.php?rest_route=\/wp\/v2\/types\/post"}],"author":[{"embeddable":true,"href":"https:\/\/maisoeste.com.br\/index.php?rest_route=\/wp\/v2\/users\/1"}],"replies":[{"embeddable":true,"href":"https:\/\/maisoeste.com.br\/index.php?rest_route=%2Fwp%2Fv2%2Fcomments&post=4338"}],"version-history":[{"count":1,"href":"https:\/\/maisoeste.com.br\/index.php?rest_route=\/wp\/v2\/posts\/4338\/revisions"}],"predecessor-version":[{"id":4340,"href":"https:\/\/maisoeste.com.br\/index.php?rest_route=\/wp\/v2\/posts\/4338\/revisions\/4340"}],"wp:featuredmedia":[{"embeddable":true,"href":"https:\/\/maisoeste.com.br\/index.php?rest_route=\/wp\/v2\/media\/4339"}],"wp:attachment":[{"href":"https:\/\/maisoeste.com.br\/index.php?rest_route=%2Fwp%2Fv2%2Fmedia&parent=4338"}],"wp:term":[{"taxonomy":"category","embeddable":true,"href":"https:\/\/maisoeste.com.br\/index.php?rest_route=%2Fwp%2Fv2%2Fcategories&post=4338"},{"taxonomy":"post_tag","embeddable":true,"href":"https:\/\/maisoeste.com.br\/index.php?rest_route=%2Fwp%2Fv2%2Ftags&post=4338"}],"curies":[{"name":"wp","href":"https:\/\/api.w.org\/{rel}","templated":true}]}}