{"id":4351,"date":"2025-05-08T10:09:05","date_gmt":"2025-05-08T13:09:05","guid":{"rendered":"https:\/\/maisoeste.com.br\/?p=4351"},"modified":"2025-05-08T10:09:06","modified_gmt":"2025-05-08T13:09:06","slug":"ainda-sem-papa-fumaca-preta-volta-a-sair-da-chamine-da-capela-sistina","status":"publish","type":"post","link":"https:\/\/maisoeste.com.br\/?p=4351","title":{"rendered":"Ainda sem Papa: Fuma\u00e7a preta volta a sair da chamin\u00e9 da Capela Sistina"},"content":{"rendered":"\n<p>A chamin\u00e9 da Capela Sistina expeliu\u00a0<strong>fuma\u00e7a preta<\/strong>\u00a0na manh\u00e3 desta quinta-feira (8), no hor\u00e1rio de Bras\u00edlia, o que significa que n\u00e3o houve consenso entre os cardeais nas duas primeiras vota\u00e7\u00f5es do 2\u00ba dia de conclave. O novo papa ainda pode sair nesta quinta \u2014 duas novas vota\u00e7\u00f5es v\u00e3o ocorrer \u00e0 tarde.<\/p>\n\n\n\n<p>Esta \u00e9 a segunda fuma\u00e7a preta deste conclave, e significa que n\u00e3o houve defini\u00e7\u00e3o de papa nas tr\u00eas primeiras vota\u00e7\u00f5es realizadas pelos cardeais.<\/p>\n\n\n\n<p>A primeira fuma\u00e7a deste conclave, na quarta-feira, saiu com cerca de duas horas de atraso\u00a0em rela\u00e7\u00e3o ao indicado pelo\u00a0Vaticano. A fuma\u00e7a da manh\u00e3 desta quinta-feira\u00a0tamb\u00e9m demorou mais para sair em rela\u00e7\u00e3o aos \u00faltimos dois conclaves, em 2013 e 2005.<\/p>\n\n\n\n<p>No entanto, os fi\u00e9is da Igreja Cat\u00f3lica ainda poder\u00e3o ver um novo papa ser anunciado nesta&nbsp;<strong>quinta-feira, porque duas novas rodadas de vota\u00e7\u00e3o<\/strong>&nbsp;no conclave ocorrer\u00e3o durante a tarde:<\/p>\n\n\n\n<ul class=\"wp-block-list\">\n<li>Perto de 12h30 (no hor\u00e1rio de Bras\u00edlia): terceira rodada de vota\u00e7\u00e3o do dia.\u00a0Se o papa for definido, sair\u00e1 fuma\u00e7a branca. Se n\u00e3o for definido, nada acontecer\u00e1;<\/li>\n\n\n\n<li>Perto de 14h: quarta rodada de vota\u00e7\u00e3o do dia.\u00a0Se o papa for definido, sair\u00e1 fuma\u00e7a branca da chamin\u00e9 da Capela Sistina. Se n\u00e3o houver defini\u00e7\u00e3o, sair\u00e1 fuma\u00e7a preta.<\/li>\n<\/ul>\n\n\n\n<p>O cardeal decano Giovanni Battista Re, de 91 anos,\u00a0afirmou esperar que o novo papa seja definido ainda nesta quinta.\u00a0Pela tradi\u00e7\u00e3o da Igreja, Battista Re era quem deveria ser o celebrante do conclave, mas por conta da idade ele foi substitu\u00eddo pelo cardeal Pietro Parolin.<\/p>\n\n\n\n<p>&#8220;Espero que, ao retornar a Roma nesta noite, j\u00e1 encontre a fuma\u00e7a branca. Estou particularmente feliz por estar aqui no in\u00edcio do conclave, para que o Esp\u00edrito Santo possa soprar com for\u00e7a e assim seja eleito o papa de que a Igreja e o mundo de hoje precisam&#8221;, afirmou Battista Re.<\/p>\n\n\n\n<p>Fonte\/\/G1<\/p>\n","protected":false},"excerpt":{"rendered":"<p>A chamin\u00e9 da Capela Sistina expeliu\u00a0fuma\u00e7a preta\u00a0na manh\u00e3 desta quinta-feira (8), no hor\u00e1rio de Bras\u00edlia, o que significa que n\u00e3o houve consenso entre os cardeais nas duas primeiras vota\u00e7\u00f5es do 2\u00ba dia de conclave. O novo papa ainda pode sair nesta quinta \u2014 duas novas vota\u00e7\u00f5es v\u00e3o ocorrer \u00e0 tarde. Esta \u00e9 a segunda fuma\u00e7a [&hellip;]<\/p>\n","protected":false},"author":1,"featured_media":4352,"comment_status":"open","ping_status":"closed","sticky":false,"template":"","format":"standard","meta":{"site-sidebar-layout":"default","site-content-layout":"","ast-site-content-layout":"default","site-content-style":"default","site-sidebar-style":"default","ast-global-header-display":"","ast-banner-title-visibility":"","ast-main-header-display":"","ast-hfb-above-header-display":"","ast-hfb-below-header-display":"","ast-hfb-mobile-header-display":"","site-post-title":"","ast-breadcrumbs-content":"","ast-featured-img":"","footer-sml-layout":"","theme-transparent-header-meta":"","adv-header-id-meta":"","stick-header-meta":"","header-above-stick-meta":"","header-main-stick-meta":"","header-below-stick-meta":"","astra-migrate-meta-layouts":"set","ast-page-background-enabled":"default","ast-page-background-meta":{"desktop":{"background-color":"var(--ast-global-color-4)","background-image":"","background-repeat":"repeat","background-position":"center center","background-size":"auto","background-attachment":"scroll","background-type":"","background-media":"","overlay-type":"","overlay-color":"","overlay-opacity":"","overlay-gradient":""},"tablet":{"background-color":"","background-image":"","background-repeat":"repeat","background-position":"center center","background-size":"auto","background-attachment":"scroll","background-type":"","background-media":"","overlay-type":"","overlay-color":"","overlay-opacity":"","overlay-gradient":""},"mobile":{"background-color":"","background-image":"","background-repeat":"repeat","background-position":"center center","background-size":"auto","background-attachment":"scroll","background-type":"","background-media":"","overlay-type":"","overlay-color":"","overlay-opacity":"","overlay-gradient":""}},"ast-content-background-meta":{"desktop":{"background-color":"var(--ast-global-color-5)","background-image":"","background-repeat":"repeat","background-position":"center center","background-size":"auto","background-attachment":"scroll","background-type":"","background-media":"","overlay-type":"","overlay-color":"","overlay-opacity":"","overlay-gradient":""},"tablet":{"background-color":"var(--ast-global-color-5)","background-image":"","background-repeat":"repeat","background-position":"center center","background-size":"auto","background-attachment":"scroll","background-type":"","background-media":"","overlay-type":"","overlay-color":"","overlay-opacity":"","overlay-gradient":""},"mobile":{"background-color":"var(--ast-global-color-5)","background-image":"","background-repeat":"repeat","background-position":"center center","background-size":"auto","background-attachment":"scroll","background-type":"","background-media":"","overlay-type":"","overlay-color":"","overlay-opacity":"","overlay-gradient":""}},"footnotes":""},"categories":[4],"tags":[122],"class_list":["post-4351","post","type-post","status-publish","format-standard","has-post-thumbnail","hentry","category-brasil","tag-manchetes"],"_links":{"self":[{"href":"https:\/\/maisoeste.com.br\/index.php?rest_route=\/wp\/v2\/posts\/4351","targetHints":{"allow":["GET"]}}],"collection":[{"href":"https:\/\/maisoeste.com.br\/index.php?rest_route=\/wp\/v2\/posts"}],"about":[{"href":"https:\/\/maisoeste.com.br\/index.php?rest_route=\/wp\/v2\/types\/post"}],"author":[{"embeddable":true,"href":"https:\/\/maisoeste.com.br\/index.php?rest_route=\/wp\/v2\/users\/1"}],"replies":[{"embeddable":true,"href":"https:\/\/maisoeste.com.br\/index.php?rest_route=%2Fwp%2Fv2%2Fcomments&post=4351"}],"version-history":[{"count":1,"href":"https:\/\/maisoeste.com.br\/index.php?rest_route=\/wp\/v2\/posts\/4351\/revisions"}],"predecessor-version":[{"id":4353,"href":"https:\/\/maisoeste.com.br\/index.php?rest_route=\/wp\/v2\/posts\/4351\/revisions\/4353"}],"wp:featuredmedia":[{"embeddable":true,"href":"https:\/\/maisoeste.com.br\/index.php?rest_route=\/wp\/v2\/media\/4352"}],"wp:attachment":[{"href":"https:\/\/maisoeste.com.br\/index.php?rest_route=%2Fwp%2Fv2%2Fmedia&parent=4351"}],"wp:term":[{"taxonomy":"category","embeddable":true,"href":"https:\/\/maisoeste.com.br\/index.php?rest_route=%2Fwp%2Fv2%2Fcategories&post=4351"},{"taxonomy":"post_tag","embeddable":true,"href":"https:\/\/maisoeste.com.br\/index.php?rest_route=%2Fwp%2Fv2%2Ftags&post=4351"}],"curies":[{"name":"wp","href":"https:\/\/api.w.org\/{rel}","templated":true}]}}