{"id":4382,"date":"2025-05-10T07:06:41","date_gmt":"2025-05-10T10:06:41","guid":{"rendered":"https:\/\/maisoeste.com.br\/?p=4382"},"modified":"2025-05-10T07:06:42","modified_gmt":"2025-05-10T10:06:42","slug":"barreiras-sedia-etapa-macrorregional-da-5a-conferencia-estadual-de-saude-do-trabalhador-e-da-trabalhadora","status":"publish","type":"post","link":"https:\/\/maisoeste.com.br\/?p=4382","title":{"rendered":"Barreiras sedia etapa macrorregional da 5\u00aa Confer\u00eancia Estadual de Sa\u00fade do Trabalhador e da Trabalhadora"},"content":{"rendered":"\n<p>Barreiras sediou, nesta quinta-feira (8), a etapa macrorregional da 5\u00aa Confer\u00eancia Estadual de Sa\u00fade do Trabalhador e da Trabalhadora da Bahia, reunindo representantes de diversos munic\u00edpios, institui\u00e7\u00f5es, movimentos sociais e usu\u00e1rios do SUS. Com o tema central \u201cA Sa\u00fade da Trabalhadora e do Trabalhador como Direito Humano\u201d, o evento marcou um momento de di\u00e1logo e constru\u00e7\u00e3o coletiva de propostas voltadas ao fortalecimento das pol\u00edticas p\u00fablicas de sa\u00fade do trabalhador na regi\u00e3o Oeste da Bahia.<\/p>\n\n\n\n<p>A enfermeira da Copin, L\u00edvia Maria Teles, abriu o evento destacando a import\u00e2ncia do encontro como espa\u00e7o democr\u00e1tico e essencial para a escuta ativa e a participa\u00e7\u00e3o social. Em seguida, foi composta a mesa de abertura com a presen\u00e7a de autoridades e representantes de diversos segmentos: Moyses Longuinho Toniolo de Souza (Conselho Estadual de Sa\u00fade), Raoni Andrade Rodrigues (SUVISA\/SESAB), Jana\u00edna Queiroz de Oliveira (Secretaria Municipal de Sa\u00fade de Barreiras), Dra. Aline Rodrigues de Carvalho Cunha (Minist\u00e9rio P\u00fablico do Trabalho), Gilvan Ferreira dos Santos (Conselho Municipal de Sa\u00fade), Reginalda Ramos (trabalhadores do SUS de Santa Maria da Vit\u00f3ria) e Keith Bernardes (usu\u00e1rios do SUS de Ibotirama). A subsecret\u00e1ria de Sa\u00fade, \u00c9rica Lacerda, tamb\u00e9m participou desta etapa da Confer\u00eancia Estadual.<\/p>\n\n\n\n<p>Os participantes destacaram o papel fundamental das confer\u00eancias na formula\u00e7\u00e3o de pol\u00edticas p\u00fablicas que assegurem ambientes de trabalho mais justos, saud\u00e1veis e seguros. Representando a Secretaria de Sa\u00fade de Barreiras, Jana\u00edna Queiroz refor\u00e7ou o compromisso do munic\u00edpio com a pauta, enfatizando a import\u00e2ncia de considerar as m\u00faltiplas realidades laborais da regi\u00e3o na constru\u00e7\u00e3o de pol\u00edticas eficazes. A atua\u00e7\u00e3o da Secretaria foi reconhecida pelos demais participantes como um exemplo de dedica\u00e7\u00e3o \u00e0 promo\u00e7\u00e3o da sa\u00fade dos trabalhadores, sendo a anfitri\u00e3 de um evento estrat\u00e9gico para a regi\u00e3o.<\/p>\n\n\n\n<p>A programa\u00e7\u00e3o seguiu com uma mesa tem\u00e1tica composta por especialistas como a m\u00e9dica sanitarista Dra. Let\u00edcia Nobre (SUVISA\/SESAB), o sanitarista Celso Jo\u00e9lio Amorim Teodoro (DIVAST\/CESAT) e o psic\u00f3logo Bruno Kl\u00e9cius Andrade Teles (UFOB). Os palestrantes abordaram temas relacionados aos desafios atuais da sa\u00fade do trabalhador, incluindo os impactos das reformas trabalhistas e previdenci\u00e1rias, a precariza\u00e7\u00e3o das condi\u00e7\u00f5es de trabalho, a import\u00e2ncia da participa\u00e7\u00e3o social e a necessidade de um financiamento robusto das pol\u00edticas p\u00fablicas.<\/p>\n\n\n\n<p>A confer\u00eancia foi marcada por reflex\u00f5es profundas e pela mobiliza\u00e7\u00e3o dos participantes em torno da defesa do SUS, do fortalecimento da Vigil\u00e2ncia em Sa\u00fade do Trabalhador e da implementa\u00e7\u00e3o efetiva da Pol\u00edtica Estadual de Sa\u00fade do Trabalhador e da Trabalhadora. O evento tamb\u00e9m discutiu estrat\u00e9gias para ampliar o conhecimento da popula\u00e7\u00e3o sobre os servi\u00e7os ofertados, como os Centros de Refer\u00eancia em Sa\u00fade do Trabalhador (CERESTs), e para estimular o engajamento nos conselhos e f\u00f3runs de controle social.<\/p>\n\n\n\n<p>A etapa macrorregional em Barreiras integra o processo preparat\u00f3rio da 5\u00aa Confer\u00eancia Estadual de Sa\u00fade do Trabalhador e da Trabalhadora, que segue com outras etapas at\u00e9 15 de junho. As propostas debatidas ser\u00e3o levadas \u00e0 confer\u00eancia estadual e, posteriormente, \u00e0 etapa nacional, prevista para agosto.<\/p>\n\n\n\n<p><strong>Dircom<\/strong><\/p>\n\n\n\n<figure class=\"wp-block-image aligncenter size-full is-resized\"><img fetchpriority=\"high\" decoding=\"async\" width=\"830\" height=\"137\" src=\"https:\/\/maisoeste.com.br\/wp-content\/uploads\/2025\/04\/IMG_4557-300x300-1.jpg\" alt=\"\" class=\"wp-image-3702\" style=\"width:1200px;height:auto\" srcset=\"https:\/\/maisoeste.com.br\/wp-content\/uploads\/2025\/04\/IMG_4557-300x300-1.jpg 830w, https:\/\/maisoeste.com.br\/wp-content\/uploads\/2025\/04\/IMG_4557-300x300-1-300x50.jpg 300w, https:\/\/maisoeste.com.br\/wp-content\/uploads\/2025\/04\/IMG_4557-300x300-1-768x127.jpg 768w, https:\/\/maisoeste.com.br\/wp-content\/uploads\/2025\/04\/IMG_4557-300x300-1-600x99.jpg 600w\" sizes=\"(max-width: 830px) 100vw, 830px\" \/><\/figure>\n","protected":false},"excerpt":{"rendered":"<p>Barreiras sediou, nesta quinta-feira (8), a etapa macrorregional da 5\u00aa Confer\u00eancia Estadual de Sa\u00fade do Trabalhador e da Trabalhadora da Bahia, reunindo representantes de diversos munic\u00edpios, institui\u00e7\u00f5es, movimentos sociais e usu\u00e1rios do SUS. Com o tema central \u201cA Sa\u00fade da Trabalhadora e do Trabalhador como Direito Humano\u201d, o evento marcou um momento de di\u00e1logo e [&hellip;]<\/p>\n","protected":false},"author":1,"featured_media":4383,"comment_status":"open","ping_status":"closed","sticky":false,"template":"","format":"standard","meta":{"site-sidebar-layout":"default","site-content-layout":"","ast-site-content-layout":"default","site-content-style":"default","site-sidebar-style":"default","ast-global-header-display":"","ast-banner-title-visibility":"","ast-main-header-display":"","ast-hfb-above-header-display":"","ast-hfb-below-header-display":"","ast-hfb-mobile-header-display":"","site-post-title":"","ast-breadcrumbs-content":"","ast-featured-img":"","footer-sml-layout":"","theme-transparent-header-meta":"","adv-header-id-meta":"","stick-header-meta":"","header-above-stick-meta":"","header-main-stick-meta":"","header-below-stick-meta":"","astra-migrate-meta-layouts":"set","ast-page-background-enabled":"default","ast-page-background-meta":{"desktop":{"background-color":"var(--ast-global-color-4)","background-image":"","background-repeat":"repeat","background-position":"center center","background-size":"auto","background-attachment":"scroll","background-type":"","background-media":"","overlay-type":"","overlay-color":"","overlay-opacity":"","overlay-gradient":""},"tablet":{"background-color":"","background-image":"","background-repeat":"repeat","background-position":"center center","background-size":"auto","background-attachment":"scroll","background-type":"","background-media":"","overlay-type":"","overlay-color":"","overlay-opacity":"","overlay-gradient":""},"mobile":{"background-color":"","background-image":"","background-repeat":"repeat","background-position":"center center","background-size":"auto","background-attachment":"scroll","background-type":"","background-media":"","overlay-type":"","overlay-color":"","overlay-opacity":"","overlay-gradient":""}},"ast-content-background-meta":{"desktop":{"background-color":"var(--ast-global-color-5)","background-image":"","background-repeat":"repeat","background-position":"center center","background-size":"auto","background-attachment":"scroll","background-type":"","background-media":"","overlay-type":"","overlay-color":"","overlay-opacity":"","overlay-gradient":""},"tablet":{"background-color":"var(--ast-global-color-5)","background-image":"","background-repeat":"repeat","background-position":"center center","background-size":"auto","background-attachment":"scroll","background-type":"","background-media":"","overlay-type":"","overlay-color":"","overlay-opacity":"","overlay-gradient":""},"mobile":{"background-color":"var(--ast-global-color-5)","background-image":"","background-repeat":"repeat","background-position":"center center","background-size":"auto","background-attachment":"scroll","background-type":"","background-media":"","overlay-type":"","overlay-color":"","overlay-opacity":"","overlay-gradient":""}},"footnotes":""},"categories":[45],"tags":[122],"class_list":["post-4382","post","type-post","status-publish","format-standard","has-post-thumbnail","hentry","category-esportes","tag-manchetes"],"_links":{"self":[{"href":"https:\/\/maisoeste.com.br\/index.php?rest_route=\/wp\/v2\/posts\/4382","targetHints":{"allow":["GET"]}}],"collection":[{"href":"https:\/\/maisoeste.com.br\/index.php?rest_route=\/wp\/v2\/posts"}],"about":[{"href":"https:\/\/maisoeste.com.br\/index.php?rest_route=\/wp\/v2\/types\/post"}],"author":[{"embeddable":true,"href":"https:\/\/maisoeste.com.br\/index.php?rest_route=\/wp\/v2\/users\/1"}],"replies":[{"embeddable":true,"href":"https:\/\/maisoeste.com.br\/index.php?rest_route=%2Fwp%2Fv2%2Fcomments&post=4382"}],"version-history":[{"count":1,"href":"https:\/\/maisoeste.com.br\/index.php?rest_route=\/wp\/v2\/posts\/4382\/revisions"}],"predecessor-version":[{"id":4384,"href":"https:\/\/maisoeste.com.br\/index.php?rest_route=\/wp\/v2\/posts\/4382\/revisions\/4384"}],"wp:featuredmedia":[{"embeddable":true,"href":"https:\/\/maisoeste.com.br\/index.php?rest_route=\/wp\/v2\/media\/4383"}],"wp:attachment":[{"href":"https:\/\/maisoeste.com.br\/index.php?rest_route=%2Fwp%2Fv2%2Fmedia&parent=4382"}],"wp:term":[{"taxonomy":"category","embeddable":true,"href":"https:\/\/maisoeste.com.br\/index.php?rest_route=%2Fwp%2Fv2%2Fcategories&post=4382"},{"taxonomy":"post_tag","embeddable":true,"href":"https:\/\/maisoeste.com.br\/index.php?rest_route=%2Fwp%2Fv2%2Ftags&post=4382"}],"curies":[{"name":"wp","href":"https:\/\/api.w.org\/{rel}","templated":true}]}}