{"id":4452,"date":"2025-05-13T06:00:00","date_gmt":"2025-05-13T09:00:00","guid":{"rendered":"https:\/\/maisoeste.com.br\/?p=4452"},"modified":"2025-05-13T06:56:03","modified_gmt":"2025-05-13T09:56:03","slug":"fabrica-da-byd-no-brasil-atrasa-e-so-estara-em-pleno-funcionamento-no-fim-de-2026","status":"publish","type":"post","link":"https:\/\/maisoeste.com.br\/?p=4452","title":{"rendered":"F\u00e1brica da BYD no Brasil atrasa e s\u00f3 estar\u00e1 em pleno funcionamento no fim de 2026"},"content":{"rendered":"\n<p>A f\u00e1brica da\u00a0BYD\u00a0no Brasil s\u00f3 estar\u00e1 completamente funcional em dezembro de 2026. A afirma\u00e7\u00e3o vem do vereador Augusto Vasconcelos, gestor da Secretaria do Trabalho, Emprego, Renda e Esporte (Setre), no estado da Bahia. &#8220;A f\u00e1brica deve estar em pleno funcionamento a partir de dezembro de 2026&#8221;, afirmou Vasaconcelos, em rede social.<\/p>\n\n\n\n<p>Em mar\u00e7o do ano passado, a pr\u00f3pria BYD havia prometido que a f\u00e1brica, instalada na antiga planta da Ford, em Cama\u00e7ari (BA), estaria em pleno funcionamento j\u00e1 em 2025.<\/p>\n\n\n\n<p>&#8220;Ao longo de 2025 n\u00f3s teremos a fabrica\u00e7\u00e3o completa aqui saindo dessa planta de Cama\u00e7ari, da BYD, para todos os estados do Brasil e, certamente, para os pa\u00edses ao qual a BYD atua na Am\u00e9rica Latina\u201d, afirmou Alexandre Baldy, CEO da BYD.<\/p>\n\n\n\n<p>Durante o an\u00fancio, a companhia prometeu que a capacidade da f\u00e1brica \u00e9 de 150 mil ve\u00edculos por ano. Os carros planejados para fabrica\u00e7\u00e3o no estado da Bahia s\u00e3o:<\/p>\n\n\n\n<ul class=\"wp-block-list\">\n<li>BYD Dolphin<\/li>\n\n\n\n<li>BYD Dolphin Mini<\/li>\n\n\n\n<li>BYD Song Plus<\/li>\n\n\n\n<li>BYD Yuan Plus<\/li>\n<\/ul>\n\n\n\n<p>Fonte\/\/G1<\/p>\n","protected":false},"excerpt":{"rendered":"<p>A f\u00e1brica da\u00a0BYD\u00a0no Brasil s\u00f3 estar\u00e1 completamente funcional em dezembro de 2026. A afirma\u00e7\u00e3o vem do vereador Augusto Vasconcelos, gestor da Secretaria do Trabalho, Emprego, Renda e Esporte (Setre), no estado da Bahia. &#8220;A f\u00e1brica deve estar em pleno funcionamento a partir de dezembro de 2026&#8221;, afirmou Vasaconcelos, em rede social. Em mar\u00e7o do ano [&hellip;]<\/p>\n","protected":false},"author":1,"featured_media":4453,"comment_status":"open","ping_status":"closed","sticky":false,"template":"","format":"standard","meta":{"site-sidebar-layout":"default","site-content-layout":"","ast-site-content-layout":"default","site-content-style":"default","site-sidebar-style":"default","ast-global-header-display":"","ast-banner-title-visibility":"","ast-main-header-display":"","ast-hfb-above-header-display":"","ast-hfb-below-header-display":"","ast-hfb-mobile-header-display":"","site-post-title":"","ast-breadcrumbs-content":"","ast-featured-img":"","footer-sml-layout":"","theme-transparent-header-meta":"","adv-header-id-meta":"","stick-header-meta":"","header-above-stick-meta":"","header-main-stick-meta":"","header-below-stick-meta":"","astra-migrate-meta-layouts":"set","ast-page-background-enabled":"default","ast-page-background-meta":{"desktop":{"background-color":"var(--ast-global-color-4)","background-image":"","background-repeat":"repeat","background-position":"center center","background-size":"auto","background-attachment":"scroll","background-type":"","background-media":"","overlay-type":"","overlay-color":"","overlay-opacity":"","overlay-gradient":""},"tablet":{"background-color":"","background-image":"","background-repeat":"repeat","background-position":"center center","background-size":"auto","background-attachment":"scroll","background-type":"","background-media":"","overlay-type":"","overlay-color":"","overlay-opacity":"","overlay-gradient":""},"mobile":{"background-color":"","background-image":"","background-repeat":"repeat","background-position":"center center","background-size":"auto","background-attachment":"scroll","background-type":"","background-media":"","overlay-type":"","overlay-color":"","overlay-opacity":"","overlay-gradient":""}},"ast-content-background-meta":{"desktop":{"background-color":"var(--ast-global-color-5)","background-image":"","background-repeat":"repeat","background-position":"center center","background-size":"auto","background-attachment":"scroll","background-type":"","background-media":"","overlay-type":"","overlay-color":"","overlay-opacity":"","overlay-gradient":""},"tablet":{"background-color":"var(--ast-global-color-5)","background-image":"","background-repeat":"repeat","background-position":"center center","background-size":"auto","background-attachment":"scroll","background-type":"","background-media":"","overlay-type":"","overlay-color":"","overlay-opacity":"","overlay-gradient":""},"mobile":{"background-color":"var(--ast-global-color-5)","background-image":"","background-repeat":"repeat","background-position":"center center","background-size":"auto","background-attachment":"scroll","background-type":"","background-media":"","overlay-type":"","overlay-color":"","overlay-opacity":"","overlay-gradient":""}},"footnotes":""},"categories":[4],"tags":[122],"class_list":["post-4452","post","type-post","status-publish","format-standard","has-post-thumbnail","hentry","category-brasil","tag-manchetes"],"_links":{"self":[{"href":"https:\/\/maisoeste.com.br\/index.php?rest_route=\/wp\/v2\/posts\/4452","targetHints":{"allow":["GET"]}}],"collection":[{"href":"https:\/\/maisoeste.com.br\/index.php?rest_route=\/wp\/v2\/posts"}],"about":[{"href":"https:\/\/maisoeste.com.br\/index.php?rest_route=\/wp\/v2\/types\/post"}],"author":[{"embeddable":true,"href":"https:\/\/maisoeste.com.br\/index.php?rest_route=\/wp\/v2\/users\/1"}],"replies":[{"embeddable":true,"href":"https:\/\/maisoeste.com.br\/index.php?rest_route=%2Fwp%2Fv2%2Fcomments&post=4452"}],"version-history":[{"count":1,"href":"https:\/\/maisoeste.com.br\/index.php?rest_route=\/wp\/v2\/posts\/4452\/revisions"}],"predecessor-version":[{"id":4454,"href":"https:\/\/maisoeste.com.br\/index.php?rest_route=\/wp\/v2\/posts\/4452\/revisions\/4454"}],"wp:featuredmedia":[{"embeddable":true,"href":"https:\/\/maisoeste.com.br\/index.php?rest_route=\/wp\/v2\/media\/4453"}],"wp:attachment":[{"href":"https:\/\/maisoeste.com.br\/index.php?rest_route=%2Fwp%2Fv2%2Fmedia&parent=4452"}],"wp:term":[{"taxonomy":"category","embeddable":true,"href":"https:\/\/maisoeste.com.br\/index.php?rest_route=%2Fwp%2Fv2%2Fcategories&post=4452"},{"taxonomy":"post_tag","embeddable":true,"href":"https:\/\/maisoeste.com.br\/index.php?rest_route=%2Fwp%2Fv2%2Ftags&post=4452"}],"curies":[{"name":"wp","href":"https:\/\/api.w.org\/{rel}","templated":true}]}}