{"id":4464,"date":"2025-05-13T06:44:56","date_gmt":"2025-05-13T09:44:56","guid":{"rendered":"https:\/\/maisoeste.com.br\/?p=4464"},"modified":"2025-05-13T06:44:57","modified_gmt":"2025-05-13T09:44:57","slug":"barreiras-abre-programacao-do-maio-laranja-e-celebra-25-anos-da-campanha-faca-bonito","status":"publish","type":"post","link":"https:\/\/maisoeste.com.br\/?p=4464","title":{"rendered":"Barreiras abre programa\u00e7\u00e3o do Maio Laranja e celebra 25 anos da campanha \u201cFa\u00e7a Bonito\u201d"},"content":{"rendered":"\n<p>Com o compromisso de fortalecer a rede de prote\u00e7\u00e3o \u00e0 inf\u00e2ncia, Barreiras abriu oficialmente, nesta segunda-feira (12), a programa\u00e7\u00e3o do Maio Laranja \u2014 m\u00eas dedicado \u00e0 conscientiza\u00e7\u00e3o e ao combate ao abuso e \u00e0 explora\u00e7\u00e3o sexual de crian\u00e7as e adolescentes. Este ano, a campanha nacional \u201cFa\u00e7a Bonito \u2013 Proteja nossas crian\u00e7as e adolescentes\u201d celebra 25 anos de mobiliza\u00e7\u00e3o em defesa dos direitos da inf\u00e2ncia e juventude.<\/p>\n\n\n\n<p>A cerim\u00f4nia de abertura contou com a presen\u00e7a do prefeito Otoniel Teixeira e da secret\u00e1ria de Assist\u00eancia Social e Trabalho, Ivanete Bastos, que coordena as a\u00e7\u00f5es do Maio Laranja no munic\u00edpio. Tamb\u00e9m participaram representantes da OAB Barreiras, da Delegacia Especializada no Atendimento \u00e0 Mulher (DEAM), do Conselho Tutelar, do Conselho Municipal dos Direitos da Crian\u00e7a e do Adolescente (CMDCA), da C\u00e2mara de Vereadores e da Promotoria P\u00fablica.<\/p>\n\n\n\n<p>\u201cAbrimos este m\u00eas com um chamado \u00e0 reflex\u00e3o e ao fortalecimento das pol\u00edticas p\u00fablicas de prote\u00e7\u00e3o \u00e0 inf\u00e2ncia. A nossa gest\u00e3o \u00e9 pautada por a\u00e7\u00f5es humanas e integradas, com foco em acolher e proteger as fam\u00edlias por meio da Assist\u00eancia Social, da Sa\u00fade e da Educa\u00e7\u00e3o\u201d, destacou o prefeito Otoniel Teixeira, ressaltando o envolvimento dos secret\u00e1rios e subsecret\u00e1rios dessas pastas.<\/p>\n\n\n\n<p>A secret\u00e1ria Ivanete Bastos enfatizou o papel estrat\u00e9gico das coordenadoras pedag\u00f3gicas na identifica\u00e7\u00e3o e den\u00fancia de poss\u00edveis casos de abuso. \u201cPrecisamos atuar em rede, com di\u00e1logo e responsabilidade, para proteger nossas crian\u00e7as. \u00c9 fundamental ouvir, acolher e agir para garantir os direitos da inf\u00e2ncia\u201d, refor\u00e7ou.<\/p>\n\n\n\n<p>A delegada da DEAM e palestrante do evento, Dra. Mar\u00edlia Matos, destacou a urg\u00eancia na responsabiliza\u00e7\u00e3o dos agressores. \u201cO tempo que passa \u00e9 a prova que se perde. Nosso compromisso \u00e9 com a puni\u00e7\u00e3o dos autores e, acima de tudo, com a prote\u00e7\u00e3o das v\u00edtimas\u201d, afirmou.<\/p>\n\n\n\n<p>Representando o Legislativo, a vereadora Dic\u00edola Baqueiro lembrou que a viol\u00eancia contra crian\u00e7as e adolescentes \u00e9 um problema coletivo. \u201cEssas crian\u00e7as n\u00e3o t\u00eam como se defender. Precisamos dar as m\u00e3os e agir. A C\u00e2mara vai abrir espa\u00e7o para discutir o tema no segundo semestre e propor o fortalecimento dos conselhos que atendem esse p\u00fablico\u201d, declarou.<\/p>\n\n\n\n<p>Tamb\u00e9m prestigiaram a cerim\u00f4nia a secret\u00e1ria de Administra\u00e7\u00e3o, Gislaine Barbosa; a secret\u00e1ria de Sa\u00fade, Larissa Barbosa; o secret\u00e1rio de Seguran\u00e7a Cidad\u00e3 e Tr\u00e2nsito, tenente-coronel F\u00e1bio Santana; a subsecret\u00e1ria de Educa\u00e7\u00e3o, Edleusa Matutino; os vereadores Tatico e Rider Castro, entre outras autoridades envolvidas diretamente na rede de prote\u00e7\u00e3o \u00e0 inf\u00e2ncia.<\/p>\n\n\n\n<p>A programa\u00e7\u00e3o do Maio Laranja em Barreiras segue at\u00e9 o fim do m\u00eas e inclui palestras, rodas de conversa em escolas municipais, estaduais e particulares, blitzen educativas e o tradicional Pedal Laranja no dia 18 de maio, data que marca o Dia Nacional de Combate ao Abuso e \u00e0 Explora\u00e7\u00e3o Sexual de Crian\u00e7as e Adolescentes.&nbsp;&nbsp;<\/p>\n\n\n\n<p>A campanha refor\u00e7a a import\u00e2ncia da den\u00fancia. Casos suspeitos ou confirmados de viol\u00eancia devem ser comunicados ao Disque 100 ou aos \u00f3rg\u00e3os competentes do munic\u00edpio.<\/p>\n\n\n\n<p><strong>Confira a programa\u00e7\u00e3o completa do Maio Laranja 2025 em Barreiras:<\/strong><\/p>\n\n\n\n<p>13 a 30 de maio \u2013 A\u00e7\u00f5es continuadas com rodas de conversas, palestras nas escolas (municipais, estaduais e particulares) e blitzes educativas em pontos estrat\u00e9gicos da cidade. Respons\u00e1veis: Equipe t\u00e9cnica dos CRAS, CREAS e Conselho Tutelar.<\/p>\n\n\n\n<p>18 de maio (domingo) \u2013 Dia D: Pedal Maio Laranja<\/p>\n\n\n\n<p>Hor\u00e1rio: Concentra\u00e7\u00e3o \u00e0s 6h30, largada \u00e0s 7h<\/p>\n\n\n\n<p>Sa\u00edda: C\u00e2mara de Vereadores<\/p>\n\n\n\n<p>Chegada: Parque Natural Engenheiro Geraldo Rocha<\/p>\n\n\n\n<p>13\/05 (ter\u00e7a-feira) &#8211; Blitz Educativas na Pra\u00e7a Castro Alves<\/p>\n\n\n\n<p>Hor\u00e1rios: 7h30 \u00e0s 9h | 11h \u00e0s 12h | 13h30 \u00e0s 14h30 | 16h30 \u00e0s 18h<\/p>\n\n\n\n<p>16\/05 (sexta-feira) &#8211; &nbsp;Blitz Educativas na Pra\u00e7a Landulfo Alves no turno noturno.<\/p>\n\n\n\n<p>17\/05 (s\u00e1bado): Blitz Educativas na Feira Livre do Centro (CAB) pela manh\u00e3<\/p>\n\n\n\n<p>20\/05 (ter\u00e7a-feira) &#8211; Blitz Educativas na rua principal do bairro S\u00e3o Pedro (CRAS III), na rua principal de Barreirinhas (prox. Ponto de \u00f4nibus\/Farm\u00e1cia Nogueira \u2013 CRAS III) e na Rodovi\u00e1ria pela manh\u00e3.<\/p>\n\n\n\n<p>25\/05 (domingo) &#8211; Blitz Educativas na Feira da Vila Rica e na Feira da Santa Luzia pela manh\u00e3.<\/p>\n\n\n\n<p><strong>Dircom<\/strong><\/p>\n","protected":false},"excerpt":{"rendered":"<p>Com o compromisso de fortalecer a rede de prote\u00e7\u00e3o \u00e0 inf\u00e2ncia, Barreiras abriu oficialmente, nesta segunda-feira (12), a programa\u00e7\u00e3o do Maio Laranja \u2014 m\u00eas dedicado \u00e0 conscientiza\u00e7\u00e3o e ao combate ao abuso e \u00e0 explora\u00e7\u00e3o sexual de crian\u00e7as e adolescentes. Este ano, a campanha nacional \u201cFa\u00e7a Bonito \u2013 Proteja nossas crian\u00e7as e adolescentes\u201d celebra 25 [&hellip;]<\/p>\n","protected":false},"author":1,"featured_media":4465,"comment_status":"open","ping_status":"closed","sticky":false,"template":"","format":"standard","meta":{"site-sidebar-layout":"default","site-content-layout":"","ast-site-content-layout":"default","site-content-style":"default","site-sidebar-style":"default","ast-global-header-display":"","ast-banner-title-visibility":"","ast-main-header-display":"","ast-hfb-above-header-display":"","ast-hfb-below-header-display":"","ast-hfb-mobile-header-display":"","site-post-title":"","ast-breadcrumbs-content":"","ast-featured-img":"","footer-sml-layout":"","theme-transparent-header-meta":"","adv-header-id-meta":"","stick-header-meta":"","header-above-stick-meta":"","header-main-stick-meta":"","header-below-stick-meta":"","astra-migrate-meta-layouts":"set","ast-page-background-enabled":"default","ast-page-background-meta":{"desktop":{"background-color":"var(--ast-global-color-4)","background-image":"","background-repeat":"repeat","background-position":"center center","background-size":"auto","background-attachment":"scroll","background-type":"","background-media":"","overlay-type":"","overlay-color":"","overlay-opacity":"","overlay-gradient":""},"tablet":{"background-color":"","background-image":"","background-repeat":"repeat","background-position":"center center","background-size":"auto","background-attachment":"scroll","background-type":"","background-media":"","overlay-type":"","overlay-color":"","overlay-opacity":"","overlay-gradient":""},"mobile":{"background-color":"","background-image":"","background-repeat":"repeat","background-position":"center center","background-size":"auto","background-attachment":"scroll","background-type":"","background-media":"","overlay-type":"","overlay-color":"","overlay-opacity":"","overlay-gradient":""}},"ast-content-background-meta":{"desktop":{"background-color":"var(--ast-global-color-5)","background-image":"","background-repeat":"repeat","background-position":"center center","background-size":"auto","background-attachment":"scroll","background-type":"","background-media":"","overlay-type":"","overlay-color":"","overlay-opacity":"","overlay-gradient":""},"tablet":{"background-color":"var(--ast-global-color-5)","background-image":"","background-repeat":"repeat","background-position":"center center","background-size":"auto","background-attachment":"scroll","background-type":"","background-media":"","overlay-type":"","overlay-color":"","overlay-opacity":"","overlay-gradient":""},"mobile":{"background-color":"var(--ast-global-color-5)","background-image":"","background-repeat":"repeat","background-position":"center center","background-size":"auto","background-attachment":"scroll","background-type":"","background-media":"","overlay-type":"","overlay-color":"","overlay-opacity":"","overlay-gradient":""}},"footnotes":""},"categories":[45],"tags":[122],"class_list":["post-4464","post","type-post","status-publish","format-standard","has-post-thumbnail","hentry","category-esportes","tag-manchetes"],"_links":{"self":[{"href":"https:\/\/maisoeste.com.br\/index.php?rest_route=\/wp\/v2\/posts\/4464","targetHints":{"allow":["GET"]}}],"collection":[{"href":"https:\/\/maisoeste.com.br\/index.php?rest_route=\/wp\/v2\/posts"}],"about":[{"href":"https:\/\/maisoeste.com.br\/index.php?rest_route=\/wp\/v2\/types\/post"}],"author":[{"embeddable":true,"href":"https:\/\/maisoeste.com.br\/index.php?rest_route=\/wp\/v2\/users\/1"}],"replies":[{"embeddable":true,"href":"https:\/\/maisoeste.com.br\/index.php?rest_route=%2Fwp%2Fv2%2Fcomments&post=4464"}],"version-history":[{"count":1,"href":"https:\/\/maisoeste.com.br\/index.php?rest_route=\/wp\/v2\/posts\/4464\/revisions"}],"predecessor-version":[{"id":4466,"href":"https:\/\/maisoeste.com.br\/index.php?rest_route=\/wp\/v2\/posts\/4464\/revisions\/4466"}],"wp:featuredmedia":[{"embeddable":true,"href":"https:\/\/maisoeste.com.br\/index.php?rest_route=\/wp\/v2\/media\/4465"}],"wp:attachment":[{"href":"https:\/\/maisoeste.com.br\/index.php?rest_route=%2Fwp%2Fv2%2Fmedia&parent=4464"}],"wp:term":[{"taxonomy":"category","embeddable":true,"href":"https:\/\/maisoeste.com.br\/index.php?rest_route=%2Fwp%2Fv2%2Fcategories&post=4464"},{"taxonomy":"post_tag","embeddable":true,"href":"https:\/\/maisoeste.com.br\/index.php?rest_route=%2Fwp%2Fv2%2Ftags&post=4464"}],"curies":[{"name":"wp","href":"https:\/\/api.w.org\/{rel}","templated":true}]}}