{"id":5335,"date":"2025-06-13T07:59:50","date_gmt":"2025-06-13T10:59:50","guid":{"rendered":"https:\/\/maisoeste.com.br\/?p=5335"},"modified":"2025-06-13T07:59:51","modified_gmt":"2025-06-13T10:59:51","slug":"tribuna-popular-discute-marco-legal-para-impulsionar-inovacao-em-barreiras","status":"publish","type":"post","link":"https:\/\/maisoeste.com.br\/?p=5335","title":{"rendered":"Tribuna Popular discute marco legal para impulsionar inova\u00e7\u00e3o em Barreiras"},"content":{"rendered":"\n<p>Na noite da \u00faltima quarta-feira (11), no plen\u00e1rio Dr. Aroldo Cavalcante, da C\u00e2mara de Vereadores de Barreiras, a Tribuna Popular debateu a cria\u00e7\u00e3o de um marco legal de inova\u00e7\u00e3o no munic\u00edpio. O encontro, proposto pelo vereador Rider Castro, reuniu representantes do ecossistema local de inova\u00e7\u00e3o, empres\u00e1rios, acad\u00eamicos e legisladores para discutir como a regulamenta\u00e7\u00e3o pode fortalecer o desenvolvimento tecnol\u00f3gico e econ\u00f4mico da regi\u00e3o.<\/p>\n\n\n\n<p>Participaram da mesa o secret\u00e1rio de Agricultura e Tecnologia, Joaquim Neto; Frederico Coutinho, representando a sociedade civil; Thiago Escobar, fundador da startup SETMov; Rodrigo Rodrigues, fundador da startup Greenwall; Erick Rojas, presidente do Grupo de Governan\u00e7a do Ecossistema de Inova\u00e7\u00e3o e Planejamento (GGPEI) e tamb\u00e9m representante da UFOB. A sess\u00e3o foi presidida pela vice-presidente da C\u00e2mara, vereadora Cam\u00e9lia da Mata. O subsecret\u00e1rio de Agricultura e Tecnologia, In\u00e1cio Mac\u00eado, demais vereadores e representantes de institui\u00e7\u00f5es ligadas ao setor tamb\u00e9m participaram do evento.<\/p>\n\n\n\n<p>Frederico Coutinho de Barros, representante da sociedade civil no grupo de governan\u00e7a do ecossistema, explicou que a inova\u00e7\u00e3o depende da integra\u00e7\u00e3o entre diferentes setores. \u201cO ecossistema \u00e9 uma rede que inclui empresas, governo, universidades, startups e organiza\u00e7\u00f5es da sociedade civil. Quando esses atores trabalham juntos, fica mais f\u00e1cil apoiar novos neg\u00f3cios e gerar crescimento sustent\u00e1vel\u201d, afirmou. Ele destacou a necessidade de um marco jur\u00eddico que garanta recursos e estrutura para impulsionar projetos inovadores.<\/p>\n\n\n\n<p>Thiago Escobar, fundador da startup SETMov, compartilhou sua experi\u00eancia como empreendedor e refor\u00e7ou a import\u00e2ncia de pol\u00edticas p\u00fablicas que reduzam burocracias e incentivem a cria\u00e7\u00e3o de empresas de tecnologia. \u201cPrecisamos de um ambiente que permita que ideias saiam do papel e se tornem neg\u00f3cios reais\u201d, disse. Rodrigo Rodrigues, da Greenwall, tamb\u00e9m ressaltou o potencial da regi\u00e3o: \u201cBarreiras tem tudo para se tornar um polo de inova\u00e7\u00e3o, mas isso exige investimento e planejamento\u201d.<\/p>\n\n\n\n<p>O secret\u00e1rio municipal de Agricultura e Tecnologia, Joaquim Neto, destacou o papel do poder p\u00fablico nesse processo. \u201cA gest\u00e3o municipal ir\u00e1 buscar meios de criar mecanismos de incentivo \u00e0s novas startups e empresas de base tecnol\u00f3gica no munic\u00edpio, para facilitar a atra\u00e7\u00e3o de recursos e parcerias. A inova\u00e7\u00e3o n\u00e3o \u00e9 s\u00f3 tecnologia, \u00e9 tamb\u00e9m melhorar a vida das pessoas\u201d, afirmou o secret\u00e1rio.<\/p>\n\n\n\n<p>O pr\u00f3ximo passo ser\u00e1 encaminhar a minuta do projeto de lei para a C\u00e2mara, para que a pauta possa ser debatida com os vereadores e a sociedade antes de seguir para vota\u00e7\u00e3o. Enquanto isso, o grupo de governan\u00e7a do ecossistema de inova\u00e7\u00e3o continuar\u00e1 articulando a\u00e7\u00f5es com os setores p\u00fablico e privado.<\/p>\n\n\n\n<p><strong>Dircom<\/strong><\/p>\n","protected":false},"excerpt":{"rendered":"<p>Na noite da \u00faltima quarta-feira (11), no plen\u00e1rio Dr. Aroldo Cavalcante, da C\u00e2mara de Vereadores de Barreiras, a Tribuna Popular debateu a cria\u00e7\u00e3o de um marco legal de inova\u00e7\u00e3o no munic\u00edpio. O encontro, proposto pelo vereador Rider Castro, reuniu representantes do ecossistema local de inova\u00e7\u00e3o, empres\u00e1rios, acad\u00eamicos e legisladores para discutir como a regulamenta\u00e7\u00e3o pode [&hellip;]<\/p>\n","protected":false},"author":1,"featured_media":5336,"comment_status":"open","ping_status":"closed","sticky":false,"template":"","format":"standard","meta":{"site-sidebar-layout":"default","site-content-layout":"","ast-site-content-layout":"default","site-content-style":"default","site-sidebar-style":"default","ast-global-header-display":"","ast-banner-title-visibility":"","ast-main-header-display":"","ast-hfb-above-header-display":"","ast-hfb-below-header-display":"","ast-hfb-mobile-header-display":"","site-post-title":"","ast-breadcrumbs-content":"","ast-featured-img":"","footer-sml-layout":"","theme-transparent-header-meta":"","adv-header-id-meta":"","stick-header-meta":"","header-above-stick-meta":"","header-main-stick-meta":"","header-below-stick-meta":"","astra-migrate-meta-layouts":"set","ast-page-background-enabled":"default","ast-page-background-meta":{"desktop":{"background-color":"var(--ast-global-color-4)","background-image":"","background-repeat":"repeat","background-position":"center center","background-size":"auto","background-attachment":"scroll","background-type":"","background-media":"","overlay-type":"","overlay-color":"","overlay-opacity":"","overlay-gradient":""},"tablet":{"background-color":"","background-image":"","background-repeat":"repeat","background-position":"center center","background-size":"auto","background-attachment":"scroll","background-type":"","background-media":"","overlay-type":"","overlay-color":"","overlay-opacity":"","overlay-gradient":""},"mobile":{"background-color":"","background-image":"","background-repeat":"repeat","background-position":"center center","background-size":"auto","background-attachment":"scroll","background-type":"","background-media":"","overlay-type":"","overlay-color":"","overlay-opacity":"","overlay-gradient":""}},"ast-content-background-meta":{"desktop":{"background-color":"var(--ast-global-color-5)","background-image":"","background-repeat":"repeat","background-position":"center center","background-size":"auto","background-attachment":"scroll","background-type":"","background-media":"","overlay-type":"","overlay-color":"","overlay-opacity":"","overlay-gradient":""},"tablet":{"background-color":"var(--ast-global-color-5)","background-image":"","background-repeat":"repeat","background-position":"center center","background-size":"auto","background-attachment":"scroll","background-type":"","background-media":"","overlay-type":"","overlay-color":"","overlay-opacity":"","overlay-gradient":""},"mobile":{"background-color":"var(--ast-global-color-5)","background-image":"","background-repeat":"repeat","background-position":"center center","background-size":"auto","background-attachment":"scroll","background-type":"","background-media":"","overlay-type":"","overlay-color":"","overlay-opacity":"","overlay-gradient":""}},"footnotes":""},"categories":[45],"tags":[],"class_list":["post-5335","post","type-post","status-publish","format-standard","has-post-thumbnail","hentry","category-esportes"],"_links":{"self":[{"href":"https:\/\/maisoeste.com.br\/index.php?rest_route=\/wp\/v2\/posts\/5335","targetHints":{"allow":["GET"]}}],"collection":[{"href":"https:\/\/maisoeste.com.br\/index.php?rest_route=\/wp\/v2\/posts"}],"about":[{"href":"https:\/\/maisoeste.com.br\/index.php?rest_route=\/wp\/v2\/types\/post"}],"author":[{"embeddable":true,"href":"https:\/\/maisoeste.com.br\/index.php?rest_route=\/wp\/v2\/users\/1"}],"replies":[{"embeddable":true,"href":"https:\/\/maisoeste.com.br\/index.php?rest_route=%2Fwp%2Fv2%2Fcomments&post=5335"}],"version-history":[{"count":1,"href":"https:\/\/maisoeste.com.br\/index.php?rest_route=\/wp\/v2\/posts\/5335\/revisions"}],"predecessor-version":[{"id":5337,"href":"https:\/\/maisoeste.com.br\/index.php?rest_route=\/wp\/v2\/posts\/5335\/revisions\/5337"}],"wp:featuredmedia":[{"embeddable":true,"href":"https:\/\/maisoeste.com.br\/index.php?rest_route=\/wp\/v2\/media\/5336"}],"wp:attachment":[{"href":"https:\/\/maisoeste.com.br\/index.php?rest_route=%2Fwp%2Fv2%2Fmedia&parent=5335"}],"wp:term":[{"taxonomy":"category","embeddable":true,"href":"https:\/\/maisoeste.com.br\/index.php?rest_route=%2Fwp%2Fv2%2Fcategories&post=5335"},{"taxonomy":"post_tag","embeddable":true,"href":"https:\/\/maisoeste.com.br\/index.php?rest_route=%2Fwp%2Fv2%2Ftags&post=5335"}],"curies":[{"name":"wp","href":"https:\/\/api.w.org\/{rel}","templated":true}]}}