{"id":5823,"date":"2025-07-05T08:36:28","date_gmt":"2025-07-05T11:36:28","guid":{"rendered":"https:\/\/maisoeste.com.br\/?p=5823"},"modified":"2025-07-05T08:36:30","modified_gmt":"2025-07-05T11:36:30","slug":"rural-eletrica-animara-as-ruas-de-curaca-durante-a-festa-do-vaqueiro","status":"publish","type":"post","link":"https:\/\/maisoeste.com.br\/?p=5823","title":{"rendered":"Rural El\u00e9trica animar\u00e1 as ruas de Cura\u00e7\u00e1 durante a Festa do Vaqueiro"},"content":{"rendered":"\n<p>Durante a 72\u00aa Festa do Vaqueiro de Cura\u00e7\u00e1, que ser\u00e1 realizada entre esta sexta-feira (4) e domingo (6), a Xir\u00ea Produ\u00e7\u00f5es promove a Rural El\u00e9trica, uma a\u00e7\u00e3o m\u00f3vel que leva m\u00fasica e anima\u00e7\u00e3o \u00e0s ruas da cidade. Um carro cenografado e equipado com sistema de som potente circula em diferentes hor\u00e1rios com artistas locais, criando encontros entre moradores, visitantes e a cultura vaqueira.<\/p>\n\n\n\n<p>A Rural El\u00e9trica percorre pontos estrat\u00e9gicos da cidade em tr\u00eas momentos distintos, mantendo o clima festivo ativo mesmo fora do palco principal. A proposta visa ampliar a presen\u00e7a cultural da festa e promover a circula\u00e7\u00e3o da arte popular em espa\u00e7os urbanos.<\/p>\n\n\n\n<p>Com apoio do Governo do Estado da Bahia e da Prefeitura de Cura\u00e7\u00e1, a iniciativa integra uma s\u00e9rie de a\u00e7\u00f5es organizadas pela Xir\u00ea Produ\u00e7\u00f5es para o evento. Outras atividades tamb\u00e9m ser\u00e3o realizadas no circuito principal e \u00e0s margens do Rio S\u00e3o Francisco, incluindo apresenta\u00e7\u00f5es de DJs e uma exibi\u00e7\u00e3o de jet ski.<\/p>\n\n\n\n<p>Fonte\/\/Assessoria<\/p>\n","protected":false},"excerpt":{"rendered":"<p>Durante a 72\u00aa Festa do Vaqueiro de Cura\u00e7\u00e1, que ser\u00e1 realizada entre esta sexta-feira (4) e domingo (6), a Xir\u00ea Produ\u00e7\u00f5es promove a Rural El\u00e9trica, uma a\u00e7\u00e3o m\u00f3vel que leva m\u00fasica e anima\u00e7\u00e3o \u00e0s ruas da cidade. Um carro cenografado e equipado com sistema de som potente circula em diferentes hor\u00e1rios com artistas locais, criando [&hellip;]<\/p>\n","protected":false},"author":1,"featured_media":5824,"comment_status":"open","ping_status":"closed","sticky":false,"template":"","format":"standard","meta":{"site-sidebar-layout":"default","site-content-layout":"","ast-site-content-layout":"default","site-content-style":"default","site-sidebar-style":"default","ast-global-header-display":"","ast-banner-title-visibility":"","ast-main-header-display":"","ast-hfb-above-header-display":"","ast-hfb-below-header-display":"","ast-hfb-mobile-header-display":"","site-post-title":"","ast-breadcrumbs-content":"","ast-featured-img":"","footer-sml-layout":"","theme-transparent-header-meta":"","adv-header-id-meta":"","stick-header-meta":"","header-above-stick-meta":"","header-main-stick-meta":"","header-below-stick-meta":"","astra-migrate-meta-layouts":"set","ast-page-background-enabled":"default","ast-page-background-meta":{"desktop":{"background-color":"var(--ast-global-color-4)","background-image":"","background-repeat":"repeat","background-position":"center center","background-size":"auto","background-attachment":"scroll","background-type":"","background-media":"","overlay-type":"","overlay-color":"","overlay-opacity":"","overlay-gradient":""},"tablet":{"background-color":"","background-image":"","background-repeat":"repeat","background-position":"center center","background-size":"auto","background-attachment":"scroll","background-type":"","background-media":"","overlay-type":"","overlay-color":"","overlay-opacity":"","overlay-gradient":""},"mobile":{"background-color":"","background-image":"","background-repeat":"repeat","background-position":"center center","background-size":"auto","background-attachment":"scroll","background-type":"","background-media":"","overlay-type":"","overlay-color":"","overlay-opacity":"","overlay-gradient":""}},"ast-content-background-meta":{"desktop":{"background-color":"var(--ast-global-color-5)","background-image":"","background-repeat":"repeat","background-position":"center center","background-size":"auto","background-attachment":"scroll","background-type":"","background-media":"","overlay-type":"","overlay-color":"","overlay-opacity":"","overlay-gradient":""},"tablet":{"background-color":"var(--ast-global-color-5)","background-image":"","background-repeat":"repeat","background-position":"center center","background-size":"auto","background-attachment":"scroll","background-type":"","background-media":"","overlay-type":"","overlay-color":"","overlay-opacity":"","overlay-gradient":""},"mobile":{"background-color":"var(--ast-global-color-5)","background-image":"","background-repeat":"repeat","background-position":"center center","background-size":"auto","background-attachment":"scroll","background-type":"","background-media":"","overlay-type":"","overlay-color":"","overlay-opacity":"","overlay-gradient":""}},"footnotes":""},"categories":[4],"tags":[122],"class_list":["post-5823","post","type-post","status-publish","format-standard","has-post-thumbnail","hentry","category-brasil","tag-manchetes"],"_links":{"self":[{"href":"https:\/\/maisoeste.com.br\/index.php?rest_route=\/wp\/v2\/posts\/5823","targetHints":{"allow":["GET"]}}],"collection":[{"href":"https:\/\/maisoeste.com.br\/index.php?rest_route=\/wp\/v2\/posts"}],"about":[{"href":"https:\/\/maisoeste.com.br\/index.php?rest_route=\/wp\/v2\/types\/post"}],"author":[{"embeddable":true,"href":"https:\/\/maisoeste.com.br\/index.php?rest_route=\/wp\/v2\/users\/1"}],"replies":[{"embeddable":true,"href":"https:\/\/maisoeste.com.br\/index.php?rest_route=%2Fwp%2Fv2%2Fcomments&post=5823"}],"version-history":[{"count":1,"href":"https:\/\/maisoeste.com.br\/index.php?rest_route=\/wp\/v2\/posts\/5823\/revisions"}],"predecessor-version":[{"id":5825,"href":"https:\/\/maisoeste.com.br\/index.php?rest_route=\/wp\/v2\/posts\/5823\/revisions\/5825"}],"wp:featuredmedia":[{"embeddable":true,"href":"https:\/\/maisoeste.com.br\/index.php?rest_route=\/wp\/v2\/media\/5824"}],"wp:attachment":[{"href":"https:\/\/maisoeste.com.br\/index.php?rest_route=%2Fwp%2Fv2%2Fmedia&parent=5823"}],"wp:term":[{"taxonomy":"category","embeddable":true,"href":"https:\/\/maisoeste.com.br\/index.php?rest_route=%2Fwp%2Fv2%2Fcategories&post=5823"},{"taxonomy":"post_tag","embeddable":true,"href":"https:\/\/maisoeste.com.br\/index.php?rest_route=%2Fwp%2Fv2%2Ftags&post=5823"}],"curies":[{"name":"wp","href":"https:\/\/api.w.org\/{rel}","templated":true}]}}