{"id":5910,"date":"2025-07-09T07:56:25","date_gmt":"2025-07-09T10:56:25","guid":{"rendered":"https:\/\/maisoeste.com.br\/?p=5910"},"modified":"2025-07-09T07:56:27","modified_gmt":"2025-07-09T10:56:27","slug":"prefeitura-de-barreiras-e-lideres-religiosos-avancam-na-organizacao-do-dia-do-evangelico-2025","status":"publish","type":"post","link":"https:\/\/maisoeste.com.br\/?p=5910","title":{"rendered":"Prefeitura de Barreiras e l\u00edderes religiosos avan\u00e7am na organiza\u00e7\u00e3o do Dia do Evang\u00e9lico 2025"},"content":{"rendered":"\n<p>A Prefeitura de Barreiras realizou, nesta ter\u00e7a-feira (8), no Centro Cultural Rivelino Silva de Carvalho, mais uma reuni\u00e3o de planejamento para o Dia do Evang\u00e9lico, celebrado em agosto. A Comiss\u00e3o Permanente de Eventos, juntamente com secret\u00e1rios municipais e representantes das igrejas evang\u00e9licas, discutiu detalhes da programa\u00e7\u00e3o que ser\u00e1 ampliada este ano, com atividades voltadas \u00e0 comunidade evang\u00e9lica e \u00e0 popula\u00e7\u00e3o em geral.<\/p>\n\n\n\n<p>Estiveram presentes na reuni\u00e3o as secret\u00e1rias Gislaine Barbosa (Administra\u00e7\u00e3o) e Ivanete Bastos (Assist\u00eancia Social), subsecret\u00e1ria Luzani Santos (Infraestrutura), secret\u00e1rio Gulla (Cultura e Turismo), al\u00e9m dos assessores Andr\u00e9 Vasco e Vin\u00edcius Melo, e a representante da Secretaria de Sa\u00fade, Tayna Castro. O vereador Z\u00e9 do Sorvete, \u00cdris Neta e o pastor Adenes Oliveira, tamb\u00e9m participaram do encontro.<\/p>\n\n\n\n<p>Durante o di\u00e1logo, foram abordadas a\u00e7\u00f5es integradas entre as secretarias para a realiza\u00e7\u00e3o de uma programa\u00e7\u00e3o que ultrapasse o campo religioso, promovendo tamb\u00e9m inclus\u00e3o, cidadania e servi\u00e7os sociais. A proposta \u00e9 que o evento deste ano incorpore atendimentos \u00e0 popula\u00e7\u00e3o, oficinas e atividades culturais, ampliando sua relev\u00e2ncia comunit\u00e1ria.<\/p>\n\n\n\n<p>\u201cAs comemora\u00e7\u00f5es pelo Dia do Evang\u00e9lico j\u00e1 fazem parte do calend\u00e1rio de comemora\u00e7\u00f5es do nosso munic\u00edpio, por isso, mais uma vez a Comiss\u00e3o Permanente de Eventos acompanha com aten\u00e7\u00e3o as etapas de execu\u00e7\u00e3o desse planejamento, em articula\u00e7\u00e3o com as lideran\u00e7as religiosas e as demais secretarias envolvidas. Ser\u00e1 uma linda festa&#8221;, ressaltou o secret\u00e1rio de Cultura e Turismo, Gulla.<\/p>\n\n\n\n<p><strong>Dircom<\/strong><\/p>\n","protected":false},"excerpt":{"rendered":"<p>A Prefeitura de Barreiras realizou, nesta ter\u00e7a-feira (8), no Centro Cultural Rivelino Silva de Carvalho, mais uma reuni\u00e3o de planejamento para o Dia do Evang\u00e9lico, celebrado em agosto. A Comiss\u00e3o Permanente de Eventos, juntamente com secret\u00e1rios municipais e representantes das igrejas evang\u00e9licas, discutiu detalhes da programa\u00e7\u00e3o que ser\u00e1 ampliada este ano, com atividades voltadas \u00e0 [&hellip;]<\/p>\n","protected":false},"author":1,"featured_media":5911,"comment_status":"open","ping_status":"closed","sticky":false,"template":"","format":"standard","meta":{"site-sidebar-layout":"default","site-content-layout":"","ast-site-content-layout":"default","site-content-style":"default","site-sidebar-style":"default","ast-global-header-display":"","ast-banner-title-visibility":"","ast-main-header-display":"","ast-hfb-above-header-display":"","ast-hfb-below-header-display":"","ast-hfb-mobile-header-display":"","site-post-title":"","ast-breadcrumbs-content":"","ast-featured-img":"","footer-sml-layout":"","theme-transparent-header-meta":"","adv-header-id-meta":"","stick-header-meta":"","header-above-stick-meta":"","header-main-stick-meta":"","header-below-stick-meta":"","astra-migrate-meta-layouts":"set","ast-page-background-enabled":"default","ast-page-background-meta":{"desktop":{"background-color":"var(--ast-global-color-4)","background-image":"","background-repeat":"repeat","background-position":"center center","background-size":"auto","background-attachment":"scroll","background-type":"","background-media":"","overlay-type":"","overlay-color":"","overlay-opacity":"","overlay-gradient":""},"tablet":{"background-color":"","background-image":"","background-repeat":"repeat","background-position":"center center","background-size":"auto","background-attachment":"scroll","background-type":"","background-media":"","overlay-type":"","overlay-color":"","overlay-opacity":"","overlay-gradient":""},"mobile":{"background-color":"","background-image":"","background-repeat":"repeat","background-position":"center center","background-size":"auto","background-attachment":"scroll","background-type":"","background-media":"","overlay-type":"","overlay-color":"","overlay-opacity":"","overlay-gradient":""}},"ast-content-background-meta":{"desktop":{"background-color":"var(--ast-global-color-5)","background-image":"","background-repeat":"repeat","background-position":"center center","background-size":"auto","background-attachment":"scroll","background-type":"","background-media":"","overlay-type":"","overlay-color":"","overlay-opacity":"","overlay-gradient":""},"tablet":{"background-color":"var(--ast-global-color-5)","background-image":"","background-repeat":"repeat","background-position":"center center","background-size":"auto","background-attachment":"scroll","background-type":"","background-media":"","overlay-type":"","overlay-color":"","overlay-opacity":"","overlay-gradient":""},"mobile":{"background-color":"var(--ast-global-color-5)","background-image":"","background-repeat":"repeat","background-position":"center center","background-size":"auto","background-attachment":"scroll","background-type":"","background-media":"","overlay-type":"","overlay-color":"","overlay-opacity":"","overlay-gradient":""}},"footnotes":""},"categories":[45],"tags":[122],"class_list":["post-5910","post","type-post","status-publish","format-standard","has-post-thumbnail","hentry","category-esportes","tag-manchetes"],"_links":{"self":[{"href":"https:\/\/maisoeste.com.br\/index.php?rest_route=\/wp\/v2\/posts\/5910","targetHints":{"allow":["GET"]}}],"collection":[{"href":"https:\/\/maisoeste.com.br\/index.php?rest_route=\/wp\/v2\/posts"}],"about":[{"href":"https:\/\/maisoeste.com.br\/index.php?rest_route=\/wp\/v2\/types\/post"}],"author":[{"embeddable":true,"href":"https:\/\/maisoeste.com.br\/index.php?rest_route=\/wp\/v2\/users\/1"}],"replies":[{"embeddable":true,"href":"https:\/\/maisoeste.com.br\/index.php?rest_route=%2Fwp%2Fv2%2Fcomments&post=5910"}],"version-history":[{"count":1,"href":"https:\/\/maisoeste.com.br\/index.php?rest_route=\/wp\/v2\/posts\/5910\/revisions"}],"predecessor-version":[{"id":5912,"href":"https:\/\/maisoeste.com.br\/index.php?rest_route=\/wp\/v2\/posts\/5910\/revisions\/5912"}],"wp:featuredmedia":[{"embeddable":true,"href":"https:\/\/maisoeste.com.br\/index.php?rest_route=\/wp\/v2\/media\/5911"}],"wp:attachment":[{"href":"https:\/\/maisoeste.com.br\/index.php?rest_route=%2Fwp%2Fv2%2Fmedia&parent=5910"}],"wp:term":[{"taxonomy":"category","embeddable":true,"href":"https:\/\/maisoeste.com.br\/index.php?rest_route=%2Fwp%2Fv2%2Fcategories&post=5910"},{"taxonomy":"post_tag","embeddable":true,"href":"https:\/\/maisoeste.com.br\/index.php?rest_route=%2Fwp%2Fv2%2Ftags&post=5910"}],"curies":[{"name":"wp","href":"https:\/\/api.w.org\/{rel}","templated":true}]}}