{"id":5932,"date":"2025-07-09T10:05:22","date_gmt":"2025-07-09T13:05:22","guid":{"rendered":"https:\/\/maisoeste.com.br\/?p=5932"},"modified":"2025-07-09T10:05:24","modified_gmt":"2025-07-09T13:05:24","slug":"preco-do-feijao-segue-em-queda-com-avanco-da-colheita-e-retracao-nas-compras","status":"publish","type":"post","link":"https:\/\/maisoeste.com.br\/?p=5932","title":{"rendered":"Pre\u00e7o do feij\u00e3o segue em queda com avan\u00e7o da colheita e retra\u00e7\u00e3o nas compras"},"content":{"rendered":"\n<p>A \u00faltima semana de junho e o in\u00edcio de julho foram marcados por uma cont\u00ednua press\u00e3o nos pre\u00e7os do feij\u00e3o no Brasil, conforme o Indicador de Pre\u00e7os do Feij\u00e3o do Cepea e da CNA. A intensifica\u00e7\u00e3o da colheita nas principais regi\u00f5es produtoras, aliada \u00e0 retra\u00e7\u00e3o nas compras por parte dos empacotadores, resultou na desvaloriza\u00e7\u00e3o tanto dos feij\u00f5es comerciais quanto dos lotes de melhor padr\u00e3o.<\/p>\n\n\n\n<p>A maior oferta no campo e a concentra\u00e7\u00e3o da comercializa\u00e7\u00e3o para renova\u00e7\u00e3o de estoques t\u00eam sido os principais fatores para essa queda. O indicador, lan\u00e7ado em outubro do ano passado, monitora diariamente os pre\u00e7os m\u00e9dios do feij\u00e3o preto e carioca em diversos estados, incluindo Paran\u00e1, S\u00e3o Paulo, Minas Gerais, Goi\u00e1s, Mato Grosso e Oeste da Bahia. Produtores e interessados podem acessar os dados no site do Cepea.<\/p>\n\n\n\n<p>Em Minas Gerais e Goi\u00e1s, o avan\u00e7o da colheita do feij\u00e3o carioca coincidiu com uma demanda de mercado mais retra\u00edda. No Paran\u00e1, principal produtor de feij\u00e3o preto, a segunda safra j\u00e1 foi quase totalmente colhida, com uma produ\u00e7\u00e3o estimada em 526,6 mil toneladas, 23% abaixo da safra anterior.<\/p>\n\n\n\n<p>Para o feij\u00e3o carioca de melhor qualidade (nota 9), as cota\u00e7\u00f5es ca\u00edram entre 7,8% e 12% na \u00faltima semana em Goi\u00e1s, Minas Gerais e S\u00e3o Paulo. As maiores quedas foram em Goi\u00e1s, onde os pre\u00e7os j\u00e1 operam nos menores patamares do ano. Apesar do recuo recente, Minas e S\u00e3o Paulo ainda apresentam ganhos acumulados em 2025. <\/p>\n\n\n\n<p>Devido \u00e0 combina\u00e7\u00e3o de estoques remanescentes e a chegada de novos lotes. A m\u00e9dia semanal caiu cerca de 3,7% no Paran\u00e1 e S\u00e3o Paulo. Em Curitiba (PR), a queda foi mais acentuada (12,23%), com a saca reduzindo de R$ 175,53 para R$ 154,07. No Tri\u00e2ngulo Mineiro, a retra\u00e7\u00e3o foi mais moderada (3,2%), com a saca cotada a R$ 167,50. No entanto, o Noroeste de Minas e o Nordeste do Rio Grande do Sul registraram altas de 4,67% e 5,0%, respectivamente, impulsionadas pela procura por produto da safra nova.<\/p>\n\n\n\n<p>No mercado de feij\u00e3o preto tipo 1, o ritmo segue lento. Mesmo com o fim da colheita no Sul, o alto volume dispon\u00edvel impede rea\u00e7\u00f5es nas cota\u00e7\u00f5es. Em Curitiba, os pre\u00e7os recuaram para R$ 140,47 a saca (queda de 1,2%), e na metade Sul do Paran\u00e1, a saca foi negociada a R$ 131,15 (baixa de 2%). No Oeste catarinense, os pre\u00e7os permanecem est\u00e1veis, em torno de R$ 134,25 por saca.<\/p>\n\n\n\n<p>Tiago Pereira, assessor t\u00e9cnico da CNA, ressalta que o cen\u00e1rio atual exige aten\u00e7\u00e3o redobrada do produtor em rela\u00e7\u00e3o \u00e0 qualidade e ao planejamento comercial. Segundo ele, o mercado \u00e9 altamente sens\u00edvel \u00e0 oferta, e mesmo em pra\u00e7as tradicionalmente mais firmes, os pre\u00e7os est\u00e3o pressionados. &#8220;O produtor que investe em qualidade, colheita e armazenagem ainda consegue diferencia\u00e7\u00e3o, mas o contexto exige planejamento e aten\u00e7\u00e3o aos sinais de demanda&#8221;, destacou Pereira.<\/p>\n\n\n\n<p>Fonte\/\/Cerrado Rural Agroneg\u00f3cios com informa\u00e7\u00f5es da CNA<\/p>\n","protected":false},"excerpt":{"rendered":"<p>A \u00faltima semana de junho e o in\u00edcio de julho foram marcados por uma cont\u00ednua press\u00e3o nos pre\u00e7os do feij\u00e3o no Brasil, conforme o Indicador de Pre\u00e7os do Feij\u00e3o do Cepea e da CNA. A intensifica\u00e7\u00e3o da colheita nas principais regi\u00f5es produtoras, aliada \u00e0 retra\u00e7\u00e3o nas compras por parte dos empacotadores, resultou na desvaloriza\u00e7\u00e3o tanto [&hellip;]<\/p>\n","protected":false},"author":1,"featured_media":5933,"comment_status":"open","ping_status":"closed","sticky":false,"template":"","format":"standard","meta":{"site-sidebar-layout":"default","site-content-layout":"","ast-site-content-layout":"default","site-content-style":"default","site-sidebar-style":"default","ast-global-header-display":"","ast-banner-title-visibility":"","ast-main-header-display":"","ast-hfb-above-header-display":"","ast-hfb-below-header-display":"","ast-hfb-mobile-header-display":"","site-post-title":"","ast-breadcrumbs-content":"","ast-featured-img":"","footer-sml-layout":"","theme-transparent-header-meta":"","adv-header-id-meta":"","stick-header-meta":"","header-above-stick-meta":"","header-main-stick-meta":"","header-below-stick-meta":"","astra-migrate-meta-layouts":"set","ast-page-background-enabled":"default","ast-page-background-meta":{"desktop":{"background-color":"var(--ast-global-color-4)","background-image":"","background-repeat":"repeat","background-position":"center center","background-size":"auto","background-attachment":"scroll","background-type":"","background-media":"","overlay-type":"","overlay-color":"","overlay-opacity":"","overlay-gradient":""},"tablet":{"background-color":"","background-image":"","background-repeat":"repeat","background-position":"center center","background-size":"auto","background-attachment":"scroll","background-type":"","background-media":"","overlay-type":"","overlay-color":"","overlay-opacity":"","overlay-gradient":""},"mobile":{"background-color":"","background-image":"","background-repeat":"repeat","background-position":"center center","background-size":"auto","background-attachment":"scroll","background-type":"","background-media":"","overlay-type":"","overlay-color":"","overlay-opacity":"","overlay-gradient":""}},"ast-content-background-meta":{"desktop":{"background-color":"var(--ast-global-color-5)","background-image":"","background-repeat":"repeat","background-position":"center center","background-size":"auto","background-attachment":"scroll","background-type":"","background-media":"","overlay-type":"","overlay-color":"","overlay-opacity":"","overlay-gradient":""},"tablet":{"background-color":"var(--ast-global-color-5)","background-image":"","background-repeat":"repeat","background-position":"center center","background-size":"auto","background-attachment":"scroll","background-type":"","background-media":"","overlay-type":"","overlay-color":"","overlay-opacity":"","overlay-gradient":""},"mobile":{"background-color":"var(--ast-global-color-5)","background-image":"","background-repeat":"repeat","background-position":"center center","background-size":"auto","background-attachment":"scroll","background-type":"","background-media":"","overlay-type":"","overlay-color":"","overlay-opacity":"","overlay-gradient":""}},"footnotes":""},"categories":[37],"tags":[122],"class_list":["post-5932","post","type-post","status-publish","format-standard","has-post-thumbnail","hentry","category-negocios","tag-manchetes"],"_links":{"self":[{"href":"https:\/\/maisoeste.com.br\/index.php?rest_route=\/wp\/v2\/posts\/5932","targetHints":{"allow":["GET"]}}],"collection":[{"href":"https:\/\/maisoeste.com.br\/index.php?rest_route=\/wp\/v2\/posts"}],"about":[{"href":"https:\/\/maisoeste.com.br\/index.php?rest_route=\/wp\/v2\/types\/post"}],"author":[{"embeddable":true,"href":"https:\/\/maisoeste.com.br\/index.php?rest_route=\/wp\/v2\/users\/1"}],"replies":[{"embeddable":true,"href":"https:\/\/maisoeste.com.br\/index.php?rest_route=%2Fwp%2Fv2%2Fcomments&post=5932"}],"version-history":[{"count":1,"href":"https:\/\/maisoeste.com.br\/index.php?rest_route=\/wp\/v2\/posts\/5932\/revisions"}],"predecessor-version":[{"id":5934,"href":"https:\/\/maisoeste.com.br\/index.php?rest_route=\/wp\/v2\/posts\/5932\/revisions\/5934"}],"wp:featuredmedia":[{"embeddable":true,"href":"https:\/\/maisoeste.com.br\/index.php?rest_route=\/wp\/v2\/media\/5933"}],"wp:attachment":[{"href":"https:\/\/maisoeste.com.br\/index.php?rest_route=%2Fwp%2Fv2%2Fmedia&parent=5932"}],"wp:term":[{"taxonomy":"category","embeddable":true,"href":"https:\/\/maisoeste.com.br\/index.php?rest_route=%2Fwp%2Fv2%2Fcategories&post=5932"},{"taxonomy":"post_tag","embeddable":true,"href":"https:\/\/maisoeste.com.br\/index.php?rest_route=%2Fwp%2Fv2%2Ftags&post=5932"}],"curies":[{"name":"wp","href":"https:\/\/api.w.org\/{rel}","templated":true}]}}