{"id":6111,"date":"2025-07-17T07:02:00","date_gmt":"2025-07-17T10:02:00","guid":{"rendered":"https:\/\/maisoeste.com.br\/?p=6111"},"modified":"2025-07-17T06:53:25","modified_gmt":"2025-07-17T09:53:25","slug":"ambulancias-sao-queimadas-em-patio-da-prefeitura-de-correntina","status":"publish","type":"post","link":"https:\/\/maisoeste.com.br\/?p=6111","title":{"rendered":"Ambul\u00e2ncias s\u00e3o queimadas em p\u00e1tio da prefeitura de Correntina"},"content":{"rendered":"\n<p>Nesta ter\u00e7a-feira (15), motos e ambul\u00e2ncias foram incendiadas no p\u00e1tio de sucatas da prefeitura de Correntina, no oeste da Bahia. De acordo com a prefeitura,\u00a0a suspeita \u00e9 que as chamas tenham atingido o local ap\u00f3s um homem atear fogo no lote de um vizinho.\u00a0<\/p>\n\n\n\n<p>De acordo com a prefeitura de Correntina, os ve\u00edculos queimados n\u00e3o eram utilizados e ningu\u00e9m ficou ferido. Apesar disso, o p\u00e1tio de sucatas tamb\u00e9m \u00e9 utilizado pela Pol\u00edcia Civil como local de apreens\u00e3o de ve\u00edculos. At\u00e9 o momento, n\u00e3o h\u00e1 estimativa oficial de preju\u00edzos, pois os valores s\u00f3 poder\u00e3o ser divulgados ap\u00f3s per\u00edcia. O caso \u00e9 investigado pela pol\u00edcia Civil.<\/p>\n\n\n\n<p>Nesta \u00e9poca do ano, o clima do oeste baiano costuma contribuir para o alastramento de inc\u00eandios. A combina\u00e7\u00e3o entre falta de chuva, ventos fortes e altas temperaturas provoca ocorr\u00eancia de inc\u00eandios florestais. Isto acontece, principalmente, por causa do calor, pois as altas temperaturas causam ressecamento da vegeta\u00e7\u00e3o, e consequente queda de material org\u00e2nico no solo.<\/p>\n\n\n\n<p>De acordo com o Instituto Nacional de Pesquisas Espaciais (Inpe), em toda a Bahia, 281 focos de inc\u00eandios foram registrados no m\u00eas de julho, at\u00e9 segunda-feira (14). A cidade que mais registrou queimadas foi Formosa do Rio Preto, na regi\u00e3o oeste, com 38 queimadas.<\/p>\n","protected":false},"excerpt":{"rendered":"<p>Nesta ter\u00e7a-feira (15), motos e ambul\u00e2ncias foram incendiadas no p\u00e1tio de sucatas da prefeitura de Correntina, no oeste da Bahia. De acordo com a prefeitura,\u00a0a suspeita \u00e9 que as chamas tenham atingido o local ap\u00f3s um homem atear fogo no lote de um vizinho.\u00a0 De acordo com a prefeitura de Correntina, os ve\u00edculos queimados n\u00e3o [&hellip;]<\/p>\n","protected":false},"author":1,"featured_media":6112,"comment_status":"open","ping_status":"closed","sticky":false,"template":"","format":"standard","meta":{"site-sidebar-layout":"default","site-content-layout":"","ast-site-content-layout":"default","site-content-style":"default","site-sidebar-style":"default","ast-global-header-display":"","ast-banner-title-visibility":"","ast-main-header-display":"","ast-hfb-above-header-display":"","ast-hfb-below-header-display":"","ast-hfb-mobile-header-display":"","site-post-title":"","ast-breadcrumbs-content":"","ast-featured-img":"","footer-sml-layout":"","theme-transparent-header-meta":"","adv-header-id-meta":"","stick-header-meta":"","header-above-stick-meta":"","header-main-stick-meta":"","header-below-stick-meta":"","astra-migrate-meta-layouts":"set","ast-page-background-enabled":"default","ast-page-background-meta":{"desktop":{"background-color":"var(--ast-global-color-4)","background-image":"","background-repeat":"repeat","background-position":"center center","background-size":"auto","background-attachment":"scroll","background-type":"","background-media":"","overlay-type":"","overlay-color":"","overlay-opacity":"","overlay-gradient":""},"tablet":{"background-color":"","background-image":"","background-repeat":"repeat","background-position":"center center","background-size":"auto","background-attachment":"scroll","background-type":"","background-media":"","overlay-type":"","overlay-color":"","overlay-opacity":"","overlay-gradient":""},"mobile":{"background-color":"","background-image":"","background-repeat":"repeat","background-position":"center center","background-size":"auto","background-attachment":"scroll","background-type":"","background-media":"","overlay-type":"","overlay-color":"","overlay-opacity":"","overlay-gradient":""}},"ast-content-background-meta":{"desktop":{"background-color":"var(--ast-global-color-5)","background-image":"","background-repeat":"repeat","background-position":"center center","background-size":"auto","background-attachment":"scroll","background-type":"","background-media":"","overlay-type":"","overlay-color":"","overlay-opacity":"","overlay-gradient":""},"tablet":{"background-color":"var(--ast-global-color-5)","background-image":"","background-repeat":"repeat","background-position":"center center","background-size":"auto","background-attachment":"scroll","background-type":"","background-media":"","overlay-type":"","overlay-color":"","overlay-opacity":"","overlay-gradient":""},"mobile":{"background-color":"var(--ast-global-color-5)","background-image":"","background-repeat":"repeat","background-position":"center center","background-size":"auto","background-attachment":"scroll","background-type":"","background-media":"","overlay-type":"","overlay-color":"","overlay-opacity":"","overlay-gradient":""}},"footnotes":""},"categories":[45],"tags":[122],"class_list":["post-6111","post","type-post","status-publish","format-standard","has-post-thumbnail","hentry","category-esportes","tag-manchetes"],"_links":{"self":[{"href":"https:\/\/maisoeste.com.br\/index.php?rest_route=\/wp\/v2\/posts\/6111","targetHints":{"allow":["GET"]}}],"collection":[{"href":"https:\/\/maisoeste.com.br\/index.php?rest_route=\/wp\/v2\/posts"}],"about":[{"href":"https:\/\/maisoeste.com.br\/index.php?rest_route=\/wp\/v2\/types\/post"}],"author":[{"embeddable":true,"href":"https:\/\/maisoeste.com.br\/index.php?rest_route=\/wp\/v2\/users\/1"}],"replies":[{"embeddable":true,"href":"https:\/\/maisoeste.com.br\/index.php?rest_route=%2Fwp%2Fv2%2Fcomments&post=6111"}],"version-history":[{"count":1,"href":"https:\/\/maisoeste.com.br\/index.php?rest_route=\/wp\/v2\/posts\/6111\/revisions"}],"predecessor-version":[{"id":6113,"href":"https:\/\/maisoeste.com.br\/index.php?rest_route=\/wp\/v2\/posts\/6111\/revisions\/6113"}],"wp:featuredmedia":[{"embeddable":true,"href":"https:\/\/maisoeste.com.br\/index.php?rest_route=\/wp\/v2\/media\/6112"}],"wp:attachment":[{"href":"https:\/\/maisoeste.com.br\/index.php?rest_route=%2Fwp%2Fv2%2Fmedia&parent=6111"}],"wp:term":[{"taxonomy":"category","embeddable":true,"href":"https:\/\/maisoeste.com.br\/index.php?rest_route=%2Fwp%2Fv2%2Fcategories&post=6111"},{"taxonomy":"post_tag","embeddable":true,"href":"https:\/\/maisoeste.com.br\/index.php?rest_route=%2Fwp%2Fv2%2Ftags&post=6111"}],"curies":[{"name":"wp","href":"https:\/\/api.w.org\/{rel}","templated":true}]}}