{"id":6123,"date":"2025-07-17T06:35:29","date_gmt":"2025-07-17T09:35:29","guid":{"rendered":"https:\/\/maisoeste.com.br\/?p=6123"},"modified":"2025-07-17T06:35:31","modified_gmt":"2025-07-17T09:35:31","slug":"prefeito-otoniel-teixeira-autoriza-ampliacao-da-escola-municipal-adroaldo-fernandes-morais-na-comunidade-do-cerradao","status":"publish","type":"post","link":"https:\/\/maisoeste.com.br\/?p=6123","title":{"rendered":"Prefeito Otoniel Teixeira autoriza amplia\u00e7\u00e3o da Escola Municipal Adroaldo Fernandes Morais, na comunidade do Cerrad\u00e3o"},"content":{"rendered":"\n<p>A Prefeitura de Barreiras deu in\u00edcio a mais uma interven\u00e7\u00e3o voltada \u00e0 melhoria da rede municipal de ensino. Nesta quarta-feira (16), o prefeito Otoniel Teixeira assinou a ordem de servi\u00e7o para amplia\u00e7\u00e3o da Escola Municipal Adroaldo Fernandes Morais, localizada na comunidade do Cerrad\u00e3o. A solenidade foi realizada na pr\u00f3pria unidade escolar, com a presen\u00e7a do secret\u00e1rio municipal de Educa\u00e7\u00e3o, Jeferson Barbosa, equipe t\u00e9cnica e comunidade local.<\/p>\n\n\n\n<p>A amplia\u00e7\u00e3o contempla a constru\u00e7\u00e3o de cinco novas salas de aula e a instala\u00e7\u00e3o de sanit\u00e1rios com infraestrutura moderna, o que permitir\u00e1 aumentar a capacidade de atendimento da escola e garantir melhores condi\u00e7\u00f5es para estudantes, professores e demais profissionais da educa\u00e7\u00e3o. A Prefeitura de Barreiras tamb\u00e9m segue com a cobertura e adequa\u00e7\u00e3o da quadra poliesportiva da unidade escolar.<\/p>\n\n\n\n<p>A iniciativa que integra o plano de investimentos da gest\u00e3o municipal para fortalecer a estrutura f\u00edsica das escolas, sobretudo nas \u00e1reas rurais, tamb\u00e9m contou com a presen\u00e7a da subsecret\u00e1ria de Educa\u00e7\u00e3o, Edleuza Matutino; diretora Neurac\u00ed Ramos; vereadores Hip\u00f3lito dos Passos e Valdimiro Jos\u00e9, demais secret\u00e1rios e profissionais da Educa\u00e7\u00e3o. Na oportunidade, o poeta Ronaldo Sena e as estudantes Mariany Vit\u00f3ria e Alice Nascimento homenagearam o gestor recitando poemas.<\/p>\n\n\n\n<p>Ao autorizar o in\u00edcio da obra, o prefeito Otoniel Teixeira destacou o papel central da educa\u00e7\u00e3o no desenvolvimento do munic\u00edpio. \u201cSeguimos cuidando da cidade e cuidando do campo. Com mais salas de aula e estrutura adequada, proporcionamos um ambiente mais acolhedor e funcional. Nosso compromisso \u00e9 avan\u00e7ar com a\u00e7\u00f5es concretas que impactem positivamente o dia a dia de quem vive e estuda nessas comunidades\u201d, afirmou.<\/p>\n\n\n\n<p>O secret\u00e1rio de Educa\u00e7\u00e3o, Jeferson Barbosa, enfatizou que a interven\u00e7\u00e3o atende a uma necessidade identificada h\u00e1 anos pelos moradores do Cerrad\u00e3o. \u201cA amplia\u00e7\u00e3o vai possibilitar o atendimento mais adequado \u00e0 demanda da comunidade, al\u00e9m de oferecer mais conforto e acessibilidade. \u00c9 um investimento que dialoga diretamente com a qualidade do ensino\u201d, pontuou.<\/p>\n\n\n\n<p>A obra que j\u00e1 teve in\u00edcio faz parte de um conjunto de melhorias em andamento na rede municipal. Al\u00e9m da Escola Adroaldo Fernandes Morais, a Prefeitura de Barreiras tamb\u00e9m realiza amplia\u00e7\u00f5es nas escolas Ivardo Pereira Bastos, no bairro Jardim Vit\u00f3ria, e Othoniel Gomes de Andrade, no Novo Horizonte. Outras frentes de trabalho incluem a constru\u00e7\u00e3o de uma nova unidade escolar na comunidade de Mata da Cachoeira e a cobertura de quadras poliesportivas em diferentes bairros e comunidades rurais.<\/p>\n\n\n\n<p><strong>Dircom<\/strong><\/p>\n","protected":false},"excerpt":{"rendered":"<p>A Prefeitura de Barreiras deu in\u00edcio a mais uma interven\u00e7\u00e3o voltada \u00e0 melhoria da rede municipal de ensino. Nesta quarta-feira (16), o prefeito Otoniel Teixeira assinou a ordem de servi\u00e7o para amplia\u00e7\u00e3o da Escola Municipal Adroaldo Fernandes Morais, localizada na comunidade do Cerrad\u00e3o. A solenidade foi realizada na pr\u00f3pria unidade escolar, com a presen\u00e7a do [&hellip;]<\/p>\n","protected":false},"author":1,"featured_media":6124,"comment_status":"open","ping_status":"closed","sticky":false,"template":"","format":"standard","meta":{"site-sidebar-layout":"default","site-content-layout":"","ast-site-content-layout":"default","site-content-style":"default","site-sidebar-style":"default","ast-global-header-display":"","ast-banner-title-visibility":"","ast-main-header-display":"","ast-hfb-above-header-display":"","ast-hfb-below-header-display":"","ast-hfb-mobile-header-display":"","site-post-title":"","ast-breadcrumbs-content":"","ast-featured-img":"","footer-sml-layout":"","theme-transparent-header-meta":"","adv-header-id-meta":"","stick-header-meta":"","header-above-stick-meta":"","header-main-stick-meta":"","header-below-stick-meta":"","astra-migrate-meta-layouts":"set","ast-page-background-enabled":"default","ast-page-background-meta":{"desktop":{"background-color":"var(--ast-global-color-4)","background-image":"","background-repeat":"repeat","background-position":"center center","background-size":"auto","background-attachment":"scroll","background-type":"","background-media":"","overlay-type":"","overlay-color":"","overlay-opacity":"","overlay-gradient":""},"tablet":{"background-color":"","background-image":"","background-repeat":"repeat","background-position":"center center","background-size":"auto","background-attachment":"scroll","background-type":"","background-media":"","overlay-type":"","overlay-color":"","overlay-opacity":"","overlay-gradient":""},"mobile":{"background-color":"","background-image":"","background-repeat":"repeat","background-position":"center center","background-size":"auto","background-attachment":"scroll","background-type":"","background-media":"","overlay-type":"","overlay-color":"","overlay-opacity":"","overlay-gradient":""}},"ast-content-background-meta":{"desktop":{"background-color":"var(--ast-global-color-5)","background-image":"","background-repeat":"repeat","background-position":"center center","background-size":"auto","background-attachment":"scroll","background-type":"","background-media":"","overlay-type":"","overlay-color":"","overlay-opacity":"","overlay-gradient":""},"tablet":{"background-color":"var(--ast-global-color-5)","background-image":"","background-repeat":"repeat","background-position":"center center","background-size":"auto","background-attachment":"scroll","background-type":"","background-media":"","overlay-type":"","overlay-color":"","overlay-opacity":"","overlay-gradient":""},"mobile":{"background-color":"var(--ast-global-color-5)","background-image":"","background-repeat":"repeat","background-position":"center center","background-size":"auto","background-attachment":"scroll","background-type":"","background-media":"","overlay-type":"","overlay-color":"","overlay-opacity":"","overlay-gradient":""}},"footnotes":""},"categories":[45],"tags":[122],"class_list":["post-6123","post","type-post","status-publish","format-standard","has-post-thumbnail","hentry","category-esportes","tag-manchetes"],"_links":{"self":[{"href":"https:\/\/maisoeste.com.br\/index.php?rest_route=\/wp\/v2\/posts\/6123","targetHints":{"allow":["GET"]}}],"collection":[{"href":"https:\/\/maisoeste.com.br\/index.php?rest_route=\/wp\/v2\/posts"}],"about":[{"href":"https:\/\/maisoeste.com.br\/index.php?rest_route=\/wp\/v2\/types\/post"}],"author":[{"embeddable":true,"href":"https:\/\/maisoeste.com.br\/index.php?rest_route=\/wp\/v2\/users\/1"}],"replies":[{"embeddable":true,"href":"https:\/\/maisoeste.com.br\/index.php?rest_route=%2Fwp%2Fv2%2Fcomments&post=6123"}],"version-history":[{"count":1,"href":"https:\/\/maisoeste.com.br\/index.php?rest_route=\/wp\/v2\/posts\/6123\/revisions"}],"predecessor-version":[{"id":6125,"href":"https:\/\/maisoeste.com.br\/index.php?rest_route=\/wp\/v2\/posts\/6123\/revisions\/6125"}],"wp:featuredmedia":[{"embeddable":true,"href":"https:\/\/maisoeste.com.br\/index.php?rest_route=\/wp\/v2\/media\/6124"}],"wp:attachment":[{"href":"https:\/\/maisoeste.com.br\/index.php?rest_route=%2Fwp%2Fv2%2Fmedia&parent=6123"}],"wp:term":[{"taxonomy":"category","embeddable":true,"href":"https:\/\/maisoeste.com.br\/index.php?rest_route=%2Fwp%2Fv2%2Fcategories&post=6123"},{"taxonomy":"post_tag","embeddable":true,"href":"https:\/\/maisoeste.com.br\/index.php?rest_route=%2Fwp%2Fv2%2Ftags&post=6123"}],"curies":[{"name":"wp","href":"https:\/\/api.w.org\/{rel}","templated":true}]}}