{"id":7515,"date":"2025-09-01T08:11:49","date_gmt":"2025-09-01T11:11:49","guid":{"rendered":"https:\/\/maisoeste.com.br\/?p=7515"},"modified":"2025-09-01T08:11:50","modified_gmt":"2025-09-01T11:11:50","slug":"aneel-mantem-bandeira-vermelha-patamar-2-em-setembro","status":"publish","type":"post","link":"https:\/\/maisoeste.com.br\/?p=7515","title":{"rendered":"Aneel mant\u00e9m bandeira vermelha patamar 2 em setembro"},"content":{"rendered":"\n<p>A Ag\u00eancia Nacional de Energia El\u00e9trica (Aneel) decidiu nesta sexta-feira (29) manter a bandeira vermelha e, com isso, a conta de luz seguir\u00e1 mais cara. Segundo a Aneel,\u00a0&#8220;as atuais condi\u00e7\u00f5es de aflu\u00eancia dos reservat\u00f3rios das usinas, abaixo da m\u00e9dia, n\u00e3o s\u00e3o favor\u00e1veis para a gera\u00e7\u00e3o hidrel\u00e9trica&#8221;.<\/p>\n\n\n\n<p>&#8220;Em consequ\u00eancia, h\u00e1 necessidade de maior acionamento de usinas termel\u00e9tricas, com elevados custos de gera\u00e7\u00e3o, o que justifica a manuten\u00e7\u00e3o da bandeira vermelha patamar 2 para setembro&#8221;, declarou a ag\u00eancia reguladora em nota.<\/p>\n\n\n\n<p>A Aneel projeta que a conta de luz deve ter um reajuste m\u00e9dio de 6,3% em 2025, o que indica que as tarifas de energia el\u00e9trica devem subir mais do que a infla\u00e7\u00e3o neste ano \u2013 a \u00faltima proje\u00e7\u00e3o do mercado financeiro \u00e9 de um \u00edndice de 5,05%.<\/p>\n\n\n\n<p>A proje\u00e7\u00e3o sobre o reajuste neste ano est\u00e1 em um boletim divulgado pela ag\u00eancia reguladora \u2013 o Infotarifa \u2013 h\u00e1 duas semanas.<\/p>\n\n\n\n<p>O aumento da estimativa \u00e9 influenciado, principalmente, pelo or\u00e7amento da Conta de Desenvolvimento Energ\u00e9tico (CDE) de 2025, fixado em R$ 49,2 bilh\u00f5es. O valor \u00e9 8,6 bilh\u00f5es acima do previsto anteriormente.<\/p>\n\n\n\n<p>Para especialistas ouvidos pelo\u00a0<strong>g1<\/strong>, a proje\u00e7\u00e3o de alta preocupa, pois a energia el\u00e9trica tem peso relevante no \u00cdndice Nacional de Pre\u00e7os ao Consumidor Amplo (IPCA) \u2013 cerca de 4% da cesta de consumo das fam\u00edlias.<\/p>\n\n\n\n<h2 class=\"wp-block-heading\">Como funciona o sistema de cores<\/h2>\n\n\n\n<p>O sistema de cores da Aneel sinaliza as condi\u00e7\u00f5es de gera\u00e7\u00e3o de energia. Se chove pouco e as hidrel\u00e9tricas geram menos, \u00e9 preciso acionar usinas termel\u00e9tricas, que s\u00e3o mais caras.<\/p>\n\n\n\n<p>Para pagar por essas usinas, a Aneel aciona as bandeiras amarela, vermelha 1 ou vermelha 2, com taxas extras na conta de luz.<\/p>\n\n\n\n<p>Fonte\/\/G1<\/p>\n","protected":false},"excerpt":{"rendered":"<p>A Ag\u00eancia Nacional de Energia El\u00e9trica (Aneel) decidiu nesta sexta-feira (29) manter a bandeira vermelha e, com isso, a conta de luz seguir\u00e1 mais cara. Segundo a Aneel,\u00a0&#8220;as atuais condi\u00e7\u00f5es de aflu\u00eancia dos reservat\u00f3rios das usinas, abaixo da m\u00e9dia, n\u00e3o s\u00e3o favor\u00e1veis para a gera\u00e7\u00e3o hidrel\u00e9trica&#8221;. &#8220;Em consequ\u00eancia, h\u00e1 necessidade de maior acionamento de usinas [&hellip;]<\/p>\n","protected":false},"author":1,"featured_media":7516,"comment_status":"open","ping_status":"closed","sticky":false,"template":"","format":"standard","meta":{"site-sidebar-layout":"default","site-content-layout":"","ast-site-content-layout":"default","site-content-style":"default","site-sidebar-style":"default","ast-global-header-display":"","ast-banner-title-visibility":"","ast-main-header-display":"","ast-hfb-above-header-display":"","ast-hfb-below-header-display":"","ast-hfb-mobile-header-display":"","site-post-title":"","ast-breadcrumbs-content":"","ast-featured-img":"","footer-sml-layout":"","theme-transparent-header-meta":"","adv-header-id-meta":"","stick-header-meta":"","header-above-stick-meta":"","header-main-stick-meta":"","header-below-stick-meta":"","astra-migrate-meta-layouts":"set","ast-page-background-enabled":"default","ast-page-background-meta":{"desktop":{"background-color":"var(--ast-global-color-4)","background-image":"","background-repeat":"repeat","background-position":"center center","background-size":"auto","background-attachment":"scroll","background-type":"","background-media":"","overlay-type":"","overlay-color":"","overlay-opacity":"","overlay-gradient":""},"tablet":{"background-color":"","background-image":"","background-repeat":"repeat","background-position":"center center","background-size":"auto","background-attachment":"scroll","background-type":"","background-media":"","overlay-type":"","overlay-color":"","overlay-opacity":"","overlay-gradient":""},"mobile":{"background-color":"","background-image":"","background-repeat":"repeat","background-position":"center center","background-size":"auto","background-attachment":"scroll","background-type":"","background-media":"","overlay-type":"","overlay-color":"","overlay-opacity":"","overlay-gradient":""}},"ast-content-background-meta":{"desktop":{"background-color":"var(--ast-global-color-5)","background-image":"","background-repeat":"repeat","background-position":"center center","background-size":"auto","background-attachment":"scroll","background-type":"","background-media":"","overlay-type":"","overlay-color":"","overlay-opacity":"","overlay-gradient":""},"tablet":{"background-color":"var(--ast-global-color-5)","background-image":"","background-repeat":"repeat","background-position":"center center","background-size":"auto","background-attachment":"scroll","background-type":"","background-media":"","overlay-type":"","overlay-color":"","overlay-opacity":"","overlay-gradient":""},"mobile":{"background-color":"var(--ast-global-color-5)","background-image":"","background-repeat":"repeat","background-position":"center center","background-size":"auto","background-attachment":"scroll","background-type":"","background-media":"","overlay-type":"","overlay-color":"","overlay-opacity":"","overlay-gradient":""}},"footnotes":""},"categories":[4],"tags":[122],"class_list":["post-7515","post","type-post","status-publish","format-standard","has-post-thumbnail","hentry","category-brasil","tag-manchetes"],"_links":{"self":[{"href":"https:\/\/maisoeste.com.br\/index.php?rest_route=\/wp\/v2\/posts\/7515","targetHints":{"allow":["GET"]}}],"collection":[{"href":"https:\/\/maisoeste.com.br\/index.php?rest_route=\/wp\/v2\/posts"}],"about":[{"href":"https:\/\/maisoeste.com.br\/index.php?rest_route=\/wp\/v2\/types\/post"}],"author":[{"embeddable":true,"href":"https:\/\/maisoeste.com.br\/index.php?rest_route=\/wp\/v2\/users\/1"}],"replies":[{"embeddable":true,"href":"https:\/\/maisoeste.com.br\/index.php?rest_route=%2Fwp%2Fv2%2Fcomments&post=7515"}],"version-history":[{"count":1,"href":"https:\/\/maisoeste.com.br\/index.php?rest_route=\/wp\/v2\/posts\/7515\/revisions"}],"predecessor-version":[{"id":7517,"href":"https:\/\/maisoeste.com.br\/index.php?rest_route=\/wp\/v2\/posts\/7515\/revisions\/7517"}],"wp:featuredmedia":[{"embeddable":true,"href":"https:\/\/maisoeste.com.br\/index.php?rest_route=\/wp\/v2\/media\/7516"}],"wp:attachment":[{"href":"https:\/\/maisoeste.com.br\/index.php?rest_route=%2Fwp%2Fv2%2Fmedia&parent=7515"}],"wp:term":[{"taxonomy":"category","embeddable":true,"href":"https:\/\/maisoeste.com.br\/index.php?rest_route=%2Fwp%2Fv2%2Fcategories&post=7515"},{"taxonomy":"post_tag","embeddable":true,"href":"https:\/\/maisoeste.com.br\/index.php?rest_route=%2Fwp%2Fv2%2Ftags&post=7515"}],"curies":[{"name":"wp","href":"https:\/\/api.w.org\/{rel}","templated":true}]}}