{"id":7536,"date":"2025-09-01T11:39:12","date_gmt":"2025-09-01T14:39:12","guid":{"rendered":"https:\/\/maisoeste.com.br\/?p=7536"},"modified":"2025-09-01T11:39:13","modified_gmt":"2025-09-01T14:39:13","slug":"barreiras-apresenta-case-de-sucesso-no-encontro-estadual-do-programa-nacional-de-alimentacao-escolar","status":"publish","type":"post","link":"https:\/\/maisoeste.com.br\/?p=7536","title":{"rendered":"Barreiras apresenta case de sucesso no Encontro Estadual do Programa Nacional de Alimenta\u00e7\u00e3o Escolar"},"content":{"rendered":"\n<p>O munic\u00edpio de Barreiras foi destaque no Encontro Estadual do Programa Nacional de Alimenta\u00e7\u00e3o Escolar (PNAE), realizado entre os dias 20 e 22 de agosto, na Universidade Federal da Bahia (UFBA), em Salvador. Convidada pelo Centro de Colaboradores em Alimenta\u00e7\u00e3o Escolar (CECANE\/UFBA), a nutricionista respons\u00e1vel t\u00e9cnica do PNAE no munic\u00edpio, Geisa Santos da Cruz, apresentou o tema \u201cDo Oeste Baiano para o Brasil: o Sucesso de Barreiras na Jornada EAN\u201d, destacando as conquistas do munic\u00edpio e sua refer\u00eancia em Educa\u00e7\u00e3o Alimentar e Nutricional.<\/p>\n\n\n\n<p>Desde 2022, Barreiras vem sendo reconhecida nacionalmente por desenvolver a\u00e7\u00f5es inovadoras no \u00e2mbito do programa, sendo o \u00fanico munic\u00edpio da Bahia premiado em duas edi\u00e7\u00f5es consecutivas da Jornada de Educa\u00e7\u00e3o Alimentar e Nutricional do FNDE, entre os 20 melhores relatos do pa\u00eds. As iniciativas \u201cCozinha de Gera\u00e7\u00f5es\u201d (2022), que resgatou tradi\u00e7\u00f5es alimentares familiares, e \u201cHist\u00f3ria da Alimenta\u00e7\u00e3o no Brasil\u201d (2023), que refletiu sobre a cultura alimentar em perspectiva hist\u00f3rica, foram fundamentais para o reconhecimento.<\/p>\n\n\n\n<p>Essas a\u00e7\u00f5es fazem parte do projeto interno Sinal Verde, coordenado pela Diretoria de Alimenta\u00e7\u00e3o Escolar da Secretaria Municipal de Educa\u00e7\u00e3o, que promove uma abordagem intersetorial, envolvendo diferentes atores sociais para integrar desde a produ\u00e7\u00e3o at\u00e9 o consumo. &nbsp;\u201cConstruir uma sociedade mais saud\u00e1vel depende de como a Seguran\u00e7a Alimentar e Nutricional \u00e9 tratada. Al\u00e9m de garantir o Direito Humano \u00e0 Alimenta\u00e7\u00e3o Adequada, \u00e9 urgente valorizar as a\u00e7\u00f5es de Educa\u00e7\u00e3o Alimentar e Nutricional, pois n\u00e3o basta comer: \u00e9 preciso ter autonomia para fazer escolhas que nutram o corpo e contribuam para uma sociedade sustent\u00e1vel\u201d, destacou Geisa.<\/p>\n\n\n\n<p>Tamb\u00e9m participaram do encontro a nutricionista P\u00e2mela Souza e a diretora do Departamento de Agricultura de Barreiras, Ingrid Karen, que apresentou as a\u00e7\u00f5es de est\u00edmulo \u00e0 participa\u00e7\u00e3o dos produtores rurais locais nas chamadas p\u00fablicas do PNAE. A iniciativa busca ampliar o escoamento da produ\u00e7\u00e3o agr\u00edcola e garantir alimentos frescos e de origem local para os estudantes da rede municipal.<\/p>\n\n\n\n<p>A Prefeitura de Barreiras mant\u00e9m o compromisso de ultrapassar a meta m\u00ednima exigida pelo PNAE \u2014 30% dos itens da alimenta\u00e7\u00e3o escolar provenientes da agricultura familiar \u2014 como forma de fortalecer a economia local e assegurar refei\u00e7\u00f5es mais saud\u00e1veis aos alunos da rede p\u00fablica.&nbsp;O Encontro Estadual do PNAE reuniu representantes de munic\u00edpios, institui\u00e7\u00f5es de ensino, conselheiros, agricultores familiares, nutricionistas e coordenadores de alimenta\u00e7\u00e3o escolar. Com metodologias participativas, como oficinas, rodas de conversa e estudos de caso, o evento buscou qualificar a pol\u00edtica de alimenta\u00e7\u00e3o escolar e refor\u00e7ar o papel do programa como instrumento de inclus\u00e3o e promo\u00e7\u00e3o de h\u00e1bitos alimentares saud\u00e1veis.<\/p>\n\n\n\n<p><strong>Dircom<\/strong><\/p>\n","protected":false},"excerpt":{"rendered":"<p>O munic\u00edpio de Barreiras foi destaque no Encontro Estadual do Programa Nacional de Alimenta\u00e7\u00e3o Escolar (PNAE), realizado entre os dias 20 e 22 de agosto, na Universidade Federal da Bahia (UFBA), em Salvador. Convidada pelo Centro de Colaboradores em Alimenta\u00e7\u00e3o Escolar (CECANE\/UFBA), a nutricionista respons\u00e1vel t\u00e9cnica do PNAE no munic\u00edpio, Geisa Santos da Cruz, apresentou [&hellip;]<\/p>\n","protected":false},"author":1,"featured_media":7537,"comment_status":"open","ping_status":"closed","sticky":false,"template":"","format":"standard","meta":{"site-sidebar-layout":"default","site-content-layout":"","ast-site-content-layout":"default","site-content-style":"default","site-sidebar-style":"default","ast-global-header-display":"","ast-banner-title-visibility":"","ast-main-header-display":"","ast-hfb-above-header-display":"","ast-hfb-below-header-display":"","ast-hfb-mobile-header-display":"","site-post-title":"","ast-breadcrumbs-content":"","ast-featured-img":"","footer-sml-layout":"","theme-transparent-header-meta":"","adv-header-id-meta":"","stick-header-meta":"","header-above-stick-meta":"","header-main-stick-meta":"","header-below-stick-meta":"","astra-migrate-meta-layouts":"set","ast-page-background-enabled":"default","ast-page-background-meta":{"desktop":{"background-color":"var(--ast-global-color-4)","background-image":"","background-repeat":"repeat","background-position":"center center","background-size":"auto","background-attachment":"scroll","background-type":"","background-media":"","overlay-type":"","overlay-color":"","overlay-opacity":"","overlay-gradient":""},"tablet":{"background-color":"","background-image":"","background-repeat":"repeat","background-position":"center center","background-size":"auto","background-attachment":"scroll","background-type":"","background-media":"","overlay-type":"","overlay-color":"","overlay-opacity":"","overlay-gradient":""},"mobile":{"background-color":"","background-image":"","background-repeat":"repeat","background-position":"center center","background-size":"auto","background-attachment":"scroll","background-type":"","background-media":"","overlay-type":"","overlay-color":"","overlay-opacity":"","overlay-gradient":""}},"ast-content-background-meta":{"desktop":{"background-color":"var(--ast-global-color-5)","background-image":"","background-repeat":"repeat","background-position":"center center","background-size":"auto","background-attachment":"scroll","background-type":"","background-media":"","overlay-type":"","overlay-color":"","overlay-opacity":"","overlay-gradient":""},"tablet":{"background-color":"var(--ast-global-color-5)","background-image":"","background-repeat":"repeat","background-position":"center center","background-size":"auto","background-attachment":"scroll","background-type":"","background-media":"","overlay-type":"","overlay-color":"","overlay-opacity":"","overlay-gradient":""},"mobile":{"background-color":"var(--ast-global-color-5)","background-image":"","background-repeat":"repeat","background-position":"center center","background-size":"auto","background-attachment":"scroll","background-type":"","background-media":"","overlay-type":"","overlay-color":"","overlay-opacity":"","overlay-gradient":""}},"footnotes":""},"categories":[45],"tags":[],"class_list":["post-7536","post","type-post","status-publish","format-standard","has-post-thumbnail","hentry","category-esportes"],"_links":{"self":[{"href":"https:\/\/maisoeste.com.br\/index.php?rest_route=\/wp\/v2\/posts\/7536","targetHints":{"allow":["GET"]}}],"collection":[{"href":"https:\/\/maisoeste.com.br\/index.php?rest_route=\/wp\/v2\/posts"}],"about":[{"href":"https:\/\/maisoeste.com.br\/index.php?rest_route=\/wp\/v2\/types\/post"}],"author":[{"embeddable":true,"href":"https:\/\/maisoeste.com.br\/index.php?rest_route=\/wp\/v2\/users\/1"}],"replies":[{"embeddable":true,"href":"https:\/\/maisoeste.com.br\/index.php?rest_route=%2Fwp%2Fv2%2Fcomments&post=7536"}],"version-history":[{"count":1,"href":"https:\/\/maisoeste.com.br\/index.php?rest_route=\/wp\/v2\/posts\/7536\/revisions"}],"predecessor-version":[{"id":7538,"href":"https:\/\/maisoeste.com.br\/index.php?rest_route=\/wp\/v2\/posts\/7536\/revisions\/7538"}],"wp:featuredmedia":[{"embeddable":true,"href":"https:\/\/maisoeste.com.br\/index.php?rest_route=\/wp\/v2\/media\/7537"}],"wp:attachment":[{"href":"https:\/\/maisoeste.com.br\/index.php?rest_route=%2Fwp%2Fv2%2Fmedia&parent=7536"}],"wp:term":[{"taxonomy":"category","embeddable":true,"href":"https:\/\/maisoeste.com.br\/index.php?rest_route=%2Fwp%2Fv2%2Fcategories&post=7536"},{"taxonomy":"post_tag","embeddable":true,"href":"https:\/\/maisoeste.com.br\/index.php?rest_route=%2Fwp%2Fv2%2Ftags&post=7536"}],"curies":[{"name":"wp","href":"https:\/\/api.w.org\/{rel}","templated":true}]}}