{"id":7539,"date":"2025-09-02T07:04:18","date_gmt":"2025-09-02T10:04:18","guid":{"rendered":"https:\/\/maisoeste.com.br\/?p=7539"},"modified":"2025-09-02T07:04:25","modified_gmt":"2025-09-02T10:04:25","slug":"semana-da-patria-e-aberta-oficialmente-em-barreiras-com-tema-brasilidade","status":"publish","type":"post","link":"https:\/\/maisoeste.com.br\/?p=7539","title":{"rendered":"Semana da P\u00e1tria \u00e9 aberta oficialmente em Barreiras com tema Brasilidade"},"content":{"rendered":"\n<p>A Prefeitura de Barreiras deu in\u00edcio, na manh\u00e3 desta segunda-feira (1\u00ba), \u00e0 programa\u00e7\u00e3o da Semana da P\u00e1tria 2025. A solenidade de abertura foi realizada na Pra\u00e7a Castro Alves e reuniu autoridades, estudantes da Escola Municipal Dr. Jos\u00e9 da Costa Borges, professores e representantes da sociedade civil em um momento de valoriza\u00e7\u00e3o do civismo e da identidade nacional.<\/p>\n\n\n\n<p>Com o tema \u201cBrasilidade\u201d, escolhido para nortear as atividades deste ano, a Semana da P\u00e1tria destaca a import\u00e2ncia dos s\u00edmbolos nacionais e do sentimento de pertencimento \u00e0 cultura brasileira. O evento contou com a presen\u00e7a do vice-prefeito T\u00falio Viana, que representou o prefeito Otoniel Teixeira, al\u00e9m do secret\u00e1rio municipal de Educa\u00e7\u00e3o, Jeferson Barbosa, do secret\u00e1rio de Seguran\u00e7a Cidad\u00e3 e Tr\u00e2nsito, tenente-coronel F\u00e1bio Santana, do reitor da Uninassau, representantes do Corpo de Bombeiros Militar, Pol\u00edcia Civil, Guarda Civil Municipal e dos vereadores Adriano Stein e B.I. Ayres,<\/p>\n\n\n\n<p>A execu\u00e7\u00e3o do Hino Nacional e do Hino de Barreiras ficou a cargo da Banda Municipal 26 de Maio. J\u00e1 o hasteamento dos pavilh\u00f5es c\u00edvicos foi conduzido pelo coronel Warley Luiz da Silva, comandante do 4\u00ba Batalh\u00e3o de Engenharia e Constru\u00e7\u00e3o (bandeira do Brasil); major Silvano Aquino, representando o comandante do Comando de Policiamento da Regi\u00e3o Oeste, coronel Jos\u00e9 Carlos Soares Mariano (bandeira da Bahia); e pelo vice-prefeito T\u00falio Viana (bandeira de Barreiras). \u201cEsse \u00e9 um momento de reafirma\u00e7\u00e3o de valores que fortalecem a cidadania e o sentimento de coletividade, fundamentais para a constru\u00e7\u00e3o de uma sociedade melhor\u201d, destacou o vice-prefeito.<\/p>\n\n\n\n<p>De acordo com o secret\u00e1rio de Educa\u00e7\u00e3o, Jeferson Barbosa, o tema deste ano refor\u00e7a a identidade nacional. \u201cA Semana da P\u00e1tria \u00e9 uma oportunidade de trabalharmos, junto \u00e0s escolas, a valoriza\u00e7\u00e3o da nossa hist\u00f3ria, cultura e s\u00edmbolos, incentivando o amor ao Brasil desde cedo nos nossos estudantes\u201d, pontuou.<\/p>\n\n\n\n<p>A programa\u00e7\u00e3o segue durante toda a semana com desfiles nos bairros e comunidades rurais onde est\u00e3o localizadas as unidades escolares. O ponto alto ser\u00e1 no domingo (7), quando acontecer\u00e1 o Desfile C\u00edvico-Militar, \u00e0s 7h, na Avenida Cl\u00e9riston Andrade, com a participa\u00e7\u00e3o de cerca de 4 mil estudantes, militares e representantes de institui\u00e7\u00f5es.<\/p>\n\n\n\n<p><strong>Dircom<\/strong><\/p>\n","protected":false},"excerpt":{"rendered":"<p>A Prefeitura de Barreiras deu in\u00edcio, na manh\u00e3 desta segunda-feira (1\u00ba), \u00e0 programa\u00e7\u00e3o da Semana da P\u00e1tria 2025. A solenidade de abertura foi realizada na Pra\u00e7a Castro Alves e reuniu autoridades, estudantes da Escola Municipal Dr. Jos\u00e9 da Costa Borges, professores e representantes da sociedade civil em um momento de valoriza\u00e7\u00e3o do civismo e da [&hellip;]<\/p>\n","protected":false},"author":1,"featured_media":7540,"comment_status":"open","ping_status":"closed","sticky":false,"template":"","format":"standard","meta":{"site-sidebar-layout":"default","site-content-layout":"","ast-site-content-layout":"default","site-content-style":"default","site-sidebar-style":"default","ast-global-header-display":"","ast-banner-title-visibility":"","ast-main-header-display":"","ast-hfb-above-header-display":"","ast-hfb-below-header-display":"","ast-hfb-mobile-header-display":"","site-post-title":"","ast-breadcrumbs-content":"","ast-featured-img":"","footer-sml-layout":"","theme-transparent-header-meta":"","adv-header-id-meta":"","stick-header-meta":"","header-above-stick-meta":"","header-main-stick-meta":"","header-below-stick-meta":"","astra-migrate-meta-layouts":"set","ast-page-background-enabled":"default","ast-page-background-meta":{"desktop":{"background-color":"var(--ast-global-color-4)","background-image":"","background-repeat":"repeat","background-position":"center center","background-size":"auto","background-attachment":"scroll","background-type":"","background-media":"","overlay-type":"","overlay-color":"","overlay-opacity":"","overlay-gradient":""},"tablet":{"background-color":"","background-image":"","background-repeat":"repeat","background-position":"center center","background-size":"auto","background-attachment":"scroll","background-type":"","background-media":"","overlay-type":"","overlay-color":"","overlay-opacity":"","overlay-gradient":""},"mobile":{"background-color":"","background-image":"","background-repeat":"repeat","background-position":"center center","background-size":"auto","background-attachment":"scroll","background-type":"","background-media":"","overlay-type":"","overlay-color":"","overlay-opacity":"","overlay-gradient":""}},"ast-content-background-meta":{"desktop":{"background-color":"var(--ast-global-color-5)","background-image":"","background-repeat":"repeat","background-position":"center center","background-size":"auto","background-attachment":"scroll","background-type":"","background-media":"","overlay-type":"","overlay-color":"","overlay-opacity":"","overlay-gradient":""},"tablet":{"background-color":"var(--ast-global-color-5)","background-image":"","background-repeat":"repeat","background-position":"center center","background-size":"auto","background-attachment":"scroll","background-type":"","background-media":"","overlay-type":"","overlay-color":"","overlay-opacity":"","overlay-gradient":""},"mobile":{"background-color":"var(--ast-global-color-5)","background-image":"","background-repeat":"repeat","background-position":"center center","background-size":"auto","background-attachment":"scroll","background-type":"","background-media":"","overlay-type":"","overlay-color":"","overlay-opacity":"","overlay-gradient":""}},"footnotes":""},"categories":[45],"tags":[122],"class_list":["post-7539","post","type-post","status-publish","format-standard","has-post-thumbnail","hentry","category-esportes","tag-manchetes"],"_links":{"self":[{"href":"https:\/\/maisoeste.com.br\/index.php?rest_route=\/wp\/v2\/posts\/7539","targetHints":{"allow":["GET"]}}],"collection":[{"href":"https:\/\/maisoeste.com.br\/index.php?rest_route=\/wp\/v2\/posts"}],"about":[{"href":"https:\/\/maisoeste.com.br\/index.php?rest_route=\/wp\/v2\/types\/post"}],"author":[{"embeddable":true,"href":"https:\/\/maisoeste.com.br\/index.php?rest_route=\/wp\/v2\/users\/1"}],"replies":[{"embeddable":true,"href":"https:\/\/maisoeste.com.br\/index.php?rest_route=%2Fwp%2Fv2%2Fcomments&post=7539"}],"version-history":[{"count":1,"href":"https:\/\/maisoeste.com.br\/index.php?rest_route=\/wp\/v2\/posts\/7539\/revisions"}],"predecessor-version":[{"id":7541,"href":"https:\/\/maisoeste.com.br\/index.php?rest_route=\/wp\/v2\/posts\/7539\/revisions\/7541"}],"wp:featuredmedia":[{"embeddable":true,"href":"https:\/\/maisoeste.com.br\/index.php?rest_route=\/wp\/v2\/media\/7540"}],"wp:attachment":[{"href":"https:\/\/maisoeste.com.br\/index.php?rest_route=%2Fwp%2Fv2%2Fmedia&parent=7539"}],"wp:term":[{"taxonomy":"category","embeddable":true,"href":"https:\/\/maisoeste.com.br\/index.php?rest_route=%2Fwp%2Fv2%2Fcategories&post=7539"},{"taxonomy":"post_tag","embeddable":true,"href":"https:\/\/maisoeste.com.br\/index.php?rest_route=%2Fwp%2Fv2%2Ftags&post=7539"}],"curies":[{"name":"wp","href":"https:\/\/api.w.org\/{rel}","templated":true}]}}