{"id":7576,"date":"2025-09-03T07:45:59","date_gmt":"2025-09-03T10:45:59","guid":{"rendered":"https:\/\/maisoeste.com.br\/?p=7576"},"modified":"2025-09-03T07:46:00","modified_gmt":"2025-09-03T10:46:00","slug":"justica-determina-cassacao-de-prefeito-e-vice-de-cidade-do-oeste-da-bahia","status":"publish","type":"post","link":"https:\/\/maisoeste.com.br\/?p=7576","title":{"rendered":"Justi\u00e7a determina cassa\u00e7\u00e3o de prefeito e vice de cidade do Oeste da Bahia"},"content":{"rendered":"\n<p>A Justi\u00e7a Eleitoral\u00a0determinou a cassa\u00e7\u00e3o do mandato do prefeito e do vice-prefeito\u00a0da cidade de\u00a0Serra do Ramalho, no oeste da Bahia. O prefeito Eli Carlos dos Anjos Santos (PSDB), conhecido como Lica, e o vice dele, Jos\u00e9 Aroldo Muniz dos Reis (PDT), s\u00e3o investigados por abuso de poder atrelado ao econ\u00f4mico.<\/p>\n\n\n\n<p>No entanto, eles permanecer\u00e3o nos cargos, pois ainda podem recorrer contra a senten\u00e7a em inst\u00e2ncias superiores.<\/p>\n\n\n\n<p>Os pol\u00edticos foram alvos de uma A\u00e7\u00e3o de Investiga\u00e7\u00e3o Judicial Eleitoral (AIJE), que elucidou uma s\u00e9rie de contrata\u00e7\u00f5es tempor\u00e1rias e comissionadas at\u00edpicas realizadas em 2024, ano eleitoral. O documento foi publicado no Di\u00e1rio da Justi\u00e7a Eletr\u00f4nico, do Tribunal Regional Eleitora da Bahia (TRE-BA), disponibilizado nesta ter\u00e7a-feira (2).<\/p>\n\n\n\n<p>As contrata\u00e7\u00f5es foram realizadas sem processo seletivo simplificado ou demonstra\u00e7\u00e3o de excepcional interesse p\u00fablico. Vale ressaltar que Lica concorria \u00e0 reelei\u00e7\u00e3o em 2024, uma vez que tamb\u00e9m foi eleito prefeito de Serra do Ramalho em 2020.<\/p>\n\n\n\n<p>Ainda conforme a a\u00e7\u00e3o judicial, dados correspondentes ao m\u00eas de janeiro de 2024, dispon\u00edveis no Tribunal de Contas, mostram que a despesa para servidores tempor\u00e1rios no munic\u00edpio era de R$ 314.153,97. Este valor aumentou para R$ 1.079,524,55 devido \u00e0 contrata\u00e7\u00e3o de 443 servidores tempor\u00e1rios e 70 comissionados.<\/p>\n\n\n\n<p>Al\u00e9m do aumento at\u00edpico no n\u00famero de contrata\u00e7\u00f5es do tipo, o documento da Justi\u00e7a Eleitoral aponta que a temporalidade de manuten\u00e7\u00e3o desses cargos tamb\u00e9m chama aten\u00e7\u00e3o. Ap\u00f3s as elei\u00e7\u00f5es de 2024, que aconteceram em outubro, a maioria desses servidores foram demitidos entre dezembro do ano passado e janeiro deste ano.<\/p>\n\n\n\n<p>Acionada durante o processo, a defesa dos pol\u00edticos investigados argumentou apenas que o n\u00famero de contratados cresceu devido ao &#8220;aumento natural das demandas do munic\u00edpio&#8221;. Apesar disso, n\u00e3o apresentou qualquer documento que corrobore a justificativa.<\/p>\n\n\n\n<p>O munic\u00edpio de Serra do Ramalho tamb\u00e9m incluiu uma manifesta\u00e7\u00e3o oficial como defesa, na qual o procurador-geral admite que n\u00e3o houve processo seletivos para as contrata\u00e7\u00f5es e as admiss\u00f5es foram feitas com base nas pessoas conhecidas pela comunidade, o que seria &#8220;comum em cidades menores&#8221;.<\/p>\n\n\n\n<p>O\u00a0g1\u00a0tenta contato com o Partido Democr\u00e1tico Trabalhista (PDT) e o Partido da Social Democracia Brasileira (PSDB) para apurar mais detalhes, mas n\u00e3o obteve retorno at\u00e9 a publica\u00e7\u00e3o desta reportagem.<\/p>\n\n\n\n<p>Conforme o parecer do Minist\u00e9rio P\u00fablico Eleitoral, o abuso de poder e econ\u00f4mico fica mais claro mediante as defesas apresentadas. O \u00f3rg\u00e3o destaca a gravidade da a\u00e7\u00e3o, que macula a legitimidade do pleito. &#8220;O uso da m\u00e1quina administrativa para criar centenas de postos de trabalho prec\u00e1rios em ano eleitoral, distribu\u00eddos sem qualquer crit\u00e9rio objetivo, representa uma grave distor\u00e7\u00e3o do processo democr\u00e1tico&#8221;, analisou o juiz eleitoral da 71\u00aa Zona Eleitoral, Mois\u00e9s Argones Martins, no processo.<\/p>\n\n\n\n<p>Al\u00e9m da cassa\u00e7\u00e3o dos mandatos de Eli Santos e Jos\u00e9 Aroldo dos Reis, o juiz determinou a inelegibilidade dos pol\u00edticos para as elei\u00e7\u00f5es nos pr\u00f3ximos oito anos. Mas como a decis\u00e3o foi em primeira inst\u00e2ncia, ainda cabe recurso.<\/p>\n\n\n\n<p>Fonte\/\/G1<\/p>\n","protected":false},"excerpt":{"rendered":"<p>A Justi\u00e7a Eleitoral\u00a0determinou a cassa\u00e7\u00e3o do mandato do prefeito e do vice-prefeito\u00a0da cidade de\u00a0Serra do Ramalho, no oeste da Bahia. O prefeito Eli Carlos dos Anjos Santos (PSDB), conhecido como Lica, e o vice dele, Jos\u00e9 Aroldo Muniz dos Reis (PDT), s\u00e3o investigados por abuso de poder atrelado ao econ\u00f4mico. No entanto, eles permanecer\u00e3o nos [&hellip;]<\/p>\n","protected":false},"author":1,"featured_media":7577,"comment_status":"open","ping_status":"closed","sticky":false,"template":"","format":"standard","meta":{"site-sidebar-layout":"default","site-content-layout":"","ast-site-content-layout":"default","site-content-style":"default","site-sidebar-style":"default","ast-global-header-display":"","ast-banner-title-visibility":"","ast-main-header-display":"","ast-hfb-above-header-display":"","ast-hfb-below-header-display":"","ast-hfb-mobile-header-display":"","site-post-title":"","ast-breadcrumbs-content":"","ast-featured-img":"","footer-sml-layout":"","theme-transparent-header-meta":"","adv-header-id-meta":"","stick-header-meta":"","header-above-stick-meta":"","header-main-stick-meta":"","header-below-stick-meta":"","astra-migrate-meta-layouts":"set","ast-page-background-enabled":"default","ast-page-background-meta":{"desktop":{"background-color":"var(--ast-global-color-4)","background-image":"","background-repeat":"repeat","background-position":"center center","background-size":"auto","background-attachment":"scroll","background-type":"","background-media":"","overlay-type":"","overlay-color":"","overlay-opacity":"","overlay-gradient":""},"tablet":{"background-color":"","background-image":"","background-repeat":"repeat","background-position":"center center","background-size":"auto","background-attachment":"scroll","background-type":"","background-media":"","overlay-type":"","overlay-color":"","overlay-opacity":"","overlay-gradient":""},"mobile":{"background-color":"","background-image":"","background-repeat":"repeat","background-position":"center center","background-size":"auto","background-attachment":"scroll","background-type":"","background-media":"","overlay-type":"","overlay-color":"","overlay-opacity":"","overlay-gradient":""}},"ast-content-background-meta":{"desktop":{"background-color":"var(--ast-global-color-5)","background-image":"","background-repeat":"repeat","background-position":"center center","background-size":"auto","background-attachment":"scroll","background-type":"","background-media":"","overlay-type":"","overlay-color":"","overlay-opacity":"","overlay-gradient":""},"tablet":{"background-color":"var(--ast-global-color-5)","background-image":"","background-repeat":"repeat","background-position":"center center","background-size":"auto","background-attachment":"scroll","background-type":"","background-media":"","overlay-type":"","overlay-color":"","overlay-opacity":"","overlay-gradient":""},"mobile":{"background-color":"var(--ast-global-color-5)","background-image":"","background-repeat":"repeat","background-position":"center center","background-size":"auto","background-attachment":"scroll","background-type":"","background-media":"","overlay-type":"","overlay-color":"","overlay-opacity":"","overlay-gradient":""}},"footnotes":""},"categories":[84],"tags":[122],"class_list":["post-7576","post","type-post","status-publish","format-standard","has-post-thumbnail","hentry","category-politica","tag-manchetes"],"_links":{"self":[{"href":"https:\/\/maisoeste.com.br\/index.php?rest_route=\/wp\/v2\/posts\/7576","targetHints":{"allow":["GET"]}}],"collection":[{"href":"https:\/\/maisoeste.com.br\/index.php?rest_route=\/wp\/v2\/posts"}],"about":[{"href":"https:\/\/maisoeste.com.br\/index.php?rest_route=\/wp\/v2\/types\/post"}],"author":[{"embeddable":true,"href":"https:\/\/maisoeste.com.br\/index.php?rest_route=\/wp\/v2\/users\/1"}],"replies":[{"embeddable":true,"href":"https:\/\/maisoeste.com.br\/index.php?rest_route=%2Fwp%2Fv2%2Fcomments&post=7576"}],"version-history":[{"count":1,"href":"https:\/\/maisoeste.com.br\/index.php?rest_route=\/wp\/v2\/posts\/7576\/revisions"}],"predecessor-version":[{"id":7578,"href":"https:\/\/maisoeste.com.br\/index.php?rest_route=\/wp\/v2\/posts\/7576\/revisions\/7578"}],"wp:featuredmedia":[{"embeddable":true,"href":"https:\/\/maisoeste.com.br\/index.php?rest_route=\/wp\/v2\/media\/7577"}],"wp:attachment":[{"href":"https:\/\/maisoeste.com.br\/index.php?rest_route=%2Fwp%2Fv2%2Fmedia&parent=7576"}],"wp:term":[{"taxonomy":"category","embeddable":true,"href":"https:\/\/maisoeste.com.br\/index.php?rest_route=%2Fwp%2Fv2%2Fcategories&post=7576"},{"taxonomy":"post_tag","embeddable":true,"href":"https:\/\/maisoeste.com.br\/index.php?rest_route=%2Fwp%2Fv2%2Ftags&post=7576"}],"curies":[{"name":"wp","href":"https:\/\/api.w.org\/{rel}","templated":true}]}}