{"id":7579,"date":"2025-09-03T07:49:07","date_gmt":"2025-09-03T10:49:07","guid":{"rendered":"https:\/\/maisoeste.com.br\/?p=7579"},"modified":"2025-09-03T07:49:08","modified_gmt":"2025-09-03T10:49:08","slug":"deputados-aprovam-criacao-de-25-novos-batalhoes-da-pm-incluindo-em-lem","status":"publish","type":"post","link":"https:\/\/maisoeste.com.br\/?p=7579","title":{"rendered":"Deputados aprovam cria\u00e7\u00e3o de 25 novos batalh\u00f5es da PM incluindo em LEM"},"content":{"rendered":"\n<p>Os deputados estaduais aprovaram, nesta ter\u00e7a-feira (2),\u00a0<strong>projetos que modificam a estrutura das pol\u00edcias Civil e Militar na Bahia.<\/strong>\u00a0A vota\u00e7\u00e3o come\u00e7ou por volta das 14h45, na Assembleia Legislativa da Bahia (Alba), em\u00a0Salvador, e tamb\u00e9m abordou propostas ligadas a outras demandas do estado.<\/p>\n\n\n\n<p>No total, foram votados 14 projetos \u2014 dois deles voltados para a seguran\u00e7a p\u00fablica. Segundo informa\u00e7\u00f5es da TV Bahia, entre as pautas abordadas estavam propostas sobre redu\u00e7\u00e3o de multas de ve\u00edculos, remunera\u00e7\u00e3o dos servidores, entre outros temas.<\/p>\n\n\n\n<p>Os projetos aprovados relacionados \u00e0 seguran\u00e7a p\u00fablica trazem mudan\u00e7as nas corpora\u00e7\u00f5es e criam novos cargos. Para a\u00a0Pol\u00edcia Civil\u00a0da Bahia,\u00a0foi aprovada a cria\u00e7\u00e3o do cargo de Delegado-geral Adjunto de Opera\u00e7\u00f5es, bem como cinco novas Diretorias Regionais no interior, ampliando a atua\u00e7\u00e3o da corpora\u00e7\u00e3o.<\/p>\n\n\n\n<p>As novas diretorias foram pensadas para \u00e1reas estrat\u00e9gicas do estado, como as cidades de\u00a0Porto Seguro,\u00a0Feira de Santana\u00a0e\u00a0Juazeiro.<\/p>\n\n\n\n<p>J\u00e1 o\u00a0projeto que trata da\u00a0Pol\u00edcia Militar\u00a0estabeleceu a cria\u00e7\u00e3o de 25 novas unidades entre Batalh\u00f5es, Companhias Independentes e Comandos Regionais. Al\u00e9m disso, foram extintas nove unidades e dezenove cargos correspondentes, bem como a abertura de 473 novos cargos de chefia e coordena\u00e7\u00e3o.<\/p>\n\n\n\n<p>&#8220;Queremos uma estrutura da seguran\u00e7a p\u00fablica capaz de enfrentar significativamente essa quest\u00e3o social. Esse projeto reestrutura a Pol\u00edcia Civil e Militar dotando [as organiza\u00e7\u00f5es] de capacidade, tanto do ponto de vista dos recursos humanos, quanto de uma melhor estrutura&#8221;, analisou Rosemberg Pinto (PT), l\u00edder do governo na Alba, em entrevista \u00e0 TV Bahia.<\/p>\n\n\n\n<p>A proposta prev\u00ea ainda que os Comandos Regionais sejam instalados nas cidades de\u00a0Jequi\u00e9,\u00a0Alagoinhas\u00a0e\u00a0Irec\u00ea. No caso dos novos batalh\u00f5es, as instala\u00e7\u00f5es previstas s\u00e3o para os bairros do Nordeste de Amaralina e Itapu\u00e3, em Salvador, e para as seguintes cidades:<\/p>\n\n\n\n<ul class=\"wp-block-list\">\n<li>Feira de Santana;<\/li>\n\n\n\n<li>Jacobina;<\/li>\n\n\n\n<li>Lu\u00eds Eduardo Magalh\u00e3es;<\/li>\n\n\n\n<li>Eun\u00e1polis;<\/li>\n\n\n\n<li>Candeias.<\/li>\n<\/ul>\n\n\n\n<p>Conforme a TV Bahia, outros dois projetos voltados para a seguran\u00e7a p\u00fablica ainda devem ser votados. Um deles altera a estrutura da Secretaria de Seguran\u00e7a P\u00fablica da Bahia (SSP-BA) e outro amplia a quantidade e o tempo de convoca\u00e7\u00e3o dos servidores da reserva. Se aprovado, o tempo de convoca\u00e7\u00e3o deve sair de quatro para seis anos, enquanto o n\u00famero de servidores na reserva deve sair 1200 para 1800 servidores.<\/p>\n\n\n\n<p>&#8220;S\u00e3o projetos [&#8230;] tratando da seguran\u00e7a p\u00fablica que hoje \u00e9 um dos principais problemas do nosso estado. A gente entende que s\u00e3o projetos que visam melhorar, mas ainda \u00e9 preciso muito para avan\u00e7ar&#8221;, opinou Tiago Correia (PSDB), l\u00edder da oposi\u00e7\u00e3o. Essas propostas devem ser votadas em uma nova sess\u00e3o, na pr\u00f3xima ter\u00e7a-feira (9).<\/p>\n\n\n\n<p>Fonte\/\/G1<\/p>\n","protected":false},"excerpt":{"rendered":"<p>Os deputados estaduais aprovaram, nesta ter\u00e7a-feira (2),\u00a0projetos que modificam a estrutura das pol\u00edcias Civil e Militar na Bahia.\u00a0A vota\u00e7\u00e3o come\u00e7ou por volta das 14h45, na Assembleia Legislativa da Bahia (Alba), em\u00a0Salvador, e tamb\u00e9m abordou propostas ligadas a outras demandas do estado. No total, foram votados 14 projetos \u2014 dois deles voltados para a seguran\u00e7a p\u00fablica. [&hellip;]<\/p>\n","protected":false},"author":1,"featured_media":7580,"comment_status":"open","ping_status":"closed","sticky":false,"template":"","format":"standard","meta":{"site-sidebar-layout":"default","site-content-layout":"","ast-site-content-layout":"default","site-content-style":"default","site-sidebar-style":"default","ast-global-header-display":"","ast-banner-title-visibility":"","ast-main-header-display":"","ast-hfb-above-header-display":"","ast-hfb-below-header-display":"","ast-hfb-mobile-header-display":"","site-post-title":"","ast-breadcrumbs-content":"","ast-featured-img":"","footer-sml-layout":"","theme-transparent-header-meta":"","adv-header-id-meta":"","stick-header-meta":"","header-above-stick-meta":"","header-main-stick-meta":"","header-below-stick-meta":"","astra-migrate-meta-layouts":"set","ast-page-background-enabled":"default","ast-page-background-meta":{"desktop":{"background-color":"var(--ast-global-color-4)","background-image":"","background-repeat":"repeat","background-position":"center center","background-size":"auto","background-attachment":"scroll","background-type":"","background-media":"","overlay-type":"","overlay-color":"","overlay-opacity":"","overlay-gradient":""},"tablet":{"background-color":"","background-image":"","background-repeat":"repeat","background-position":"center center","background-size":"auto","background-attachment":"scroll","background-type":"","background-media":"","overlay-type":"","overlay-color":"","overlay-opacity":"","overlay-gradient":""},"mobile":{"background-color":"","background-image":"","background-repeat":"repeat","background-position":"center center","background-size":"auto","background-attachment":"scroll","background-type":"","background-media":"","overlay-type":"","overlay-color":"","overlay-opacity":"","overlay-gradient":""}},"ast-content-background-meta":{"desktop":{"background-color":"var(--ast-global-color-5)","background-image":"","background-repeat":"repeat","background-position":"center center","background-size":"auto","background-attachment":"scroll","background-type":"","background-media":"","overlay-type":"","overlay-color":"","overlay-opacity":"","overlay-gradient":""},"tablet":{"background-color":"var(--ast-global-color-5)","background-image":"","background-repeat":"repeat","background-position":"center center","background-size":"auto","background-attachment":"scroll","background-type":"","background-media":"","overlay-type":"","overlay-color":"","overlay-opacity":"","overlay-gradient":""},"mobile":{"background-color":"var(--ast-global-color-5)","background-image":"","background-repeat":"repeat","background-position":"center center","background-size":"auto","background-attachment":"scroll","background-type":"","background-media":"","overlay-type":"","overlay-color":"","overlay-opacity":"","overlay-gradient":""}},"footnotes":""},"categories":[4],"tags":[122],"class_list":["post-7579","post","type-post","status-publish","format-standard","has-post-thumbnail","hentry","category-brasil","tag-manchetes"],"_links":{"self":[{"href":"https:\/\/maisoeste.com.br\/index.php?rest_route=\/wp\/v2\/posts\/7579","targetHints":{"allow":["GET"]}}],"collection":[{"href":"https:\/\/maisoeste.com.br\/index.php?rest_route=\/wp\/v2\/posts"}],"about":[{"href":"https:\/\/maisoeste.com.br\/index.php?rest_route=\/wp\/v2\/types\/post"}],"author":[{"embeddable":true,"href":"https:\/\/maisoeste.com.br\/index.php?rest_route=\/wp\/v2\/users\/1"}],"replies":[{"embeddable":true,"href":"https:\/\/maisoeste.com.br\/index.php?rest_route=%2Fwp%2Fv2%2Fcomments&post=7579"}],"version-history":[{"count":1,"href":"https:\/\/maisoeste.com.br\/index.php?rest_route=\/wp\/v2\/posts\/7579\/revisions"}],"predecessor-version":[{"id":7581,"href":"https:\/\/maisoeste.com.br\/index.php?rest_route=\/wp\/v2\/posts\/7579\/revisions\/7581"}],"wp:featuredmedia":[{"embeddable":true,"href":"https:\/\/maisoeste.com.br\/index.php?rest_route=\/wp\/v2\/media\/7580"}],"wp:attachment":[{"href":"https:\/\/maisoeste.com.br\/index.php?rest_route=%2Fwp%2Fv2%2Fmedia&parent=7579"}],"wp:term":[{"taxonomy":"category","embeddable":true,"href":"https:\/\/maisoeste.com.br\/index.php?rest_route=%2Fwp%2Fv2%2Fcategories&post=7579"},{"taxonomy":"post_tag","embeddable":true,"href":"https:\/\/maisoeste.com.br\/index.php?rest_route=%2Fwp%2Fv2%2Ftags&post=7579"}],"curies":[{"name":"wp","href":"https:\/\/api.w.org\/{rel}","templated":true}]}}