{"id":7582,"date":"2025-09-03T07:55:06","date_gmt":"2025-09-03T10:55:06","guid":{"rendered":"https:\/\/maisoeste.com.br\/?p=7582"},"modified":"2025-09-03T07:55:08","modified_gmt":"2025-09-03T10:55:08","slug":"julgamento-moraes-diz-que-stf-nao-cedera-a-pressoes-e-gonet-traz-provas-da-trama-golpista","status":"publish","type":"post","link":"https:\/\/maisoeste.com.br\/?p=7582","title":{"rendered":"Julgamento: Moraes diz que STF n\u00e3o ceder\u00e1 a press\u00f5es e Gonet traz provas da trama golpista"},"content":{"rendered":"\n<p>O primeiro dia do\u00a0<strong>julgamento de Bolsonaro e outros sete r\u00e9us<\/strong>\u00a0pela trama golpista teve recado do ministro do Supremo Tribunal Federal (STF)\u00a0Alexandre de Moraes\u00a0(relator do processo), acusa\u00e7\u00e3o do procurador-geral da Rep\u00fablica,\u00a0Paulo Gonet, e defesa dos acusados.\u00a0<strong>A sess\u00e3o ser\u00e1 retomada nesta quarta-feira (3), \u00e0s 9h<\/strong>, com as defesas do ex-presidente e de tr\u00eas generais.<\/p>\n\n\n\n<ul class=\"wp-block-list\">\n<li>Moraes, o primeiro a falar, citou\u00a0<strong>press\u00f5es internas e externas<\/strong>\u00a0sobre a Corte, mas ressaltou que\u00a0o papel do Supremo \u00e9 julgar com imparcialidade\u00a0e independ\u00eancia.<\/li>\n\n\n\n<li>Gonet listou as provas da trama golpista, disse que n\u00e3o \u00e9 necess\u00e1ria uma assinatura para se configurar o crime de golpe de Estado e\u00a0<strong>pediu a condena\u00e7\u00e3o de todo o n\u00facleo crucial<\/strong>.<\/li>\n\n\n\n<li>Os advogados dos denunciados contestaram as acusa\u00e7\u00f5es.\u00a0A defesa do tenente-coronel Mauro Cid, ex-ajudante de ordens de Bolsonaro, refor\u00e7ou a validade da dela\u00e7\u00e3o premiada.<\/li>\n<\/ul>\n\n\n\n<h2 class=\"wp-block-heading\"><strong>Alexandre de Moraes, o relator<\/strong><\/h2>\n\n\n\n<p>Antes da leitura do relat\u00f3rio, Moraes saiu em defesa da independ\u00eancia da Corte e afirmou, sem citar diretamente fatos e nomes, que existe uma organiza\u00e7\u00e3o criminosa \u201ccovarde e trai\u00e7oeira\u201d que\u00a0atua no exterior contra a Justi\u00e7a brasileira.<\/p>\n\n\n\n<p>\u201cUma verdadeira organiza\u00e7\u00e3o criminosa que, de forma jamais vista anteriormente em nosso pa\u00eds, passou a agir de maneira covarde e trai\u00e7oeira com a finalidade de submeter o funcionamento da Corte ao crivo de outro Estado estrangeiro.\u201d<\/p>\n\n\n\n<p>Na sua fala, ele fez refer\u00eancia a outra a\u00e7\u00e3o, a pedido da PGR, que envolve o deputado Eduardo Bolsonaro (PL-SP), filho de\u00a0Jair Bolsonaro, por atuar nos EUA para promover medidas de retalia\u00e7\u00e3o contra o Brasil e ministros do Supremo.<\/p>\n\n\n\n<p>A soberania nacional, segundo ele,&nbsp;\u201cjamais ser\u00e1 vilipendiada, negociada ou extorquida\u201d.<\/p>\n\n\n\n<p>O ministro lembrou o hist\u00f3rico de tentativa de ruptura democr\u00e1tica no Brasil e disse que o Supremo \u201cs\u00f3 tem a lamentar\u201d uma nova tentativa de golpe de Estado, que tinha pretens\u00e3o de instalar uma verdadeira ditadura no pa\u00eds. \u201cA hist\u00f3ria nos ensina que a impunidade, a omiss\u00e3o e a covardia n\u00e3o s\u00e3o op\u00e7\u00f5es para a pacifica\u00e7\u00e3o [&#8230;]. A pacifica\u00e7\u00e3o do pa\u00eds, que \u00e9 o desejo de todos n\u00f3s, depende do respeito \u00e0 Constitui\u00e7\u00e3o, da aplica\u00e7\u00e3o das leis e do fortalecimento das institui\u00e7\u00f5es, n\u00e3o havendo possibilidade de se confundir a saud\u00e1vel e necess\u00e1ria pacifica\u00e7\u00e3o com a covardia do apaziguamento, que significa impunidade\u201d.<\/p>\n\n\n\n<p>O ministro tamb\u00e9m ressaltou a imparcialidade da Justi\u00e7a e afirmou que a a\u00e7\u00e3o penal seguiu o mesmo rito das outras 1.630 a\u00e7\u00f5es abertas referentes \u00e0 tentativa de golpe de estado do dia 8 de janeiro de 2023. \u201cExistindo provas, acima de qualquer d\u00favida razo\u00e1vel, as a\u00e7\u00f5es penais ser\u00e3o julgadas procedentes e os r\u00e9us condenados. Havendo prova da inoc\u00eancia ou mesmo qualquer d\u00favida razo\u00e1vel sobre a culpabilidade dos r\u00e9us, os r\u00e9us ser\u00e3o absolvidos. Assim se faz a Justi\u00e7a. Esse \u00e9 o papel do Supremo Tribunal Federal.\u201d<\/p>\n\n\n\n<p>O voto de Moraes e dos demais ministros ser\u00e3o lidos ap\u00f3s a manifesta\u00e7\u00e3o das defesas,&nbsp;o que deve acontecer nas sess\u00f5es da pr\u00f3xima semana.<\/p>\n\n\n\n<h2 class=\"wp-block-heading\"><strong>Paulo Gonet, o acusador<\/strong><\/h2>\n\n\n\n<p>O procurador-geral da Rep\u00fablica, Paulo Gonet, respons\u00e1vel pela acusa\u00e7\u00e3o da trama golpista, afirmou que n\u00e3o \u00e9 necess\u00e1ria uma assinatura para se configurar o crime de golpe de Estado: bastam as reuni\u00f5es de teor golpista.<\/p>\n\n\n\n<p>&#8220;Para que a tentativa se consolide, n\u00e3o \u00e9 indispens\u00e1vel que haja ordem assinada pelo presidente da Rep\u00fablica para ado\u00e7\u00e3o de medidas estranhas \u00e0 realidade funcional. A tentativa se revela na pr\u00e1tica de atos e de a\u00e7\u00f5es dedicadas ao prop\u00f3sito da ruptura das regras constitucionais sobre o exerc\u00edcio do poder, um apelo ao emprego da for\u00e7a bruta, real ou amea\u00e7ada\u201d.<\/p>\n\n\n\n<p>Ele relembrou os fatos nos quais se enquadram os cinco crimes a que Bolsonaro e os outros r\u00e9us da trama golpista respondem:<\/p>\n\n\n\n<ul class=\"wp-block-list\">\n<li>ataque \u00e0s urnas;<\/li>\n\n\n\n<li>amea\u00e7as ao Judici\u00e1rio;<\/li>\n\n\n\n<li>plano para matar Moraes, Lula e Alckmin;<\/li>\n\n\n\n<li>uso da Pol\u00edcia Rodovi\u00e1ria Federal (PRF) para barrar eleitores \u00e0s urnas no Nordeste;<\/li>\n\n\n\n<li>instrumentaliza\u00e7\u00e3o da Ag\u00eancia Brasileira de Intelig\u00eancia (Abin);<\/li>\n\n\n\n<li>reuni\u00f5es e planos golpistas: \u201cLula n\u00e3o sobe a rampa\u201d;<\/li>\n\n\n\n<li>acampamentos em frente aos quart\u00e9is;<\/li>\n\n\n\n<li>atos &#8220;t\u00edpicos de terrorismo\u201d: explos\u00e3o de um caminh\u00e3o com combust\u00edvel perto do aeroporto de Bras\u00edlia, e o inc\u00eandio de ve\u00edculos;<\/li>\n\n\n\n<li>os ataques aos tr\u00eas Poderes em 8 de janeiro: &#8220;momento culminante da balb\u00fardia urdida&#8221; e \u201catos espantosos e tenebrosos\u201d.<\/li>\n<\/ul>\n\n\n\n<p>Para Gonet, n\u00e3o punir a tentativa de golpe &#8220;recrudesce \u00edmpetos de autoritarismo&#8221; na sociedade e prejudica a vida civilizada.<\/p>\n\n\n\n<p>Ele disse que Bolsonaro n\u00e3o s\u00f3 seria o maior beneficiado pela trama golpista \u2014 caso tivesse dado certo \u2014 como tamb\u00e9m era o l\u00edder da organiza\u00e7\u00e3o criminosa que tentou subverter a democracia.<\/p>\n\n\n\n<p>&#8220;N\u00e3o \u00e9 preciso um esfor\u00e7o intelectual extraordin\u00e1rio para reconhecer que, quando o presidente da Rep\u00fablica e depois o ministro da Defesa convocam a c\u00fapula militar para apresentar documento de formaliza\u00e7\u00e3o de golpe de Estado, o processo criminoso j\u00e1 est\u00e1 em curso.\u201d<\/p>\n\n\n\n<p>Gonet afirmou ainda que a acusa\u00e7\u00e3o n\u00e3o se embasa em &#8220;suposi\u00e7\u00f5es fr\u00e1geis&#8221;, mas em documentos produzidos pelos pr\u00f3prios integrantes da organiza\u00e7\u00e3o criminosa. &#8220;N\u00e3o h\u00e1 como negar fatos praticados publicamente, planos aprendidos, di\u00e1logos documentados e bens p\u00fablicos deteriorados [&#8230;] Encontra-se materialmente aprovada a sequ\u00eancia de atos destinados a propiciar a ruptura da normalidade do processo sucess\u00f3rio&#8221;.<\/p>\n\n\n\n<p>Para o procurador-geral, as investiga\u00e7\u00f5es comprovaram a exist\u00eancia de um plano para tentar romper com a ordem democr\u00e1tica no pa\u00eds. &#8220;Ao fim do processo, resta certo que houve um combinado de atos orientados a consumar um golpe de Estado que desnaturaria o Estado Democr\u00e1tico de Direito num dos seus elementos, por respeito \u00e0 escolha livre dos cidad\u00e3os, do chefe do Executivo. Al\u00e9m disso, tentou-se o amesquinhamento do Poder Judici\u00e1rio com o impedimento do exerc\u00edcio regular das suas compet\u00eancias. A viol\u00eancia, al\u00e9m daquela conhecida pela ampla divulga\u00e7\u00e3o das vilanias do 8 de janeiro, foi objeto de amea\u00e7a constante.&#8221;<\/p>\n\n\n\n<p>Ele encerra a sua manifesta\u00e7\u00e3o&nbsp;<strong>pedindo a condena\u00e7\u00e3o de todo o n\u00facleo crucial do golpe<\/strong>.<\/p>\n\n\n\n<p>Fonte\/\/G1<\/p>\n","protected":false},"excerpt":{"rendered":"<p>O primeiro dia do\u00a0julgamento de Bolsonaro e outros sete r\u00e9us\u00a0pela trama golpista teve recado do ministro do Supremo Tribunal Federal (STF)\u00a0Alexandre de Moraes\u00a0(relator do processo), acusa\u00e7\u00e3o do procurador-geral da Rep\u00fablica,\u00a0Paulo Gonet, e defesa dos acusados.\u00a0A sess\u00e3o ser\u00e1 retomada nesta quarta-feira (3), \u00e0s 9h, com as defesas do ex-presidente e de tr\u00eas generais. Alexandre de Moraes, [&hellip;]<\/p>\n","protected":false},"author":1,"featured_media":7583,"comment_status":"open","ping_status":"closed","sticky":false,"template":"","format":"standard","meta":{"site-sidebar-layout":"default","site-content-layout":"","ast-site-content-layout":"default","site-content-style":"default","site-sidebar-style":"default","ast-global-header-display":"","ast-banner-title-visibility":"","ast-main-header-display":"","ast-hfb-above-header-display":"","ast-hfb-below-header-display":"","ast-hfb-mobile-header-display":"","site-post-title":"","ast-breadcrumbs-content":"","ast-featured-img":"","footer-sml-layout":"","theme-transparent-header-meta":"","adv-header-id-meta":"","stick-header-meta":"","header-above-stick-meta":"","header-main-stick-meta":"","header-below-stick-meta":"","astra-migrate-meta-layouts":"set","ast-page-background-enabled":"default","ast-page-background-meta":{"desktop":{"background-color":"var(--ast-global-color-4)","background-image":"","background-repeat":"repeat","background-position":"center center","background-size":"auto","background-attachment":"scroll","background-type":"","background-media":"","overlay-type":"","overlay-color":"","overlay-opacity":"","overlay-gradient":""},"tablet":{"background-color":"","background-image":"","background-repeat":"repeat","background-position":"center center","background-size":"auto","background-attachment":"scroll","background-type":"","background-media":"","overlay-type":"","overlay-color":"","overlay-opacity":"","overlay-gradient":""},"mobile":{"background-color":"","background-image":"","background-repeat":"repeat","background-position":"center center","background-size":"auto","background-attachment":"scroll","background-type":"","background-media":"","overlay-type":"","overlay-color":"","overlay-opacity":"","overlay-gradient":""}},"ast-content-background-meta":{"desktop":{"background-color":"var(--ast-global-color-5)","background-image":"","background-repeat":"repeat","background-position":"center center","background-size":"auto","background-attachment":"scroll","background-type":"","background-media":"","overlay-type":"","overlay-color":"","overlay-opacity":"","overlay-gradient":""},"tablet":{"background-color":"var(--ast-global-color-5)","background-image":"","background-repeat":"repeat","background-position":"center center","background-size":"auto","background-attachment":"scroll","background-type":"","background-media":"","overlay-type":"","overlay-color":"","overlay-opacity":"","overlay-gradient":""},"mobile":{"background-color":"var(--ast-global-color-5)","background-image":"","background-repeat":"repeat","background-position":"center center","background-size":"auto","background-attachment":"scroll","background-type":"","background-media":"","overlay-type":"","overlay-color":"","overlay-opacity":"","overlay-gradient":""}},"footnotes":""},"categories":[4],"tags":[122],"class_list":["post-7582","post","type-post","status-publish","format-standard","has-post-thumbnail","hentry","category-brasil","tag-manchetes"],"_links":{"self":[{"href":"https:\/\/maisoeste.com.br\/index.php?rest_route=\/wp\/v2\/posts\/7582","targetHints":{"allow":["GET"]}}],"collection":[{"href":"https:\/\/maisoeste.com.br\/index.php?rest_route=\/wp\/v2\/posts"}],"about":[{"href":"https:\/\/maisoeste.com.br\/index.php?rest_route=\/wp\/v2\/types\/post"}],"author":[{"embeddable":true,"href":"https:\/\/maisoeste.com.br\/index.php?rest_route=\/wp\/v2\/users\/1"}],"replies":[{"embeddable":true,"href":"https:\/\/maisoeste.com.br\/index.php?rest_route=%2Fwp%2Fv2%2Fcomments&post=7582"}],"version-history":[{"count":1,"href":"https:\/\/maisoeste.com.br\/index.php?rest_route=\/wp\/v2\/posts\/7582\/revisions"}],"predecessor-version":[{"id":7584,"href":"https:\/\/maisoeste.com.br\/index.php?rest_route=\/wp\/v2\/posts\/7582\/revisions\/7584"}],"wp:featuredmedia":[{"embeddable":true,"href":"https:\/\/maisoeste.com.br\/index.php?rest_route=\/wp\/v2\/media\/7583"}],"wp:attachment":[{"href":"https:\/\/maisoeste.com.br\/index.php?rest_route=%2Fwp%2Fv2%2Fmedia&parent=7582"}],"wp:term":[{"taxonomy":"category","embeddable":true,"href":"https:\/\/maisoeste.com.br\/index.php?rest_route=%2Fwp%2Fv2%2Fcategories&post=7582"},{"taxonomy":"post_tag","embeddable":true,"href":"https:\/\/maisoeste.com.br\/index.php?rest_route=%2Fwp%2Fv2%2Ftags&post=7582"}],"curies":[{"name":"wp","href":"https:\/\/api.w.org\/{rel}","templated":true}]}}