{"id":846,"date":"2024-12-19T09:37:16","date_gmt":"2024-12-19T12:37:16","guid":{"rendered":"https:\/\/maisoeste.com.br\/?p=846"},"modified":"2024-12-19T11:31:06","modified_gmt":"2024-12-19T14:31:06","slug":"eleitos-e-eleitas-de-cuiaba-sao-diplomados-e-presidente-do-tre-mt-destaca-respeito-a-principios-republicanos-em-diplomacao","status":"publish","type":"post","link":"https:\/\/maisoeste.com.br\/?p=846","title":{"rendered":"Eleitos e eleitas de Cuiab\u00e1 s\u00e3o diplomados e presidente do TRE MT destaca respeito a princ\u00edpios republicanos em diploma\u00e7\u00e3o"},"content":{"rendered":"\n<p>Foram diplomados o prefeito eleito da capital, Abilio Jacques Brunini, a vice-prefeita eleita, Vania Garcia Rosa, e os 27 vereadores(as) eleitos(as)<\/p>\n\n\n\n<p>Considerado o ato formal de conclus\u00e3o dos trabalhos da Justi\u00e7a Eleitoral em um pleito, a diploma\u00e7\u00e3o de candidatos e candidatas eleitos nas Elei\u00e7\u00f5es de 2024 para o munic\u00edpio de Cuiab\u00e1 ocorreu nesta quarta-feira (18.12). A solenidade foi realizada no Teatro Zulmira Canavarros, localizado no anexo \u00e0 Assembleia Legislativa de Mato Grosso (ALMT), sob coordena\u00e7\u00e3o da 39\u00aa Zona Eleitoral, com o apoio do Tribunal Regional Eleitoral de Mato Grosso (TRE-MT).<\/p>\n\n\n\n<p>Foram diplomados na cerim\u00f4nia o prefeito eleito da capital, Abilio Jacques Brunini, a vice-prefeita eleita, Vania Garcia Rosa, e os 27 vereadores(as) eleitos(as) para o mandato 2025-2028.<\/p>\n\n\n\n<p>A presidente do Tribunal, desembargadora Maria Aparecida Ribeiro, destacou que o diploma simboliza a confian\u00e7a depositada em cada um dos eleitos e eleitas. \u201cConfian\u00e7a que deve ser honrada com trabalho incans\u00e1vel, respeito aos princ\u00edpios republicanos e comprometimento com a melhoria da qualidade de vida de cada cidad\u00e3o deste munic\u00edpio. Que cada decis\u00e3o tomada ao longo deste mandato seja um passo firme em dire\u00e7\u00e3o ao fortalecimento da democracia e ao desenvolvimento sustent\u00e1vel de Cuiab\u00e1\u201d. Ela ressaltou, ainda, o fato ter sido eleita uma vice-prefeita e oito mulheres vereadoras. \u201cRepresenta muito, pois reflete a responsabilidade e coragem de mulheres como n\u00f3s, que assumimos a presid\u00eancia e vice-presid\u00eancia do TRE, do TJMT, e que desempenhamos a fun\u00e7\u00e3o com muita efici\u00eancia e comprometimento\u201d.<\/p>\n\n\n\n<p>A presidente aproveitou para enaltecer os esfor\u00e7os empreendidos por toda a equipe da Justi\u00e7a Eleitoral de Mato Grosso ao longo do processo eleitoral. \u201cFoi um trabalho que mobilizou mais de 31 mil pessoas, entre membros do Tribunal, ju\u00edzes, promotores, servidores, colaboradores, mes\u00e1rios e \u00f3rg\u00e3os parceiros, garantindo que mais de dois milh\u00f5es de eleitores pudessem exercer seu direito ao voto em quase oito mil se\u00e7\u00f5es eleitorais espalhadas pelo estado\u201d. Ela frisou, ainda, as conquistas alcan\u00e7adas em acessibilidade, seguran\u00e7a e efici\u00eancia. \u201cTivemos um n\u00famero recorde de eleitores ind\u00edgenas participando do pleito \u2013 mais de 22 mil \u2013, al\u00e9m de mais de 14 mil eleitores com algum tipo de defici\u00eancia registrados. Contamos ainda com coordenadores de acessibilidade, uso in\u00e9dito de uma central de Interpreta\u00e7\u00e3o de Libras e coletes espec\u00edficos para identificar os profissionais aptos a atender pessoas com defici\u00eancia. Na \u00e1rea de seguran\u00e7a, agrade\u00e7o a integra\u00e7\u00e3o das for\u00e7as estaduais e federais que, em conjunto com o Gabinete de Gest\u00e3o Integrada, realizaram um trabalho impec\u00e1vel, incluindo o monitoramento de mais de sete mil c\u00e2meras em todo o estado. Gra\u00e7as ao empenho de todos, o TRE-MT n\u00e3o apenas realizou a apura\u00e7\u00e3o mais r\u00e1pida da hist\u00f3ria do estado, finalizando o segundo turno \u00e0s 17h16, mas tamb\u00e9m recebeu, do Conselho Nacional de Justi\u00e7a, o \u201cSelo Diamante\u201d de qualidade, com um \u00edndice de 96% de pontua\u00e7\u00e3o, sendo o \u00fanico tribunal de Mato Grosso a alcan\u00e7ar tal reconhecimento\u201d, acrescentou.<\/p>\n\n\n\n<p>A vice-presidente e corregedora regional eleitoral do TRE-MT, desembargadora Serly Marcondes Alves, disse que a diploma\u00e7\u00e3o \u00e9 a coroa\u00e7\u00e3o de todo o trabalho desenvolvido ao longo do \u00faltimo pleito. \u201cUm projeto que foi desenvolvido pela nossa presidente, com o meu apoio, e a participa\u00e7\u00e3o de ju\u00edzes-membros, servidores e colaboradores, garantindo que os candidatos chegassem nesse momento de serem diplomados, resultado de um processo transparente, correto e justo. A diploma\u00e7\u00e3o legitima as elei\u00e7\u00f5es e a democracia\u201d.<\/p>\n\n\n\n<p>A ju\u00edza da 39\u00aa Zona Eleitoral de Cuiab\u00e1, Suzana Guimar\u00e3es Ribeiro, salientou que a diploma\u00e7\u00e3o representa a confirma\u00e7\u00e3o dos resultados das urnas e a legitima\u00e7\u00e3o dos mandatos que se iniciam. \u201c\u00c9 um marco da transi\u00e7\u00e3o pac\u00edfica do poder. Al\u00e9m de celebrarmos a escolha leg\u00edtima dos representantes da popula\u00e7\u00e3o, marca o primoroso trabalho da presidente e da vice-presidente e corregedora, que conduziram o pleito at\u00e9 chegar a este momento, assim como os ju\u00edzes-membros, ju\u00edzes auxiliares, ju\u00edzes eleitorais, que compartilharam comigo a responsabilidade da realiza\u00e7\u00e3o das elei\u00e7\u00f5es. Tamb\u00e9m destaco o Minist\u00e9rio P\u00fablico Eleitoral, em nome da promotora da 39\u00aa Zona Eleitoral, Marcia Borges Silva Campos Furlan, e os servidores das Zonas Eleitorais e do Tribunal, que garantiram que os trabalhos transcorressem com a mais alta qualidade e tranquilidade. Como ouvidora da Mulher, destaco a representatividade feminina na escolha destas elei\u00e7\u00f5es, conquista que merece ser celebrada\u201d.<\/p>\n\n\n\n<p>Segundo o prefeito eleito diplomado, Abilio Brunini, seu compromisso com a popula\u00e7\u00e3o \u00e9 na busca de condi\u00e7\u00f5es melhores de vida. \u201cPrecisamos mudar a realidade das pessoas que pegam \u00f4nibus diariamente, daquelas que perdem suas vidas para as drogas, que moram nas ruas, mudar o rumo da sa\u00fade. Sou uma pessoa com defeitos e com opini\u00f5es divergentes, mas precisamos sentar para conversar e estou aberto a isso. Agrade\u00e7o ao TRE-MT e quero dizer que h\u00e1 tempos n\u00e3o via uma gest\u00e3o t\u00e3o competente e t\u00e3o \u00e1gil, que trouxe um resultado r\u00e1pido nas elei\u00e7\u00f5es\u201d, enfatizou.<\/p>\n\n\n\n<p>A vereadora mais votada de Cuiab\u00e1 (7.460 votos), Samantha Iris Belarmino Cristov\u00e3o, falou em nome dos demais eleitos e eleitas. \u201cEste \u00e9 o momento de reafirmar nosso compromisso com a harmonia entre os poderes. \u00c9 por meio dessa uni\u00e3o que seremos capazes de superar os desafios. Teremos debates, ideias divergentes, mas s\u00e3o essas diferen\u00e7as que ampliam nossa vis\u00e3o coletiva, acima de interesses individuais. Pela primeira vez, temos oito mulheres eleitas na C\u00e2mara de Cuiab\u00e1, o que reflete a import\u00e2ncia da representatividade feminina\u201d.<\/p>\n\n\n\n<p>A solenidade de diploma\u00e7\u00e3o em Cuiab\u00e1 foi realizada em linguagem simples, atendendo \u00e0 recomenda\u00e7\u00e3o do Conselho Nacional de Justi\u00e7a (CNJ). Tamb\u00e9m participaram da cerim\u00f4nia, entre outras autoridades, o deputado estadual Carlos Avalone, representando o presidente da ALMT, deputado estadual Jos\u00e9 Eduardo Botelho;&nbsp; a presidente do Tribunal de Justi\u00e7a de Mato Grosso (TJMT), desembargadora Clarice Claudino da Silva; a promotora de Justi\u00e7a, Lindinalva Correia, representando o procurador geral de Justi\u00e7a de Mato Grosso, Deosdete Cruz J\u00fanior; o presidente do Tribunal de Contas de Mato Grosso (TCE-MT), conselheiro S\u00e9rgio Ricardo de Almeida; o procurador regional eleitoral, Pedro Melo Pouchain Ribeiro; a promotora da 39\u00aa Zona Eleitoral, Marcia Borges Silva Campos Furlan; e o diretor tesoureiro da Ordem dos Advogados do Brasil \u2013 seccional Mato Grosso (OAB-MT), Helmut Fl\u00e1vio Preza Daltro, representando a presidente da OAB-MT, Gisela Alves Cardoso. Ainda pelo TRE-MT, participaram os ju\u00edzes-membros Ciro Jos\u00e9 de Andrade Arapiraca, Edson Dias Reis, Luis Ot\u00e1vio Pereira Marques, P\u00e9rsio Oliveira Landim e Welder Queiroz dos Santos; o juiz auxiliar da Presid\u00eancia, Aristeu Dias Batista Vilella; o diretor-geral, Mauro S\u00e9rgio Rodrigues Diogo; secret\u00e1rios; coordenadores; servidores e servidoras.<\/p>\n\n\n\n<p>Cabe destacar que a posse dos eleitos e eleitas dever\u00e1 ocorrer em janeiro de 2025, na C\u00e2mara Municipal de Cuiab\u00e1. Tamb\u00e9m vale ressaltar que vereadores e vereadoras suplentes poder\u00e3o obter os diplomas no&nbsp;<strong><a href=\"https:\/\/www.tre-mt.jus.br\/eleicoes\/outras-informacoes-e-servicos\/diplomanet\" rel=\"noreferrer noopener\" target=\"_blank\">site do TRE-MT<\/a><\/strong>.<\/p>\n\n\n\n<p>J\u00e1 as fotos da cerim\u00f4nia podem ser obtidas&nbsp;<strong><a href=\"https:\/\/www.flickr.com\/photos\/almatogrosso\/albums\/72177720322656631\" rel=\"noreferrer noopener\" target=\"_blank\">aqui<\/a><\/strong>.<\/p>\n\n\n\n<p>Jornalista: Nara Assis<\/p>\n\n\n\n<p>Foto: Ascom ALMT<\/p>\n\n\n\n<p>Fonte: ASCOM\/ALMT &#8211; TRE\/MT<\/p>\n","protected":false},"excerpt":{"rendered":"<p>Foram diplomados o prefeito eleito da capital, Abilio Jacques Brunini, a vice-prefeita eleita, Vania Garcia Rosa, e os 27 vereadores(as) eleitos(as) Considerado o ato formal de conclus\u00e3o dos trabalhos da Justi\u00e7a Eleitoral em um pleito, a diploma\u00e7\u00e3o de candidatos e candidatas eleitos nas Elei\u00e7\u00f5es de 2024 para o munic\u00edpio de Cuiab\u00e1 ocorreu nesta quarta-feira (18.12). [&hellip;]<\/p>\n","protected":false},"author":1,"featured_media":847,"comment_status":"open","ping_status":"closed","sticky":false,"template":"","format":"standard","meta":{"site-sidebar-layout":"default","site-content-layout":"","ast-site-content-layout":"default","site-content-style":"default","site-sidebar-style":"default","ast-global-header-display":"","ast-banner-title-visibility":"","ast-main-header-display":"","ast-hfb-above-header-display":"","ast-hfb-below-header-display":"","ast-hfb-mobile-header-display":"","site-post-title":"","ast-breadcrumbs-content":"","ast-featured-img":"","footer-sml-layout":"","theme-transparent-header-meta":"","adv-header-id-meta":"","stick-header-meta":"","header-above-stick-meta":"","header-main-stick-meta":"","header-below-stick-meta":"","astra-migrate-meta-layouts":"set","ast-page-background-enabled":"default","ast-page-background-meta":{"desktop":{"background-color":"var(--ast-global-color-4)","background-image":"","background-repeat":"repeat","background-position":"center center","background-size":"auto","background-attachment":"scroll","background-type":"","background-media":"","overlay-type":"","overlay-color":"","overlay-opacity":"","overlay-gradient":""},"tablet":{"background-color":"","background-image":"","background-repeat":"repeat","background-position":"center center","background-size":"auto","background-attachment":"scroll","background-type":"","background-media":"","overlay-type":"","overlay-color":"","overlay-opacity":"","overlay-gradient":""},"mobile":{"background-color":"","background-image":"","background-repeat":"repeat","background-position":"center center","background-size":"auto","background-attachment":"scroll","background-type":"","background-media":"","overlay-type":"","overlay-color":"","overlay-opacity":"","overlay-gradient":""}},"ast-content-background-meta":{"desktop":{"background-color":"var(--ast-global-color-5)","background-image":"","background-repeat":"repeat","background-position":"center center","background-size":"auto","background-attachment":"scroll","background-type":"","background-media":"","overlay-type":"","overlay-color":"","overlay-opacity":"","overlay-gradient":""},"tablet":{"background-color":"var(--ast-global-color-5)","background-image":"","background-repeat":"repeat","background-position":"center center","background-size":"auto","background-attachment":"scroll","background-type":"","background-media":"","overlay-type":"","overlay-color":"","overlay-opacity":"","overlay-gradient":""},"mobile":{"background-color":"var(--ast-global-color-5)","background-image":"","background-repeat":"repeat","background-position":"center center","background-size":"auto","background-attachment":"scroll","background-type":"","background-media":"","overlay-type":"","overlay-color":"","overlay-opacity":"","overlay-gradient":""}},"footnotes":""},"categories":[1],"tags":[],"class_list":["post-846","post","type-post","status-publish","format-standard","has-post-thumbnail","hentry","category-sem-categoria"],"_links":{"self":[{"href":"https:\/\/maisoeste.com.br\/index.php?rest_route=\/wp\/v2\/posts\/846","targetHints":{"allow":["GET"]}}],"collection":[{"href":"https:\/\/maisoeste.com.br\/index.php?rest_route=\/wp\/v2\/posts"}],"about":[{"href":"https:\/\/maisoeste.com.br\/index.php?rest_route=\/wp\/v2\/types\/post"}],"author":[{"embeddable":true,"href":"https:\/\/maisoeste.com.br\/index.php?rest_route=\/wp\/v2\/users\/1"}],"replies":[{"embeddable":true,"href":"https:\/\/maisoeste.com.br\/index.php?rest_route=%2Fwp%2Fv2%2Fcomments&post=846"}],"version-history":[{"count":1,"href":"https:\/\/maisoeste.com.br\/index.php?rest_route=\/wp\/v2\/posts\/846\/revisions"}],"predecessor-version":[{"id":848,"href":"https:\/\/maisoeste.com.br\/index.php?rest_route=\/wp\/v2\/posts\/846\/revisions\/848"}],"wp:featuredmedia":[{"embeddable":true,"href":"https:\/\/maisoeste.com.br\/index.php?rest_route=\/wp\/v2\/media\/847"}],"wp:attachment":[{"href":"https:\/\/maisoeste.com.br\/index.php?rest_route=%2Fwp%2Fv2%2Fmedia&parent=846"}],"wp:term":[{"taxonomy":"category","embeddable":true,"href":"https:\/\/maisoeste.com.br\/index.php?rest_route=%2Fwp%2Fv2%2Fcategories&post=846"},{"taxonomy":"post_tag","embeddable":true,"href":"https:\/\/maisoeste.com.br\/index.php?rest_route=%2Fwp%2Fv2%2Ftags&post=846"}],"curies":[{"name":"wp","href":"https:\/\/api.w.org\/{rel}","templated":true}]}}