{"id":849,"date":"2024-12-19T11:26:11","date_gmt":"2024-12-19T14:26:11","guid":{"rendered":"https:\/\/maisoeste.com.br\/?p=849"},"modified":"2024-12-19T11:26:12","modified_gmt":"2024-12-19T14:26:12","slug":"governo-de-mt-assina-financiamento-de-us-100-milhoes-com-banco-mundial-e-repasses-de-mais-de-r-110-milhoes-para-23-municipios","status":"publish","type":"post","link":"https:\/\/maisoeste.com.br\/?p=849","title":{"rendered":"Governo de MT assina financiamento de US$ 100 milh\u00f5es com Banco Mundial e repasses de mais de R$ 110 milh\u00f5es para 23 munic\u00edpios"},"content":{"rendered":"\n<p><strong>O objetivo do cr\u00e9dito internacional \u00e9 avan\u00e7ar nos indicadores da educa\u00e7\u00e3o, enquanto os repasses buscam garantir infraestrutura de creches e escolas<\/strong><\/p>\n\n\n\n<p>O governador Mauro Mendes assinou um contrato de financiamento de US$ 100 milh\u00f5es com o Banco Mundial (BIRD), na manh\u00e3 desta quarta-feira (18.12), para investimento no projeto &#8220;Aprendizagem em Foco MT&#8221; da Secretaria de Estado de Educa\u00e7\u00e3o (Seduc).<\/p>\n\n\n\n<p>Tamb\u00e9m foram assinados a formaliza\u00e7\u00e3o de repasses de R$ 20,9 milh\u00f5es para o t\u00e9rmino da constru\u00e7\u00e3o de 15 creches com obras inacabadas em 13 munic\u00edpios, al\u00e9m de 13 conv\u00eanios com outros 10 munic\u00edpios para constru\u00e7\u00e3o e reforma de escolas com investimentos de R$ 90,3 milh\u00f5es.<\/p>\n\n\n\n<p>O objetivo do projeto Aprendizagem em Foco MT&nbsp;\u00e9 melhorar as pr\u00e1ticas de ensino e de aprendizagem, modernizar ainda mais os ambientes escolares, al\u00e9m de fortalecer a compet\u00eancia digital dos professores nas 648 escolas da Rede Estadual de ensino.<\/p>\n\n\n\n<p>A iniciativa busca tamb\u00e9m potencializar um modelo educacional que n\u00e3o apenas integra educa\u00e7\u00e3o e tecnologia, mas tamb\u00e9m para assegurar que essa integra\u00e7\u00e3o aconte\u00e7a de forma equitativa e inclusiva em toda a Rede Estadual.<\/p>\n\n\n\n<p>O governador ressaltou que a parceria com o Banco Mundial vem para refor\u00e7ar pol\u00edticas educacionais j\u00e1 implementadas e que foram respons\u00e1veis por tirar o Estado da 22\u00aa posi\u00e7\u00e3o para a 8\u00aa no \u00cdndice de Desenvolvimento da Educa\u00e7\u00e3o B\u00e1sica (Ideb).<\/p>\n\n\n\n<p>\u201cA meta \u00e9 chegar entre as cinco redes p\u00fablicas mais bem avaliadas no pa\u00eds nos pr\u00f3ximos cinco anos. \u00c9 para isso que estamos trabalhando com parceiros como a Funda\u00e7\u00e3o Get\u00falio Vargas, com os profissionais da educa\u00e7\u00e3o, com planejamento e com investimentos consider\u00e1veis\u201d, afirmou.<\/p>\n\n\n\n<p>O secret\u00e1rio de Educa\u00e7\u00e3o, Alan Porto, destacou que US$ 53 milh\u00f5es dos cem milh\u00f5es ser\u00e3o investidos na constru\u00e7\u00e3o de escolas sustent\u00e1veis, US$ 21 milh\u00f5es ser\u00e3o direcionados para interven\u00e7\u00f5es pedag\u00f3gicas, US$ 20 milh\u00f5es para o aprimoramento da infraestrutura digital nas institui\u00e7\u00f5es de ensino participantes e US$ 6 milh\u00f5es para a gest\u00e3o e avalia\u00e7\u00e3o de projetos.<\/p>\n\n\n\n<p>\u201cSer\u00e1 um refor\u00e7o consider\u00e1vel para os 320 mil estudantes da rede. Dados das nossas plataformas digitais mostram que 94% deles est\u00e3o totalmente antenados com as tecnologias em sala de aula. Em 2022, crescemos 18,9%; no ano passado, o avan\u00e7o foi de 8,2% e, em novembro de 2024, demos um salto de 19% na aprendizagem dos nossos estudantes. A Seduc demonstra um compromisso proativo com a educa\u00e7\u00e3o, buscando estabelecer um modelo que possa servir de refer\u00eancia para outras regi\u00f5es do Brasil\u201d, destacou.<\/p>\n\n\n\n<p>O ex-ministro da Educa\u00e7\u00e3o e diretor de Desenvolvimento da Gest\u00e3o P\u00fablica e Pol\u00edticas Educacionais (DGPE) da Funda\u00e7\u00e3o Get\u00falio Vargas (FGV), Jos\u00e9 Henrique Paim Fernandes, avaliou que a educa\u00e7\u00e3o mato-grossense se torna refer\u00eancia nacional.<\/p>\n\n\n\n<p>\u201cA educa\u00e7\u00e3o p\u00fablica de Mato Grosso \u00e9 uma experi\u00eancia que tem sido refer\u00eancia nacional, desde o material did\u00e1tico, as tecnologias em sala de aula, as forma\u00e7\u00f5es, avalia\u00e7\u00e3o processual, organiza\u00e7\u00e3o da rede, ajustamento da sua pol\u00edtica de recursos humanos e uma gest\u00e3o voltada \u00e0 aprendizagem. Posso dizer que Mato Grosso fez a li\u00e7\u00e3o de casa\u201d, apontou.<\/p>\n\n\n\n<p>Os munic\u00edpios que receber\u00e3o os repasses para as reformas das escolas s\u00e3o&nbsp;Alto Taquari, Cl\u00e1udia, Col\u00edder, Itanhang\u00e1, Juara, Nova Brasil\u00e2ndia, Nova Monte Verde, Nova Mutum, Ponte Branca e Serra Nova Dourada. J\u00e1 os munic\u00edpios beneficiados em conv\u00eanios para o t\u00e9rmino das creches s\u00e3o&nbsp;Cotrigua\u00e7u, Marcel\u00e2ndia, Mirassol D&#8217;Oeste, Santo Ant\u00f4nio do Leverger, General Carneiro, Pocon\u00e9, Rondol\u00e2ndia, Santa Terezinha, S\u00e3o Jos\u00e9 do Povo, C\u00e1ceres, Colniza, Porto Estrela e Primavera do Leste.<\/p>\n\n\n\n<p>O presidente da Assembleia Legislativa, deputado estadual Eduardo Botelho, apontou os esfor\u00e7os entre os Tr\u00eas Poderes estaduais para a assinatura dos repasses.<\/p>\n\n\n\n<p>\u201cFizemos um trabalho conjunto em defesa da educa\u00e7\u00e3o infantil e das crian\u00e7as como um todo. S\u00f3 em Cuiab\u00e1 temos cerca de 10 mil crian\u00e7as fora das creches e agora podemos diminuir essa defici\u00eancia\u201d, destacou.<\/p>\n\n\n\n<p>Tamb\u00e9m participaram da cerim\u00f4nia os deputados estaduais Beto Dois a Um, Paulo Ara\u00fajo, Dilmar Dal Bosco, o secret\u00e1rio-chefe da Casa Civil, Fabio Garcia e o presidente da Associa\u00e7\u00e3o Mato-Grossense dos Munic\u00edpios (AMM), Leo Bortolin, al\u00e9m de prefeitos dos munic\u00edpios que receber\u00e3o os recursos estaduais.<\/p>\n\n\n\n<p>Fonte: SEDUC\/MT<\/p>\n","protected":false},"excerpt":{"rendered":"<p>O objetivo do cr\u00e9dito internacional \u00e9 avan\u00e7ar nos indicadores da educa\u00e7\u00e3o, enquanto os repasses buscam garantir infraestrutura de creches e escolas O governador Mauro Mendes assinou um contrato de financiamento de US$ 100 milh\u00f5es com o Banco Mundial (BIRD), na manh\u00e3 desta quarta-feira (18.12), para investimento no projeto &#8220;Aprendizagem em Foco MT&#8221; da Secretaria de [&hellip;]<\/p>\n","protected":false},"author":1,"featured_media":850,"comment_status":"open","ping_status":"closed","sticky":false,"template":"","format":"standard","meta":{"site-sidebar-layout":"default","site-content-layout":"","ast-site-content-layout":"default","site-content-style":"default","site-sidebar-style":"default","ast-global-header-display":"","ast-banner-title-visibility":"","ast-main-header-display":"","ast-hfb-above-header-display":"","ast-hfb-below-header-display":"","ast-hfb-mobile-header-display":"","site-post-title":"","ast-breadcrumbs-content":"","ast-featured-img":"","footer-sml-layout":"","theme-transparent-header-meta":"","adv-header-id-meta":"","stick-header-meta":"","header-above-stick-meta":"","header-main-stick-meta":"","header-below-stick-meta":"","astra-migrate-meta-layouts":"set","ast-page-background-enabled":"default","ast-page-background-meta":{"desktop":{"background-color":"var(--ast-global-color-4)","background-image":"","background-repeat":"repeat","background-position":"center center","background-size":"auto","background-attachment":"scroll","background-type":"","background-media":"","overlay-type":"","overlay-color":"","overlay-opacity":"","overlay-gradient":""},"tablet":{"background-color":"","background-image":"","background-repeat":"repeat","background-position":"center center","background-size":"auto","background-attachment":"scroll","background-type":"","background-media":"","overlay-type":"","overlay-color":"","overlay-opacity":"","overlay-gradient":""},"mobile":{"background-color":"","background-image":"","background-repeat":"repeat","background-position":"center center","background-size":"auto","background-attachment":"scroll","background-type":"","background-media":"","overlay-type":"","overlay-color":"","overlay-opacity":"","overlay-gradient":""}},"ast-content-background-meta":{"desktop":{"background-color":"var(--ast-global-color-5)","background-image":"","background-repeat":"repeat","background-position":"center center","background-size":"auto","background-attachment":"scroll","background-type":"","background-media":"","overlay-type":"","overlay-color":"","overlay-opacity":"","overlay-gradient":""},"tablet":{"background-color":"var(--ast-global-color-5)","background-image":"","background-repeat":"repeat","background-position":"center center","background-size":"auto","background-attachment":"scroll","background-type":"","background-media":"","overlay-type":"","overlay-color":"","overlay-opacity":"","overlay-gradient":""},"mobile":{"background-color":"var(--ast-global-color-5)","background-image":"","background-repeat":"repeat","background-position":"center center","background-size":"auto","background-attachment":"scroll","background-type":"","background-media":"","overlay-type":"","overlay-color":"","overlay-opacity":"","overlay-gradient":""}},"footnotes":""},"categories":[1],"tags":[],"class_list":["post-849","post","type-post","status-publish","format-standard","has-post-thumbnail","hentry","category-sem-categoria"],"_links":{"self":[{"href":"https:\/\/maisoeste.com.br\/index.php?rest_route=\/wp\/v2\/posts\/849","targetHints":{"allow":["GET"]}}],"collection":[{"href":"https:\/\/maisoeste.com.br\/index.php?rest_route=\/wp\/v2\/posts"}],"about":[{"href":"https:\/\/maisoeste.com.br\/index.php?rest_route=\/wp\/v2\/types\/post"}],"author":[{"embeddable":true,"href":"https:\/\/maisoeste.com.br\/index.php?rest_route=\/wp\/v2\/users\/1"}],"replies":[{"embeddable":true,"href":"https:\/\/maisoeste.com.br\/index.php?rest_route=%2Fwp%2Fv2%2Fcomments&post=849"}],"version-history":[{"count":1,"href":"https:\/\/maisoeste.com.br\/index.php?rest_route=\/wp\/v2\/posts\/849\/revisions"}],"predecessor-version":[{"id":852,"href":"https:\/\/maisoeste.com.br\/index.php?rest_route=\/wp\/v2\/posts\/849\/revisions\/852"}],"wp:featuredmedia":[{"embeddable":true,"href":"https:\/\/maisoeste.com.br\/index.php?rest_route=\/wp\/v2\/media\/850"}],"wp:attachment":[{"href":"https:\/\/maisoeste.com.br\/index.php?rest_route=%2Fwp%2Fv2%2Fmedia&parent=849"}],"wp:term":[{"taxonomy":"category","embeddable":true,"href":"https:\/\/maisoeste.com.br\/index.php?rest_route=%2Fwp%2Fv2%2Fcategories&post=849"},{"taxonomy":"post_tag","embeddable":true,"href":"https:\/\/maisoeste.com.br\/index.php?rest_route=%2Fwp%2Fv2%2Ftags&post=849"}],"curies":[{"name":"wp","href":"https:\/\/api.w.org\/{rel}","templated":true}]}}