{"id":858,"date":"2024-12-20T09:35:17","date_gmt":"2024-12-20T12:35:17","guid":{"rendered":"https:\/\/maisoeste.com.br\/?p=858"},"modified":"2024-12-20T09:36:40","modified_gmt":"2024-12-20T12:36:40","slug":"solenidade-de-posse-dos-vereadores-eleitos-e-eleitas-sera-realizado-no-dia-1o-de-janeiro-na-camara-municipal","status":"publish","type":"post","link":"https:\/\/maisoeste.com.br\/?p=858","title":{"rendered":"Solenidade de posse dos vereadores eleitos e eleitas ser\u00e1 realizado no dia 1\u00ba de janeiro na C\u00e2mara Municipal"},"content":{"rendered":"\n<p>O\u00a0 prefeito de Cuiab\u00e1, Abilio Brunini (PL), e a vice-prefeita, Coronel V\u00e2nia (Novo), eleitos em 2024, juntamente com os 27 vereadores (a), tomam posse no dia 1\u00ba de janeiro (quarta-feira), em cerim\u00f4nia de<strong> sess\u00e3o solene de posse, que ter\u00e1 in\u00edcio \u00e0s 9h, na C\u00e2mara Municipal de Cuiab\u00e1.<\/strong><\/p>\n\n\n\n<p><strong>PR\u00c9VIA DO ROTEIRO:<\/strong><\/p>\n\n\n\n<p>\u2022 9h: Posse dos vereadores<\/p>\n\n\n\n<p>\u2022 11h: Elei\u00e7\u00e3o da mesa diretora<\/p>\n\n\n\n<p>\u2022 13h: Posse do Prefeito \/ Posse da Vice-Prefeita.<\/p>\n\n\n\n<p><strong>TOMAM POSSE:<\/strong><\/p>\n\n\n\n<p>Prefeito \u2013 Ab\u00edlio Brunini<\/p>\n\n\n\n<p>Vice-prefeita \u2013 Coronel V\u00e2nia<\/p>\n\n\n\n<p><strong>Vereadores (a):<\/strong><\/p>\n\n\n\n<p>1. Samantha Iris (PL)<\/p>\n\n\n\n<p>2. Maysa Le\u00e3o (Republicanos)<\/p>\n\n\n\n<p>3. Alex Rodrigues (PV)<\/p>\n\n\n\n<p>4. Paula Calil (PL)<\/p>\n\n\n\n<p>5. Cezinha Nascimento (Uni\u00e3o)<\/p>\n\n\n\n<p>6. Ilde Taques (PSB)<\/p>\n\n\n\n<p>7. Michellly Alencar (Uni\u00e3o)<\/p>\n\n\n\n<p>8. Maria Avalone (PSDB)<\/p>\n\n\n\n<p>9. Marcrean Santos (MDB)<\/p>\n\n\n\n<p>10. T. Coronel Dias (Cidadania)<\/p>\n\n\n\n<p>11. Dra. Mara (Pode)<\/p>\n\n\n\n<p>12. Adevair Cabral (Solidariedade)<\/p>\n\n\n\n<p>13. Dilem\u00e1rio Alencar (Uni\u00e3o)<\/p>\n\n\n\n<p>14. Policial Federal Rafael Ranalli (PL)<\/p>\n\n\n\n<p>15. Eduardo Magalh\u00e3es (Republicanos)<\/p>\n\n\n\n<p>16. Kassio Coelho (Pode)<\/p>\n\n\n\n<p>17. Demilson Nogueira (PP)<\/p>\n\n\n\n<p>18. D\u00eddimo Vov\u00f4 (PSB)<\/p>\n\n\n\n<p>19. Chico 2000 (PL)<\/p>\n\n\n\n<p>20. Sargento Joelson (PSB)<\/p>\n\n\n\n<p>21. Baixinha Giraldelli (Solidariedade)<\/p>\n\n\n\n<p>22. Katiuscia (PSB)<\/p>\n\n\n\n<p>23. Mario Nadaf (PV)<\/p>\n\n\n\n<p>24. Marcus Brito Jr (PV)<\/p>\n\n\n\n<p>25. Daniel Monteiro (Republicanos)<\/p>\n\n\n\n<p>26. Jefferson Siqueira (PSD)<\/p>\n\n\n\n<p>27. Wilson Kero Kero (PMB)<\/p>\n\n\n\n<p>Fonte: SECOM\/C\u00c2MARA MUNICIPAL DE CUIAB\u00c1<\/p>\n","protected":false},"excerpt":{"rendered":"<p>O\u00a0 prefeito de Cuiab\u00e1, Abilio Brunini (PL), e a vice-prefeita, Coronel V\u00e2nia (Novo), eleitos em 2024, juntamente com os 27 vereadores (a), tomam posse no dia 1\u00ba de janeiro (quarta-feira), em cerim\u00f4nia de sess\u00e3o solene de posse, que ter\u00e1 in\u00edcio \u00e0s 9h, na C\u00e2mara Municipal de Cuiab\u00e1. PR\u00c9VIA DO ROTEIRO: \u2022 9h: Posse dos vereadores [&hellip;]<\/p>\n","protected":false},"author":1,"featured_media":859,"comment_status":"open","ping_status":"closed","sticky":false,"template":"","format":"standard","meta":{"site-sidebar-layout":"default","site-content-layout":"","ast-site-content-layout":"default","site-content-style":"default","site-sidebar-style":"default","ast-global-header-display":"","ast-banner-title-visibility":"","ast-main-header-display":"","ast-hfb-above-header-display":"","ast-hfb-below-header-display":"","ast-hfb-mobile-header-display":"","site-post-title":"","ast-breadcrumbs-content":"","ast-featured-img":"","footer-sml-layout":"","theme-transparent-header-meta":"","adv-header-id-meta":"","stick-header-meta":"","header-above-stick-meta":"","header-main-stick-meta":"","header-below-stick-meta":"","astra-migrate-meta-layouts":"set","ast-page-background-enabled":"default","ast-page-background-meta":{"desktop":{"background-color":"var(--ast-global-color-4)","background-image":"","background-repeat":"repeat","background-position":"center center","background-size":"auto","background-attachment":"scroll","background-type":"","background-media":"","overlay-type":"","overlay-color":"","overlay-opacity":"","overlay-gradient":""},"tablet":{"background-color":"","background-image":"","background-repeat":"repeat","background-position":"center center","background-size":"auto","background-attachment":"scroll","background-type":"","background-media":"","overlay-type":"","overlay-color":"","overlay-opacity":"","overlay-gradient":""},"mobile":{"background-color":"","background-image":"","background-repeat":"repeat","background-position":"center center","background-size":"auto","background-attachment":"scroll","background-type":"","background-media":"","overlay-type":"","overlay-color":"","overlay-opacity":"","overlay-gradient":""}},"ast-content-background-meta":{"desktop":{"background-color":"var(--ast-global-color-5)","background-image":"","background-repeat":"repeat","background-position":"center center","background-size":"auto","background-attachment":"scroll","background-type":"","background-media":"","overlay-type":"","overlay-color":"","overlay-opacity":"","overlay-gradient":""},"tablet":{"background-color":"var(--ast-global-color-5)","background-image":"","background-repeat":"repeat","background-position":"center center","background-size":"auto","background-attachment":"scroll","background-type":"","background-media":"","overlay-type":"","overlay-color":"","overlay-opacity":"","overlay-gradient":""},"mobile":{"background-color":"var(--ast-global-color-5)","background-image":"","background-repeat":"repeat","background-position":"center center","background-size":"auto","background-attachment":"scroll","background-type":"","background-media":"","overlay-type":"","overlay-color":"","overlay-opacity":"","overlay-gradient":""}},"footnotes":""},"categories":[1],"tags":[],"class_list":["post-858","post","type-post","status-publish","format-standard","has-post-thumbnail","hentry","category-sem-categoria"],"_links":{"self":[{"href":"https:\/\/maisoeste.com.br\/index.php?rest_route=\/wp\/v2\/posts\/858","targetHints":{"allow":["GET"]}}],"collection":[{"href":"https:\/\/maisoeste.com.br\/index.php?rest_route=\/wp\/v2\/posts"}],"about":[{"href":"https:\/\/maisoeste.com.br\/index.php?rest_route=\/wp\/v2\/types\/post"}],"author":[{"embeddable":true,"href":"https:\/\/maisoeste.com.br\/index.php?rest_route=\/wp\/v2\/users\/1"}],"replies":[{"embeddable":true,"href":"https:\/\/maisoeste.com.br\/index.php?rest_route=%2Fwp%2Fv2%2Fcomments&post=858"}],"version-history":[{"count":1,"href":"https:\/\/maisoeste.com.br\/index.php?rest_route=\/wp\/v2\/posts\/858\/revisions"}],"predecessor-version":[{"id":860,"href":"https:\/\/maisoeste.com.br\/index.php?rest_route=\/wp\/v2\/posts\/858\/revisions\/860"}],"wp:featuredmedia":[{"embeddable":true,"href":"https:\/\/maisoeste.com.br\/index.php?rest_route=\/wp\/v2\/media\/859"}],"wp:attachment":[{"href":"https:\/\/maisoeste.com.br\/index.php?rest_route=%2Fwp%2Fv2%2Fmedia&parent=858"}],"wp:term":[{"taxonomy":"category","embeddable":true,"href":"https:\/\/maisoeste.com.br\/index.php?rest_route=%2Fwp%2Fv2%2Fcategories&post=858"},{"taxonomy":"post_tag","embeddable":true,"href":"https:\/\/maisoeste.com.br\/index.php?rest_route=%2Fwp%2Fv2%2Ftags&post=858"}],"curies":[{"name":"wp","href":"https:\/\/api.w.org\/{rel}","templated":true}]}}