{"id":862,"date":"2024-12-20T09:43:11","date_gmt":"2024-12-20T12:43:11","guid":{"rendered":"https:\/\/maisoeste.com.br\/?p=862"},"modified":"2024-12-20T09:43:12","modified_gmt":"2024-12-20T12:43:12","slug":"seduc-publica-edital-para-selecao-de-estudantes-que-participarao-do-programa-de-intercambio-mt-no-mundo-em-2025","status":"publish","type":"post","link":"https:\/\/maisoeste.com.br\/?p=862","title":{"rendered":"Seduc publica edital para sele\u00e7\u00e3o de estudantes que participar\u00e3o do Programa de Interc\u00e2mbio MT no Mundo em 2025"},"content":{"rendered":"\n<p><em><strong>Cem estudantes da rede estadual far\u00e3o o curso de imers\u00e3o em l\u00edngua inglesa por tr\u00eas semanas com todas as despesas pagas pelo Estado<\/strong><\/em><\/p>\n\n\n\n<p>A Secretaria de Educa\u00e7\u00e3o de Mato Grosso (Seduc-MT) publicou, nesta quinta-feira (19.12), o edital para sele\u00e7\u00e3o dos 100 estudantes da rede p\u00fablica estadual que participar\u00e3o da 3\u00aa edi\u00e7\u00e3o do Programa de Interc\u00e2mbio MT no Mundo, que ocorrer\u00e1 em 2025, com todas as despesas pagas pelo Governo do Estado.&nbsp;<\/p>\n\n\n\n<p>Com dura\u00e7\u00e3o de tr\u00eas semanas em um pa\u00eds de l\u00edngua inglesa, o programa come\u00e7ou em 2023 e, com essa nova edi\u00e7\u00e3o, chega a um investimento de mais de R$ 16 milh\u00f5es.&nbsp; O programa faz parte da Pol\u00edtica Educacional de L\u00ednguas Estrangeiras da Seduc, uma das 30 pol\u00edticas que comp\u00f5em o Plano Educa\u00e7\u00e3o 10 Anos, que busca posicionar a rede estadual entre as cinco mais bem avaliadas do pa\u00eds at\u00e9 2032.<\/p>\n\n\n\n<p>O secret\u00e1rio de Estado de Educa\u00e7\u00e3o, Alan Porto, observa que todos os estudantes que estiveram regularmente matriculados no 9\u00ba ano do Ensino Fundamental ao 3\u00ba ano do ensino m\u00e9dio no ano letivo de 2024 e que tenham sido regularmente matriculados no ano letivo de 2025 est\u00e3o automaticamente inscritos e concorrer\u00e3o \u00e0s vagas para o programa.<\/p>\n\n\n\n<p>\u201cO sucesso da edi\u00e7\u00e3o anterior e o aprimoramento do programa neste ano geram expectativas ainda mais otimistas para o futuro. A continuidade desse interc\u00e2mbio enriquecer\u00e1 ainda mais a forma\u00e7\u00e3o dos jovens estudantes e dos professores que participam do programa&#8221;, destaca o secret\u00e1rio.<\/p>\n\n\n\n<p>Para o grupo 1 ser\u00e3o selecionados 64 estudantes, obedecendo a disponibilidade de vagas por Diretoria Regional de Educa\u00e7\u00e3o (DRE) da qual o estudante fez parte no ano letivo de 2024, conforme o Anexo II do edital.&nbsp;<\/p>\n\n\n\n<p>J\u00e1 no grupo 2, ser\u00e3o selecionados os 36 primeiros colocados na avalia\u00e7\u00e3o de sa\u00edda de 2024, com a nota calculada em TRI (profici\u00eancia), obedecendo a disponibilidade de vagas por DRE. A nota ser\u00e1 composta pela somat\u00f3ria do Sistema Estruturado de Ensino e da Plataforma Letrus.<\/p>\n\n\n\n<p>Al\u00e9m do curso de General English com 30 aulas semanais de 40 minutos cada e material did\u00e1tico, ter\u00e3o teste de nivelamento de entrada e de sa\u00edda, certificado de conclus\u00e3o, cart\u00e3o de transporte p\u00fablico no pa\u00eds estrangeiro de destino no trajeto da acomoda\u00e7\u00e3o \u00e0 escola.<\/p>\n\n\n\n<p>O Estado tamb\u00e9m ir\u00e1 custear todas as despesas com a prepara\u00e7\u00e3o, emiss\u00e3o de documentos, viagem, translado, hospedagem, alimenta\u00e7\u00e3o, chip de celular com acesso \u00e0 internet, cart\u00e3o de transporte p\u00fablico no pa\u00eds estrangeiro, entre outros.<\/p>\n\n\n\n<p>\u201cOs estudantes que se enquadram no perfil do Interc\u00e2mbio MT no Mundo devem ler o edital na sua totalidade e ficar atentos aos prazos de todas as etapas\u201d, orienta Juliana Taborelli, l\u00edder da Pol\u00edtica de L\u00ednguas Estrangeiras da Seduc.<\/p>\n\n\n\n<p>Veja abaixo o edital.<\/p>\n\n\n\n<p><strong>Anexos<\/strong><\/p>\n\n\n\n<p><a href=\"https:\/\/www.secom.mt.gov.br\/documents\/8125245\/16806793\/INTERC%C3%82MBIO+ESTUDANTES-2025-diario_oficial_2024-12-19_completo-307-314.pdf\/a2dfcced-ed5e-ec85-2a2f-7ca10d0f4713?t=1734644027719\" target=\"_blank\" rel=\"noreferrer noopener\">INTERC\u00c2MBIO ESTUDANTES-2025-diario_oficial_2024-12-19_completo-307-314.pdf<\/a><\/p>\n\n\n\n<p>Fonte: SEDUC-MT &#8211; Rayane Alves\u00a0|\u00a0Seduc<\/p>\n\n\n\n<p><\/p>\n","protected":false},"excerpt":{"rendered":"<p>Cem estudantes da rede estadual far\u00e3o o curso de imers\u00e3o em l\u00edngua inglesa por tr\u00eas semanas com todas as despesas pagas pelo Estado A Secretaria de Educa\u00e7\u00e3o de Mato Grosso (Seduc-MT) publicou, nesta quinta-feira (19.12), o edital para sele\u00e7\u00e3o dos 100 estudantes da rede p\u00fablica estadual que participar\u00e3o da 3\u00aa edi\u00e7\u00e3o do Programa de Interc\u00e2mbio [&hellip;]<\/p>\n","protected":false},"author":1,"featured_media":863,"comment_status":"open","ping_status":"closed","sticky":false,"template":"","format":"standard","meta":{"site-sidebar-layout":"default","site-content-layout":"","ast-site-content-layout":"default","site-content-style":"default","site-sidebar-style":"default","ast-global-header-display":"","ast-banner-title-visibility":"","ast-main-header-display":"","ast-hfb-above-header-display":"","ast-hfb-below-header-display":"","ast-hfb-mobile-header-display":"","site-post-title":"","ast-breadcrumbs-content":"","ast-featured-img":"","footer-sml-layout":"","theme-transparent-header-meta":"","adv-header-id-meta":"","stick-header-meta":"","header-above-stick-meta":"","header-main-stick-meta":"","header-below-stick-meta":"","astra-migrate-meta-layouts":"set","ast-page-background-enabled":"default","ast-page-background-meta":{"desktop":{"background-color":"var(--ast-global-color-4)","background-image":"","background-repeat":"repeat","background-position":"center center","background-size":"auto","background-attachment":"scroll","background-type":"","background-media":"","overlay-type":"","overlay-color":"","overlay-opacity":"","overlay-gradient":""},"tablet":{"background-color":"","background-image":"","background-repeat":"repeat","background-position":"center center","background-size":"auto","background-attachment":"scroll","background-type":"","background-media":"","overlay-type":"","overlay-color":"","overlay-opacity":"","overlay-gradient":""},"mobile":{"background-color":"","background-image":"","background-repeat":"repeat","background-position":"center center","background-size":"auto","background-attachment":"scroll","background-type":"","background-media":"","overlay-type":"","overlay-color":"","overlay-opacity":"","overlay-gradient":""}},"ast-content-background-meta":{"desktop":{"background-color":"var(--ast-global-color-5)","background-image":"","background-repeat":"repeat","background-position":"center center","background-size":"auto","background-attachment":"scroll","background-type":"","background-media":"","overlay-type":"","overlay-color":"","overlay-opacity":"","overlay-gradient":""},"tablet":{"background-color":"var(--ast-global-color-5)","background-image":"","background-repeat":"repeat","background-position":"center center","background-size":"auto","background-attachment":"scroll","background-type":"","background-media":"","overlay-type":"","overlay-color":"","overlay-opacity":"","overlay-gradient":""},"mobile":{"background-color":"var(--ast-global-color-5)","background-image":"","background-repeat":"repeat","background-position":"center center","background-size":"auto","background-attachment":"scroll","background-type":"","background-media":"","overlay-type":"","overlay-color":"","overlay-opacity":"","overlay-gradient":""}},"footnotes":""},"categories":[1],"tags":[],"class_list":["post-862","post","type-post","status-publish","format-standard","has-post-thumbnail","hentry","category-sem-categoria"],"_links":{"self":[{"href":"https:\/\/maisoeste.com.br\/index.php?rest_route=\/wp\/v2\/posts\/862","targetHints":{"allow":["GET"]}}],"collection":[{"href":"https:\/\/maisoeste.com.br\/index.php?rest_route=\/wp\/v2\/posts"}],"about":[{"href":"https:\/\/maisoeste.com.br\/index.php?rest_route=\/wp\/v2\/types\/post"}],"author":[{"embeddable":true,"href":"https:\/\/maisoeste.com.br\/index.php?rest_route=\/wp\/v2\/users\/1"}],"replies":[{"embeddable":true,"href":"https:\/\/maisoeste.com.br\/index.php?rest_route=%2Fwp%2Fv2%2Fcomments&post=862"}],"version-history":[{"count":1,"href":"https:\/\/maisoeste.com.br\/index.php?rest_route=\/wp\/v2\/posts\/862\/revisions"}],"predecessor-version":[{"id":864,"href":"https:\/\/maisoeste.com.br\/index.php?rest_route=\/wp\/v2\/posts\/862\/revisions\/864"}],"wp:featuredmedia":[{"embeddable":true,"href":"https:\/\/maisoeste.com.br\/index.php?rest_route=\/wp\/v2\/media\/863"}],"wp:attachment":[{"href":"https:\/\/maisoeste.com.br\/index.php?rest_route=%2Fwp%2Fv2%2Fmedia&parent=862"}],"wp:term":[{"taxonomy":"category","embeddable":true,"href":"https:\/\/maisoeste.com.br\/index.php?rest_route=%2Fwp%2Fv2%2Fcategories&post=862"},{"taxonomy":"post_tag","embeddable":true,"href":"https:\/\/maisoeste.com.br\/index.php?rest_route=%2Fwp%2Fv2%2Ftags&post=862"}],"curies":[{"name":"wp","href":"https:\/\/api.w.org\/{rel}","templated":true}]}}